{"id":58747,"date":"2025-08-20T18:37:22","date_gmt":"2025-08-20T18:37:22","guid":{"rendered":"https:\/\/www.europesays.com\/it\/58747\/"},"modified":"2025-08-20T18:37:22","modified_gmt":"2025-08-20T18:37:22","slug":"chef-in-vacanza-sulle-auto-da-corsa-o-con-i-divi-di-hollywood-da-bottura-a-cannavacciuolo-ecco-che-cosa-hanno-fatto","status":"publish","type":"post","link":"https:\/\/www.europesays.com\/it\/58747\/","title":{"rendered":"Chef in vacanza: sulle auto da corsa o con i divi di Hollywood, da Bottura a Cannavacciuolo ecco che cosa hanno fatto"},"content":{"rendered":"<p>                      di\u00a0Martino Fiumi<\/p>\n<p class=\"summary-art is--brera-r is-mr-b-20 is-mr-t-20\">Che sia in montagna, in un hotel \u00abveg\u00bb,  in Sardegna o a un festival, anche gli chef riescono a concedersi un po&#8217; di vacanza<\/p>\n<p class=\"chapter-paragraph\">Nel mondo della ristorazione non sempre agosto corrisponde a un <b>periodo di vacanze.<\/b>\u00a0Anzi&#8230; Quando, infatti, molti altri sono in ferie, in sala e in cucina si lavora anche pi\u00f9 del previsto. C&#8217;\u00e8 chi, per\u00f2, \u00e8 riuscito a ritagliarsi qualche giorno di riposo. Ecco come stanno trascorrendo il mese alcuni nomi noti del mondo food, dagli chef agli influencer.<\/p>\n<p class=\"chapter-paragraph\"><b>Dove sono gli chef<\/b><br \/><b>Bruno Barbieri,\u00a0<\/b>cuoco, personaggio televisivo e imprenditore,\u00a0ha inaugurato la sua vacanza in Sardegna, qualche settimana fa, con un quesito social:\u00a0\u00abIndovinate dove sono?\u00bb, salvo poi dare la risposta il giorno dopo, con un costume rosa flash a bordo di un gommone. Stesso modo di staccare per\u00a0<b>Fabrizio Mellino<\/b>. Lo chef del tristellato \u00abQuattro Passi\u00bb di Nerano, in provincia di Napoli, per\u00f2, ha pubblicato solo un breve video su Instagram in cui si vede un&#8217;isola ripresa da un gommone in movimento. Null&#8217;altro.    &#13;<br \/>\n&#13;<br \/>\n&#13;<br \/>\n&#13;<br \/>\n&#13;<br \/>\n&#13;<br \/>\n&#13;<br \/>\n&#13;<br \/>\n&#13;<br \/>\n&#13;<br \/>\n&#13;<br \/>\n&#13;<br \/>\n&#13;<br \/>\n&#13;<br \/>\n&#13;<br \/>\n&#13;<br \/>\n&#13;<br \/>\n&#13;<br \/>\n&#13;<br \/>\n&#13;<br \/>\n&#13;<br \/>\n&#13;<br \/>\n&#13;<br \/>\n&#13;<br \/>\n&#13;<br \/>\n&#13;<br \/>\n&#13;<br \/>\n&#13;<br \/>\n&#13;<br \/>\n&#13;<br \/>\n&#13;<br \/>\n&#13;<br \/>\n&#13;<br \/>\n&#13;<br \/>\n&#13;<br \/>\n&#13;<br \/>\n&#13;<br \/>\n&#13;<br \/>\n&#13;<br \/>\n&#13;<br \/>\n&#13;<br \/>\n&#13;<br \/>\n&#13;<br \/>\n&#13;<br \/>\n&#13;<br \/>\n&#13;<br \/>\n&#13;<br \/>\n&#13;<br \/>\n&#13;<br \/>\n&#13;<br \/>\n&#13;<br \/>\n&#13;<br \/>\n&#13;\n<\/p>\n<p class=\"chapter-paragraph\"><b>Anthony Genovese, due stelle Michelin de \u00abIl pagliaccio, Roma,<\/b>\u00a0ha invece condiviso un video di tavole imbandite in Costa Azzurra insieme al food blogger <b>Marco Ricci <\/b>(@secondomemodaecucina). Ma anche durante le vacanze c&#8217;\u00e8 chi ha scelto di continuare a cucinare per amici e parenti, come<b> Massimo Bottura<\/b> e<b> Filippo La Mantia<\/b>. Lo chef emiliano dell&#8217;\u00abOsteria Francescana\u00bb ha ospitato un gruppo di attori e attrici presso \u00abCasa Maria Luigia\u00bb, antica <b>guesthouse del XVIII secolo\u00a0\u00abin cui ampliare il significato della parola ristorante\u00bb. Tra i vip personaggi di rilievo quali: Bradley Cooper, Anne Hathaway, Benedict Cumberbatch, Jeremy Strong, Gigi Hadid, Olivia Wilde, Zoe Saldana, Edward Norton.<\/b><br \/>L&#8217;oste e cuoco La Mantia ha, invece, trascorso Ferragosto nel viterbese a cucinare presso la \u00abTenuta di Paternostro\u00bb. C&#8217;\u00e8, poi, chi si \u00e8 dato alla musica:\u00a0<b>Sally Abe<\/b>, chef del \u00abThe Pem\u00bb di Londra era al Wilderness Festival, sottopalco ai concerti di Wet Leg e Supergrass. Il premio per l&#8217;originalit\u00e0 va, forse, ad\u00a0<b>Antonino Cannavacciulo &#8211;\u00a0<\/b>tre stelle Michelin al ristorante\u00a0\u00abVilla Crespi\u00bb di Orta san Giulio, Novara &#8211;\u00a0che, in un solo video sui social, ha ironizzato sul suo potenziale da pilota a bordo di una Subaru da rally, attirando anche i commenti del profilo della casa automobilistica: \u00abUn&#8217;icona alla guida di un&#8217;icona\u00bb.\u00a0<\/p>\n<p class=\"chapter-paragraph\"><b>Attori e food blogger<\/b><br \/>Tra chi ha lasciato il mare per la montagna c&#8217;\u00e8 anche <b>Luca Calvani<\/b>. Sulle\u00a0Alpi di Kitzb\u00fchel, l&#8217;attore e food blogger racconta di aver ricevuto come regalo di compleanno tre giorni di relax in alta quota. Simile la scelta della content creator digitale\u00a0<b>Annalisa Chessa<\/b> (@littleveganwitch), che ha passato dei giorni in un hotel montano con un menu plant-based e sostenibile. Al contrario, quella di <b>Marisa Passera<\/b> \u00e8 stata una partenza rapida, imprevista e senza tempo per decidere accuratamente la meta. Dove \u00e8 finita con tutta la sua allegria? In Sardegna.\u00a0<\/p>\n<p class=\"chapter-paragraph\"><b>Una birra vista mare<\/b><br \/>A godersi il mare italiano (e non solo), come ogni estate, ci sono anche tanti attori. Tra questi\u00a0<b>Minnie Driver<\/b>, che avr\u00e0 un ruolo nella prossima stagione di Emily in Paris. Grazie alle location della serie, ambientata anche a Roma e Venezia, l&#8217;attrice ha potuto concedersi dei giorni di pausa a Nerano.\u00a0\u00abLeggo, conto i pesci e bevo Peroni. \u00c8 il paradiso\u00bb, ha scritto in un post pubblicato sul suo profilo Instagram.<\/p>\n<p class=\"is-last-update\" datetime=\"2025-08-19T15:08:29+02:00\">20 agosto 2025<\/p>\n<p class=\"is-copyright\">\n            \u00a9 RIPRODUZIONE RISERVATA\n        <\/p>\n","protected":false},"excerpt":{"rendered":"di\u00a0Martino Fiumi Che sia in montagna, in un hotel \u00abveg\u00bb, in Sardegna o a un festival, anche gli&hellip;\n","protected":false},"author":3,"featured_media":58748,"comment_status":"","ping_status":"","sticky":false,"template":"","format":"standard","meta":{"footnotes":"","_share_on_mastodon":"0"},"categories":[1451],"tags":[47380,47381,47382,36946,47383,47384,2699,47385,637,23866,8650,47374,1621,1620,1483,47375,13253,14279,203,4631,19269,23867,47376,6139,24031,230,204,1537,90,89,33928,2050,47377,14274,47378,7270,2717,6148,1402,987,3954,1686,2369,47379,2100,2644,2392],"class_list":["post-58747","post","type-post","status-publish","format-standard","has-post-thumbnail","category-celebrita","tag-abe","tag-abe-chef","tag-abe-chef-the","tag-accuratamente","tag-accuratamente-meta","tag-accuratamente-meta-finita","tag-agosto","tag-agosto-corrisponde","tag-attori","tag-blogger","tag-bordo","tag-bottura","tag-celebrita","tag-celebrities","tag-chef","tag-concedersi","tag-cucinare","tag-cuoco","tag-entertainment","tag-festival","tag-food","tag-food-blogger","tag-gommone","tag-hotel","tag-icona","tag-instagram","tag-intrattenimento","tag-it","tag-italia","tag-italy","tag-mantia","tag-mare","tag-michelin","tag-montagna","tag-nerano","tag-presso","tag-profilo","tag-pubblicato","tag-ristorante","tag-roma","tag-sardegna","tag-social","tag-stelle","tag-stelle-michelin","tag-vacanza","tag-vacanze","tag-video"],"share_on_mastodon":{"url":"","error":""},"_links":{"self":[{"href":"https:\/\/www.europesays.com\/it\/wp-json\/wp\/v2\/posts\/58747","targetHints":{"allow":["GET"]}}],"collection":[{"href":"https:\/\/www.europesays.com\/it\/wp-json\/wp\/v2\/posts"}],"about":[{"href":"https:\/\/www.europesays.com\/it\/wp-json\/wp\/v2\/types\/post"}],"author":[{"embeddable":true,"href":"https:\/\/www.europesays.com\/it\/wp-json\/wp\/v2\/users\/3"}],"replies":[{"embeddable":true,"href":"https:\/\/www.europesays.com\/it\/wp-json\/wp\/v2\/comments?post=58747"}],"version-history":[{"count":0,"href":"https:\/\/www.europesays.com\/it\/wp-json\/wp\/v2\/posts\/58747\/revisions"}],"wp:featuredmedia":[{"embeddable":true,"href":"https:\/\/www.europesays.com\/it\/wp-json\/wp\/v2\/media\/58748"}],"wp:attachment":[{"href":"https:\/\/www.europesays.com\/it\/wp-json\/wp\/v2\/media?parent=58747"}],"wp:term":[{"taxonomy":"category","embeddable":true,"href":"https:\/\/www.europesays.com\/it\/wp-json\/wp\/v2\/categories?post=58747"},{"taxonomy":"post_tag","embeddable":true,"href":"https:\/\/www.europesays.com\/it\/wp-json\/wp\/v2\/tags?post=58747"}],"curies":[{"name":"wp","href":"https:\/\/api.w.org\/{rel}","templated":true}]}}