{"id":587522,"date":"2026-07-16T11:51:19","date_gmt":"2026-07-16T11:51:19","guid":{"rendered":"https:\/\/www.europesays.com\/it\/587522\/"},"modified":"2026-07-16T11:51:19","modified_gmt":"2026-07-16T11:51:19","slug":"galaxy-z-fold-8-e-fold-8-ultra-schede-tecniche-complete-prezzi-e-tutto-quello-che-ce-da-sapere","status":"publish","type":"post","link":"https:\/\/www.europesays.com\/it\/587522\/","title":{"rendered":"Galaxy Z Fold 8 e Fold 8 Ultra: schede tecniche complete, prezzi e tutto quello che c&#8217;\u00e8 da sapere"},"content":{"rendered":"<p>                <a href=\"https:\/\/www.smartworld.it\/author\/Nik0\/\" class=\"tw-leaf-info-box-cont\" rel=\"nofollow noopener\" target=\"_blank\"><\/p>\n<p>      <img decoding=\"async\" class=\"tw-image lazyload \" src=\"\/avatar\/Nik0.png\" width=\"100\" height=\"100\" alt=\"Nicola Ligas\" title=\"Nicola Ligas\" loading=\"lazy\"\/><br \/>\n                   <\/a><\/p>\n<p>    <a href=\"#\" data-social=\"fb\" data-event-action=\"Facebook\" class=\"tw-leaf-info-share-fb tw-leaf-info-social\"><\/p>\n<p>    <\/a><br \/>\n    <a href=\"#\" data-social=\"tw\" data-event-action=\"X\" class=\"tw-leaf-info-share-tw tw-leaf-info-social\"><\/p>\n<p>    <\/a>        <\/p>\n<p>                                                         <img loading=\"lazy\" decoding=\"async\" class=\"tw-image \" src=\"https:\/\/www.europesays.com\/it\/wp-content\/uploads\/2026\/07\/samsung-galaxy-final_880x495.jpg\" width=\"880\" height=\"495\" alt=\"Galaxy Z Fold 8 e Fold 8 Ultra: schede tecniche complete, prezzi e tutto quello che c'\u00e8 da sapere\" title=\"Samsung Galaxy final\"\/><\/p>\n<p><a href=\"https:\/\/profile.google.com\/cp\/Cg0vZy8xMXduXzFqdzJm\" target=\"_blank\" class=\"tw-google-discover\" rel=\"nofollow noopener\"><\/p>\n<p>        Segui Smartworld su Google<\/p>\n<p><\/a>        <\/p>\n<p>Manca meno di una settimana all&#8217;<a href=\"https:\/\/www.smartworld.it\/news\/samsung-unpacked-22-luglio-2026-data-ora-novita.html\" rel=\"nofollow noopener\" target=\"_blank\">Unpacked del 22 luglio<\/a> e le schede tecniche complete di <strong>Galaxy Z Fold 8<\/strong> e <strong>Galaxy Z Fold 8 Ultra<\/strong> sono gi\u00e0 tutte online, grazie a <a href=\"https:\/\/winfuture.de\/news,159995.html\" target=\"_blank\" rel=\"nofollow noopener\">WinFuture<\/a>. Non ci sono pi\u00f9 sorprese da aspettarsi sul fronte hardware: sappiamo tutto, dai display alle fotocamere, fino ai cicli di ricarica della batteria.<\/p>\n<p>I due modelli seguono <strong>strade diverse<\/strong> per la prima volta in modo cos\u00ec netto: il Fold 8 cambia formato e riduce le fotocamere, l&#8217;Ultra migliora risoluzione e sensore grandangolare. Vediamo cosa cambia davvero.<\/p>\n<p>Vuoi ascoltare il riassunto dell&#8217;articolo?<\/p>\n<p>\n\t\t\t\t\tGalaxy Z Fold 8: nuovo formato, meno fotocamere\n\t\t\t\t<\/p>\n<p>Il cambiamento pi\u00f9 evidente del Fold 8 base \u00e8 il <strong>formato del display interno<\/strong>: 7,6 pollici con risoluzione 2448 x 1848 pixel, un rapporto che si avvicina al <strong>4:3 dei vecchi televisori<\/strong>. In pratica, guardare video in 16:9 o 21:9 significher\u00e0 avere bande nere visibili su tutti i lati. Il display esterno da 5,5 pollici risolve invece a 1972 x 1248 pixel, pi\u00f9 largo rispetto ai Fold precedenti e quindi pi\u00f9 comodo da usare da chiuso.<\/p>\n<p>Entrambi i pannelli sono <strong>Dynamic AMOLED 2X a 120 Hz variabili<\/strong> e, novit\u00e0 importante, usano un <strong>substrato in titanio<\/strong> che dovrebbe rendere la piega centrale meno visibile.<\/p>\n<p> Samsung ci aveva gi\u00e0 anticipato questa direzione e <a href=\"https:\/\/www.smartworld.it\/news\/galaxy-z-fold-8-nuova-cerniera-piega-schermo.html\" rel=\"nofollow noopener\" target=\"_blank\">i leak precedenti sembravano confermarlo<\/a>.<\/p>\n<p>Sul fronte fotocamere, il Fold 8 <strong>perde il teleobiettivo<\/strong> rispetto al modello che diventa Ultra: restano solo due sensori da 50 megapixel (principale F\/1.8 e grandangolo F\/1.9) pi\u00f9 due selfie camera da 10 megapixel con F\/2.2. Una scelta che fa discutere, soprattutto considerando il <strong>prezzo di partenza da 1.999 euro<\/strong>.<\/p>\n<p>      <img decoding=\"async\" class=\"tw-image lazyload \" src=\"https:\/\/www.europesays.com\/it\/wp-content\/uploads\/2026\/07\/galaxy-z-fold-8---pistachio-1-_crop_resize.png\" width=\"880\" height=\"586\" alt=\"\" title=\"Galaxy Z Fold 8 - Pistachio (1)\" loading=\"lazy\"\/><\/p>\n<p>Sotto la scocca c&#8217;\u00e8 lo <strong>Snapdragon 8 Elite Gen 5 &#8220;for Galaxy&#8221;<\/strong> fino a 4,47 GHz, con 12 GB di RAM LPDDR5X e storage da 256 GB, 512 GB o 1 TB (quest&#8217;ultimo con 16 GB di RAM). La batteria \u00e8 da <strong>4.800 mAh con ricarica fino a 45W<\/strong>: secondo il database EPREL dell&#8217;UE, l&#8217;autonomia massima dichiarata \u00e8 di circa 49 ore. C&#8217;\u00e8 anche la <strong>ricarica wireless<\/strong>.<\/p>\n<p>Un dato che lascia <strong>perplessi<\/strong>: la batteria \u00e8 certificata per soli <strong>1.200 cicli di ricarica<\/strong>, meno di molti smartphone di fascia media, ma non trattandosi di informazioni ufficiali forse non vale nemmeno la pena arrovellarsi troppo su un dettaglio.<\/p>\n<p> Il peso \u00e8 di 201 grammi, e da aperto lo spessore scende a soli <strong>4,5 mm<\/strong> (escluso il modulo fotocamere). La certificazione, infine, \u00e8 <strong>IP48<\/strong>, ovvero non \u00e8 protetto dalla polvere sottile, ma pu\u00f2 addirittura essere immerso in acqua senza problemi.<\/p>\n<p>In pratica quello che abbiamo finora conosciuto come Galaxy Z Fold diventa un modello diverso, che va a <strong>competere direttamente<\/strong> col futuro pieghevole di Apple; il Fold 8 Ultra, che vedremo a breve, \u00e8 invece il <strong>successore diretto<\/strong> del Galaxy Fold 7 dello scorso anno.<\/p>\n<p>\n\t\t\t\t\tGalaxy Z Fold 8 Ultra: risoluzione in salto, grandangolo nuovo\n\t\t\t\t<\/p>\n<p>L&#8217;Ultra mantiene infatti lo <strong>stesso formato del Fold 7<\/strong> (display interno da 8 pollici in rapporto 3:2, esterno da 6,5 pollici) ma porta un aggiornamento display significativo: la risoluzione del pannello interno passa da 2184 x 1968 a <strong>2504 x 2256 pixel<\/strong>, un salto che dovrebbe tradursi in una nitidezza decisamente superiore. Anche qui il substrato \u00e8 in titanio per ridurre la piega.<\/p>\n<p>Il sistema fotocamere \u00e8 quello che ci si aspetta da un Ultra: <strong>sensore principale da 200 megapixel<\/strong> con OIS e F\/1.7, teleobiettivo 3x da 10 megapixel con F\/2.4, e ora un <strong>grandangolo completamente nuovo da 50 megapixel<\/strong> con F\/1.9.<\/p>\n<p> Il vecchio sensore da 12 megapixel con F\/2.4 era il punto debole della lineup e Samsung lo ha finalmente sostituito. Le selfie camera restano a 10 megapixel con F\/2.2.<\/p>\n<p>      <img decoding=\"async\" class=\"tw-image lazyload \" src=\"https:\/\/www.europesays.com\/it\/wp-content\/uploads\/2026\/07\/galaxy-z-fold-8-ultra_crop_resize.png\" width=\"880\" height=\"495\" alt=\"\" title=\"Galaxy Z Fold 8 Ultra\" loading=\"lazy\"\/><\/p>\n<p>La batteria cresce a <strong>5.000 mAh con ricarica fino a 45W<\/strong>, per un&#8217;autonomia dichiarata di circa 51 ore. Anche qui vale il limite dei <strong>1.200 cicli<\/strong>, identico al modello base. Lo spessore da aperto scende ulteriormente a <strong>4,1 mm<\/strong>, il peso sale di poco a 218 grammi nonostante la batteria pi\u00f9 capiente. Stesso chip <a href=\"https:\/\/www.smartworld.it\/news\/qualcomm-snapdragon-8-elite.html\" title=\"Snapdragon 8 Elite: tutte le novit\u00e0 del nuovo SoC con CPU Oryon\" rel=\"nofollow noopener\" target=\"_blank\">Snapdragon 8 Elite<\/a> Gen 5, stesse configurazioni di memoria. Il prezzo parte da <strong>2.199 euro<\/strong>.<\/p>\n<p>Entrambi i modelli arrivano in <strong>quattro colorazioni<\/strong>: Graphite, Cream, Lavender\/Violet Shadow e una variante verde (Pistachio per il Fold 8, Green Shadow per l&#8217;Ultra) disponibile solo online. Se volete un&#8217;idea visiva di come si presentano, <a href=\"https:\/\/www.smartworld.it\/news\/galaxy-z-fold-8-flip-8-foto-ufficiali-colori-esclusivi.html\" rel=\"nofollow noopener\" target=\"_blank\">le foto ufficiali dei colori esclusivi<\/a> sono gi\u00e0 disponibili.<\/p>\n<p>L&#8217;<strong>iPhone Ultra pieghevole<\/strong> \u00e8 atteso per settembre e il confronto sar\u00e0 inevitabile, anche se la nomenclatura scelta da Samsung \u00e8 opposta a quella di Apple, e questo potrebbe generare <strong>un po&#8217; di confusione<\/strong>.<\/p>\n<p> Il Fold 8 ha dalla sua la piega quasi invisibile e lo spessore record, ma dovr\u00e0 convincere chi gi\u00e0 possiede un Fold 7 che il salto vale davvero la pena. Ah no, ci siamo confusi: quello sar\u00e0 compito del Fold 8 Ultra!<\/p>\n","protected":false},"excerpt":{"rendered":"Segui Smartworld su Google Manca meno di una settimana all&#8217;Unpacked del 22 luglio e le schede tecniche complete&hellip;\n","protected":false},"author":3,"featured_media":587523,"comment_status":"","ping_status":"","sticky":false,"template":"","format":"standard","meta":{"footnotes":"","_share_on_mastodon":"0"},"categories":[173],"tags":[1537,90,89,32699,323840,323841,195,198,199,197,200,201,194,196],"class_list":["post-587522","post","type-post","status-publish","format-standard","has-post-thumbnail","category-scienza-e-tecnologia","tag-it","tag-italia","tag-italy","tag-samsung","tag-samsung-galaxy-z-fold-8","tag-samsung-galaxy-z-fold-8-ultra","tag-science","tag-science-and-technology","tag-scienceandtechnology","tag-scienza","tag-scienza-e-tecnologia","tag-scienzaetecnologia","tag-technology","tag-tecnologia"],"share_on_mastodon":{"url":"https:\/\/pubeurope.com\/@it\/116929514711322819","error":""},"_links":{"self":[{"href":"https:\/\/www.europesays.com\/it\/wp-json\/wp\/v2\/posts\/587522","targetHints":{"allow":["GET"]}}],"collection":[{"href":"https:\/\/www.europesays.com\/it\/wp-json\/wp\/v2\/posts"}],"about":[{"href":"https:\/\/www.europesays.com\/it\/wp-json\/wp\/v2\/types\/post"}],"author":[{"embeddable":true,"href":"https:\/\/www.europesays.com\/it\/wp-json\/wp\/v2\/users\/3"}],"replies":[{"embeddable":true,"href":"https:\/\/www.europesays.com\/it\/wp-json\/wp\/v2\/comments?post=587522"}],"version-history":[{"count":0,"href":"https:\/\/www.europesays.com\/it\/wp-json\/wp\/v2\/posts\/587522\/revisions"}],"wp:featuredmedia":[{"embeddable":true,"href":"https:\/\/www.europesays.com\/it\/wp-json\/wp\/v2\/media\/587523"}],"wp:attachment":[{"href":"https:\/\/www.europesays.com\/it\/wp-json\/wp\/v2\/media?parent=587522"}],"wp:term":[{"taxonomy":"category","embeddable":true,"href":"https:\/\/www.europesays.com\/it\/wp-json\/wp\/v2\/categories?post=587522"},{"taxonomy":"post_tag","embeddable":true,"href":"https:\/\/www.europesays.com\/it\/wp-json\/wp\/v2\/tags?post=587522"}],"curies":[{"name":"wp","href":"https:\/\/api.w.org\/{rel}","templated":true}]}}