{"id":587560,"date":"2026-07-16T12:20:19","date_gmt":"2026-07-16T12:20:19","guid":{"rendered":"https:\/\/www.europesays.com\/it\/587560\/"},"modified":"2026-07-16T12:20:19","modified_gmt":"2026-07-16T12:20:19","slug":"renault-rompe-il-mercato-captur-e-symbioz-full-hybrid-diventano-ancor-piu-economiche-news","status":"publish","type":"post","link":"https:\/\/www.europesays.com\/it\/587560\/","title":{"rendered":"Renault rompe il mercato: Captur e Symbioz Full Hybrid diventano ancor pi\u00f9 economiche &#8211; News"},"content":{"rendered":"<p>\n            Renault ha annunciato l&#8217;estensione della gamma E-Tech Series a due dei suoi modelli di punta\n        <\/p>\n<p>              16 luglio 2026<\/p>\n<p>L&#8217;obiettivo della casa della <a href=\"https:\/\/www.automoto.it\/news\/renault-5-elettrica-milltek-la-trasforma-arriva-il-kit-widebody-ispirato-alla-leggendaria-maxi-turbo.html\" rel=\"nofollow noopener\" target=\"_blank\"><strong>Losanga<\/strong><\/a> \u00e8 tanto semplice quanto <strong>ambizioso<\/strong>: rendere la tecnologia <strong>full<\/strong> <strong>hybrid<\/strong> accessibile a un pubblico sempre pi\u00f9 <strong>vasto<\/strong>, abbassando la soglia d&#8217;ingresso senza imporre alcun compromesso su qualit\u00e0, dotazioni e piacere di guida.<\/p>\n<p>La nuova <strong>offerta<\/strong> si articola su <strong>due<\/strong> veicoli profondamente <strong>complementari<\/strong>, capaci di coprire ogni esigenza degli automobilisti italiani. Da un <strong>lato<\/strong> troviamo la compattezza e la versatilit\u00e0 della <strong>Captur<\/strong>, da anni uno dei pilastri incontrastati nel combattutissimo segmento dei <strong>B-SUV<\/strong>. Dall&#8217;altro, per chi necessita di maggiore abitabilit\u00e0, c&#8217;\u00e8 la <strong>Symbioz<\/strong>, che interpreta alla perfezione i valori di modularit\u00e0, spazio e comfort pensati per i lunghi viaggi in famiglia.<\/p>\n<p>Entrambe le <strong>vetture<\/strong> condividono un&#8217;efficienza da record per la categoria e, secondo la casa francese,\u00a0questi modelli possono raggiungere i 1.000 chilometri con un solo pieno di carburante, registrando consumi irrisori che partono da <strong>4,4<\/strong> <strong>litri<\/strong> per <strong>100<\/strong> <strong>chilometri<\/strong> sulla <strong>Captur<\/strong> e scendono addirittura a <strong>4,3<\/strong> <strong>litri<\/strong> sulla pi\u00f9 generosa <strong>Symbioz<\/strong>.<\/p>\n<p>\u00a0<\/p>\n<p>                            <img decoding=\"async\" class=\"img-fluid \" loading=\"lazy\" data-zoomable=\"\" src=\"https:\/\/cdn-img.automoto.it\/images\/51314008\/2000x\/20260716-102838802-8380.jpg?quality=75&amp;format=webp&amp;width=800\" data-zoom-src=\"https:\/\/www.europesays.com\/it\/wp-content\/uploads\/2026\/07\/20260716-102838802-8380.jpg\" width=\"8000\" height=\"6888\" alt=\"Renault Symbioz Full Hybrid\"\/><\/p>\n<p>                    Renault Symbioz Full Hybrid<\/p>\n<p>            Listini d&#8217;assalto e una tinta in omaggio<\/p>\n<p>Il vero punto di forza di questa nuova offensiva commerciale risiede in un posizionamento di <strong>prezzo<\/strong> estremamente aggressivo, studiato appositamente per favorire le <strong>flotte<\/strong> <strong>aziendali<\/strong> e i <strong>clienti<\/strong> <strong>privati<\/strong>. I prezzi di listino della nuova gamma E-Tech Series partono ufficialmente da <strong>25.900<\/strong> <strong>euro<\/strong> per la <strong>Captur<\/strong> e da <strong>27.900<\/strong> euro per la <strong>Symbioz<\/strong>. Tuttavia, per il lancio sul mercato italiano, la casa francese ha predisposto un&#8217;offerta esclusiva che abbassa ulteriormente l&#8217;asticella, permettendo di portare a casa la <strong>Captur<\/strong> a partire da soli <strong>24.900<\/strong> <strong>euro<\/strong> e la sorella maggiore <strong>Symbioz<\/strong> da <strong>26.900<\/strong> <strong>euro<\/strong>.<\/p>\n<p>Per rendere la proposta ancora pi\u00f9 irrinunciabile e accrescere l&#8217;eleganza dei due modelli, Renault ha deciso di includere di serie su tutta la linea E-Tech Series la ricercata tinta metallizzata\u00a0<strong>Nero Etoil\u00e9<\/strong>. Una scelta di stile che si traduce immediatamente in un vantaggio economico reale quantificabile in ben 950 euro per l&#8217;acquirente.<\/p>\n<p>Scendendo nel dettaglio delle versioni, l&#8217;offerta \u00e8 declinata in modo da soddisfare ogni palato, partendo per entrambe le vetture dal concreto equipaggiamento d&#8217;ingresso denominato\u00a0<strong>evolution<\/strong>. Salendo di livello si incontra la pi\u00f9 tecnologica versione\u00a0<strong>techno<\/strong>, proposta a listino a <strong>27.900<\/strong> <strong>euro<\/strong> sulla <strong>Captur<\/strong> e <strong>30.400<\/strong> <strong>euro<\/strong> sulla <strong>Symbioz<\/strong>. Chi cerca un&#8217;estetica dal sapore corsaiolo pu\u00f2 invece puntare sulle varianti\u00a0<strong>esprit Alpine<\/strong>, offerte rispettivamente a <strong>29.900<\/strong> <strong>euro<\/strong> per il <strong>B<\/strong>&#8211;<strong>SUV<\/strong> e <strong>32.400<\/strong> <strong>euro<\/strong> per la crossover. Esclusivamente per la Symbioz \u00e8 inoltre previsto il lussuoso allestimento top di gamma\u00a0<strong>iconic<\/strong>, prezzato a <strong>33.400<\/strong> <strong>euro<\/strong>. Tutti i modelli di questa nuova linea sono gi\u00e0 ufficialmente ordinabili presso la rete di concessionarie del marchio.<\/p>\n<p>                            <img decoding=\"async\" class=\"img-fluid \" loading=\"lazy\" data-zoomable=\"\" src=\"https:\/\/cdn-img.automoto.it\/images\/51314016\/2000x\/20260714-125732072-5264.webp?quality=75&amp;format=webp&amp;width=800\" data-zoom-src=\"https:\/\/www.europesays.com\/it\/wp-content\/uploads\/2026\/07\/1784204419_376_20260714-125732072-5264.webp\" width=\"3840\" height=\"2160\" alt=\"Il powertrain Full Hybrid del Gruppo Renault\"\/><\/p>\n<p>                    Il powertrain Full Hybrid del Gruppo Renault<\/p>\n<p>            Direttamente dalla Formula 1: il segreto dei 160 cavalli<\/p>\n<p>Sotto il cofano di queste nuove E-Tech Series batte un concentrato di ingegneria sviluppato dal team di <strong>Horse<\/strong> <strong>Powertrain<\/strong>, capace di erogare ben <strong>160<\/strong> <strong>cavalli<\/strong> di potenza complessiva. Il sistema unisce un <strong>motore<\/strong> <strong>termico<\/strong> a <strong>quattro<\/strong> <strong>cilindri<\/strong> da <strong>1,8 litri a iniezione diretta<\/strong> (funzionante secondo il ciclo Atkinson) con ben <strong>due<\/strong> <strong>motori<\/strong> <strong>elettrici<\/strong>, alimentati da una batteria da <strong>1,4<\/strong> <strong>kWh<\/strong> dotata di un inedito sistema di raffreddamento integrato.<\/p>\n<p>Il vero gioiello di questa motorizzazione, derivata direttamente dall&#8217;esperienza di Renault sui circuiti di <strong>Formula<\/strong> <strong>1<\/strong>, \u00e8 per\u00f2 la rivoluzionaria trasmissione intelligente <strong>multimode<\/strong>. Priva di una tradizionale <strong>frizione<\/strong>, utilizza pratici innesti a denti e gestisce due rapporti per l&#8217;unit\u00e0 elettrica e quattro per quella termica. Questo cervello elettronico seleziona <strong>automaticamente<\/strong>\u00a0una delle <strong>quindici<\/strong> <strong>combinazioni<\/strong> di marcia possibili, alternando le fasi di guida per massimizzare la resa.<\/p>\n<p>La vettura pu\u00f2 viaggiare in trazione <strong>100%<\/strong> <strong>elettrica<\/strong>, attivare la modalit\u00e0 ibrida dinamica in cui i motori collaborano, usare il propulsore a benzina per ricaricare le batterie o sfruttare il puro recupero energetico in frenata. Il <strong>risultato<\/strong> <strong>finale<\/strong> \u00e8 una fluidit\u00e0 di marcia buona e la capacit\u00e0 di muoversi nel traffico cittadino fino all&#8217;80% del tempo a zero emissioni, senza che il conducente debba mai preoccuparsi di cercare una colonnina di ricarica.<\/p>\n","protected":false},"excerpt":{"rendered":"Renault ha annunciato l&#8217;estensione della gamma E-Tech Series a due dei suoi modelli di punta 16 luglio 2026&hellip;\n","protected":false},"author":3,"featured_media":587561,"comment_status":"","ping_status":"","sticky":false,"template":"","format":"standard","meta":{"footnotes":"","_share_on_mastodon":"0"},"categories":[172],"tags":[178,2765,177,189043,323859,323858,323855,323857,1537,90,89,7,323856,323854,323861,6561,323865,323863,323864,323862,323860,162542,323853,323851,323867,323852,323866],"class_list":["post-587560","post","type-post","status-publish","format-standard","has-post-thumbnail","category-affari","tag-affari","tag-auto","tag-business","tag-captur","tag-captur-full-hybrid","tag-captur-ibrida","tag-captur-ibrida-prezzo","tag-captur-prezzo","tag-it","tag-italia","tag-italy","tag-news","tag-prezzo-captur","tag-prezzo-captur-ibrida","tag-prezzo-renault-captur","tag-renault","tag-renault-captur","tag-renault-captur-full-hybrid","tag-renault-captur-ibrida","tag-renault-captur-ibrida-prezzo","tag-renault-captur-prezzo","tag-renault-symbioz","tag-symbioz","tag-symbioz-full-hybrid","tag-symbioz-full-hybrid-prezzo","tag-symbioz-ibrida","tag-symbioz-ibrida-prezzo"],"share_on_mastodon":{"url":"","error":"Validation failed: Text character limit of 500 exceeded"},"_links":{"self":[{"href":"https:\/\/www.europesays.com\/it\/wp-json\/wp\/v2\/posts\/587560","targetHints":{"allow":["GET"]}}],"collection":[{"href":"https:\/\/www.europesays.com\/it\/wp-json\/wp\/v2\/posts"}],"about":[{"href":"https:\/\/www.europesays.com\/it\/wp-json\/wp\/v2\/types\/post"}],"author":[{"embeddable":true,"href":"https:\/\/www.europesays.com\/it\/wp-json\/wp\/v2\/users\/3"}],"replies":[{"embeddable":true,"href":"https:\/\/www.europesays.com\/it\/wp-json\/wp\/v2\/comments?post=587560"}],"version-history":[{"count":0,"href":"https:\/\/www.europesays.com\/it\/wp-json\/wp\/v2\/posts\/587560\/revisions"}],"wp:featuredmedia":[{"embeddable":true,"href":"https:\/\/www.europesays.com\/it\/wp-json\/wp\/v2\/media\/587561"}],"wp:attachment":[{"href":"https:\/\/www.europesays.com\/it\/wp-json\/wp\/v2\/media?parent=587560"}],"wp:term":[{"taxonomy":"category","embeddable":true,"href":"https:\/\/www.europesays.com\/it\/wp-json\/wp\/v2\/categories?post=587560"},{"taxonomy":"post_tag","embeddable":true,"href":"https:\/\/www.europesays.com\/it\/wp-json\/wp\/v2\/tags?post=587560"}],"curies":[{"name":"wp","href":"https:\/\/api.w.org\/{rel}","templated":true}]}}