{"id":587665,"date":"2026-07-16T13:43:17","date_gmt":"2026-07-16T13:43:17","guid":{"rendered":"https:\/\/www.europesays.com\/it\/587665\/"},"modified":"2026-07-16T13:43:17","modified_gmt":"2026-07-16T13:43:17","slug":"gioielliere-mario-roggero-condannato-il-ministro-nordio-avvia-istruttoria-per-la-grazia","status":"publish","type":"post","link":"https:\/\/www.europesays.com\/it\/587665\/","title":{"rendered":"Gioielliere Mario Roggero condannato, il ministro Nordio avvia istruttoria per la grazia"},"content":{"rendered":"<p>Il gioielliere piemontese \u00e8 stato condannato in via definitiva dalla Corte di Cassazione per l\u2019uccisione, nel 2021, di due rapinatori che avevano tentato di assaltare il suo negozio e il ferimento di un terzo. Crosetto: &#8220;Penso vada esperita ogni possibilit\u00e0 perch\u00e9 possa tornare a casa&#8221;. Salvini dopo la sentenza ha lanciato un appello a Mattarella per la grazia: oggi i capigruppo del centrodestra alla Camera e Senato hanno avviato la raccolta firme<\/p>\n<p>All\u2019indomani della sentenza definitiva a 14 anni e 9 mesi di reclusione per Mario Roggero, il gioielliere piemontese che uccise due rapinatori che avevano assaltato il suo negozio, il ministro della Giustizia Carlo Nordio ha avviato l&#8217;istruttoria finalizzata alla concessione della grazia (<a data-intcmp=\"skytg24_foglia articolo_interlink_text\" href=\"https:\/\/tg24.sky.it\/cronaca\/2026\/07\/16\/grazia-roggero-come-funziona-ostacoli\" rel=\"nofollow noopener\" target=\"_blank\">cos&#8217;\u00e8 e perch\u00e9 la strada per Roggero \u00e8 in salita<\/a>). Tante le reazioni dopo la condanna. Poco prima dell&#8217;atto di Nordio, era intervenuto anche il ministro della Difesa, Guido Crosetto, chiedendo di valutare la possibilit\u00e0 di far \u201ctornare a casa\u201d Mario Roggero. &#8220;Penso vada esperita ogni possibilit\u00e0 perch\u00e9 possa tornare a casa&#8221;, ha scritto su X il ministro, aggiungendo che da anni c\u2019\u00e8 &#8220;una giurisprudenza che interpreta le leggi al punto di stravolgerle&#8221; ed \u00e8 stato &#8220;consentito di mandare in libert\u00e0 dopo pochi anni anche assassini di servitori dello Stato&#8221;. Per questo, ha sottolineato Crosetto, &#8220;ci\u00f2 che \u00e8 accaduto a Roggero \u00e8 ingiusto, incomprensibile e anche difficile da accettare&#8221;.<\/p>\n<p>             Non visualizzi questo contenuto?<\/p>\n<p>Siamo spiacenti! Per poter visualizzare questo contenuto <b>X<\/b>, clicca su Gestisci cookie e Accetta tutto<\/p>\n<p>            Gestisci cookie<\/p>\n<p>\t\t \tSalvini: \u201cCentrodestra promuova la richiesta di grazia\u201d<\/p>\n<p>Gi\u00e0 ieri si era espresso il vicepresidente del Consiglio Matteo Salvini che si era rivolto a Sergio Mattarella per chiedere la grazia per Roggero. &#8220;Per Mario adesso, insieme a tantissimi di voi, far\u00f2 tutto il possibile perch\u00e9 gli venga concessa la grazia. Un appello che rivolgiamo direttamente al signor Presidente della Repubblica. Una grazia per un uomo onesto, che a 72 anni non merita di condividere una cella con dei veri criminali&#8221;, aveva detto il leader della Lega in un video su Instagram. Oggi Salvini \u00e8 tornato a commentare la sentenza chiedendo che \u201cl&#8217;intero centrodestra si faccia promotore della richiesta di grazia per Mario Roggero, perch\u00e9 dopo una vita di lavoro, passare anni in carcere a 72 anni dopo essere stato aggredito e rapinato non penso sia giusto&#8221;.<\/p>\n<p>\t\t\t<a class=\"c-inline-card j-inline-card c-inline-card--with-image\" href=\"https:\/\/tg24.sky.it\/cronaca\/video\/2026\/07\/16\/mario-roggero-condanna-gioielliere-1112261\" rel=\"follow nofollow noopener\" data-intcmp=\"skytg24_articolo_approfondimenti_inline\" target=\"_blank\"><\/p>\n<p>\t\t\t         <img decoding=\"async\" crossorigin=\"anonymous\" alt=\"\" src=\"https:\/\/www.europesays.com\/it\/wp-content\/uploads\/2026\/07\/1112261_1784194872780_thumb_494.0000001_1784196653516.jpg\"  loading=\"lazy\"  bad-src=\"https:\/\/www.europesays.com\/it\/wp-content\/uploads\/2026\/07\/1112261_1784194872780_thumb_494.0000001_1784196653516.jpg\"\/><\/p>\n<p>\n\t\t\t         Vedi anche<br \/>\n\t\t\t         Mario Roggero: &#8220;Prendo atto: la mia pena come l&#8217;ergastolo&#8221;\n\t\t\t      <\/p>\n<p>\t\t\t<\/a><\/p>\n<p>\t\t \tRaccolta firme del centrodestra per la grazia<\/p>\n<p>Un invito, quello del ministro Salvini, gi\u00e0 accolto dai capigruppo alla Camera e Senato di Fratelli d&#8217;Italia, Lega, Forza Italia, Noi moderati, Civici d&#8217;Italia, Udc e Maie-Centro Popolare che questa mattina hanno avviato la raccolta firme per richiedere al Ministero di Giustizia la grazia a Mario Roggero. &#8220;Riteniamo che, al di l\u00e0 degli aspetti di natura giuridica, quanto avvenuto a Roggero meriti una risposta immediata finalizzata a garantire che non debba affrontare ci\u00f2 che, anche in considerazione della sua et\u00e0, diventerebbe una condanna all&#8217;ergastolo, insopportabile visto quanto avvenuto&#8221;, si legge in una nota congiunta.<\/p>\n<p>\t\t\t<a class=\"c-inline-card j-inline-card c-inline-card--with-image\" href=\"https:\/\/tg24.sky.it\/cronaca\/2026\/07\/16\/grazia-roggero-come-funziona-ostacoli\" rel=\"follow nofollow noopener\" data-intcmp=\"skytg24_articolo_approfondimenti_inline\" target=\"_blank\"><\/p>\n<p>\t\t\t         <img decoding=\"async\" crossorigin=\"anonymous\" alt=\"\" src=\"https:\/\/www.europesays.com\/it\/wp-content\/uploads\/2026\/07\/rapina_mario_roggero_grinzane_cavour_hero_ansa.jpg\"  loading=\"lazy\"  bad-src=\"https:\/\/www.europesays.com\/it\/wp-content\/uploads\/2026\/07\/rapina_mario_roggero_grinzane_cavour_hero_ansa.jpg\"\/><\/p>\n<p>\n\t\t\t         Approfondimento<br \/>\n\t\t\t         Grazia, come funziona e perch\u00e9 per Mario Roggero la strada \u00e8 in salita\n\t\t\t      <\/p>\n<p>\t\t\t<\/a><\/p>\n<p>\t\t\tTajani: &#8220;Aderisco a proposta di chiedere la grazia&#8221;<\/p>\n<p>Favorevole alla grazia per Mario Roggero anche il ministro degli Esteri Antonio Tajani. &#8220;Io aderisco alla proposta dei gruppi parlamentari di Forza Italia e degli altri partiti di centrodestra, del Presidente della Regione del Piemonte Cirio di chiedere la grazia per Mario Roggero&#8221;, ha detto Tajani. &#8220;Un uomo che ha sbagliato, ma \u00e8 stato vittima di tali e tante aggressioni, \u00e8 intervenuto per difendere la propria famiglia e quindi credo che meriti il perdono da parte della societ\u00e0, poi sar\u00e0 il Presidente della Repubblica ovviamente a decidere, ma ritengo sia giusto compiere questo passo&#8221;.\u00a0<\/p>\n<p>\t\t \tLa condanna definitiva<\/p>\n<p>Mario Roggero, oggi 72enne, il 28 aprile 2021 ha reagito al tentativo di rapina da parte di tre malviventi nella sua gioielleria di Grinzane Cavour, nel Cuneese. Giuseppe Mazzarino e Andrea Spinelli sono stati uccisi da Roggero e Alessandro Modica \u00e8 rimasto ferito e poi arrestato. Ieri la Corte di Cassazione ha confermato la sentenza emessa a dicembre 2025 dalla Corte d\u2019Assise d\u2019Appello di Torino che aveva deciso una riduzione della pena rispetto ai 17 anni stabiliti inizialmente dal tribunale di Asti. Il gioielliere, quindi, oltre ai 14 anni e 9 mesi di reclusione deve esperire il pagamento delle provvisionali immediatamente esecutive per complessivi 480mila euro. Inun primo momento, subito dopo la sentenza della Cassazione, i legali avevano fatto sapere che il gioielliere si sarebbe costituito in carcere nella stessa giornata. Roggero in realt\u00e0 non si \u00e8 ancora presentato e il fratello Dante ha affermato\u00a0&#8220;si costituir\u00e0 appena sar\u00e0 ufficiale la richiesta di carcerazione. Non so dove si presenter\u00e0&#8221;.<\/p>\n<p>\t\t\t<a class=\"c-inline-card j-inline-card c-inline-card--with-image\" href=\"https:\/\/tg24.sky.it\/cronaca\/2026\/07\/15\/sentenza-mario-roggero-gioielliere\" rel=\"follow nofollow noopener\" data-intcmp=\"skytg24_articolo_approfondimenti_inline\" target=\"_blank\"><\/p>\n<p>\t\t\t         <img decoding=\"async\" crossorigin=\"anonymous\" alt=\"\" src=\"https:\/\/www.europesays.com\/it\/wp-content\/uploads\/2026\/07\/rapina_mario_roggero_grinzane_cavour_hero_ansa.jpg\"  loading=\"lazy\"  bad-src=\"https:\/\/www.europesays.com\/it\/wp-content\/uploads\/2026\/07\/rapina_mario_roggero_grinzane_cavour_hero_ansa.jpg\"\/><\/p>\n<p>\n\t\t\t         Leggi anche<br \/>\n\t\t\t         Condannato in via definitiva Mario Roggero, uccise 2 ladri nel Cuneese\n\t\t\t      <\/p>\n<p>\t\t\t<\/a><\/p>\n<p>\t            TAG:<\/p>\n","protected":false},"excerpt":{"rendered":"Il gioielliere piemontese \u00e8 stato condannato in via definitiva dalla Corte di Cassazione per l\u2019uccisione, nel 2021, di&hellip;\n","protected":false},"author":3,"featured_media":587666,"comment_status":"","ping_status":"","sticky":false,"template":"","format":"standard","meta":{"footnotes":"","_share_on_mastodon":"0"},"categories":[79],"tags":[10294,364,14,93,94,14017,1542,1537,90,89,7,15,11,84,91,12,85,92],"class_list":["post-587665","post","type-post","status-publish","format-standard","has-post-thumbnail","category-italia","tag-cassazione","tag-collaboratori","tag-cronaca","tag-cronaca-italiana","tag-cronacaitaliana","tag-cuneo","tag-inchieste","tag-it","tag-italia","tag-italy","tag-news","tag-notizie","tag-ultime-notizie","tag-ultime-notizie-e-news-di-oggi","tag-ultime-notizie-italia","tag-ultimenotizie","tag-ultimenotizieenewsdioggi","tag-ultimenotizieitalia"],"share_on_mastodon":{"url":"https:\/\/pubeurope.com\/@it\/116929954979420318","error":""},"_links":{"self":[{"href":"https:\/\/www.europesays.com\/it\/wp-json\/wp\/v2\/posts\/587665","targetHints":{"allow":["GET"]}}],"collection":[{"href":"https:\/\/www.europesays.com\/it\/wp-json\/wp\/v2\/posts"}],"about":[{"href":"https:\/\/www.europesays.com\/it\/wp-json\/wp\/v2\/types\/post"}],"author":[{"embeddable":true,"href":"https:\/\/www.europesays.com\/it\/wp-json\/wp\/v2\/users\/3"}],"replies":[{"embeddable":true,"href":"https:\/\/www.europesays.com\/it\/wp-json\/wp\/v2\/comments?post=587665"}],"version-history":[{"count":0,"href":"https:\/\/www.europesays.com\/it\/wp-json\/wp\/v2\/posts\/587665\/revisions"}],"wp:featuredmedia":[{"embeddable":true,"href":"https:\/\/www.europesays.com\/it\/wp-json\/wp\/v2\/media\/587666"}],"wp:attachment":[{"href":"https:\/\/www.europesays.com\/it\/wp-json\/wp\/v2\/media?parent=587665"}],"wp:term":[{"taxonomy":"category","embeddable":true,"href":"https:\/\/www.europesays.com\/it\/wp-json\/wp\/v2\/categories?post=587665"},{"taxonomy":"post_tag","embeddable":true,"href":"https:\/\/www.europesays.com\/it\/wp-json\/wp\/v2\/tags?post=587665"}],"curies":[{"name":"wp","href":"https:\/\/api.w.org\/{rel}","templated":true}]}}