{"id":5877,"date":"2025-07-24T16:51:09","date_gmt":"2025-07-24T16:51:09","guid":{"rendered":"https:\/\/www.europesays.com\/it\/5877\/"},"modified":"2025-07-24T16:51:09","modified_gmt":"2025-07-24T16:51:09","slug":"rifiutano-linvito-al-mio-podcast-perche-sono-una-donna-noi-dobbiamo-lavorare-il-doppio-per-essere-prese-sul-serio","status":"publish","type":"post","link":"https:\/\/www.europesays.com\/it\/5877\/","title":{"rendered":"\u00abRifiutano l&#8217;invito al mio podcast perch\u00e9 sono una donna. Noi dobbiamo lavorare il doppio per essere prese sul serio\u00bb"},"content":{"rendered":"<p>&#13;<br \/>\n                               &#13;<br \/>\n                                                &#13;<br \/>\n                &#13;<\/p>\n<p><strong><a href=\"https:\/\/www.leggo.it\/t\/giulia-salemi\" rel=\"nofollow noopener\" target=\"_blank\">Giulia Salemi<\/a><\/strong>, 32 anni, ha iniziato un nuovo capitolo della sua vita. Dopo la nascita di Kian, nato dalla relazione con il compagno <strong><a href=\"https:\/\/www.leggo.it\/t\/pierpaolo-pretelli\" rel=\"nofollow noopener\" target=\"_blank\">Pierpaolo Pretelli<\/a><\/strong>, 34 anni, la conduttrice non dimentica la carriera. La ex gieffina fa il punto della situazione e ripercorre tutti i momenti fondamentali che l&#8217;hanno condotta al successo.\u00a0<\/p>\n<p>&#13;<br \/>\n&#13;<br \/>\n&#13;<br \/>\n&#13;<\/p>\n<p>L&#8217;ultimo progetto in cui Salemi \u00e8 impegnata \u00e8 il suo podcast &#8220;Non lo faccio per moda&#8221;, in cui ospita e intervista personaggi dello spettacolo, della musica, imprenditori, per parlare di disagio generazionale, attraverso racconti inediti.\u00a0<\/p>\n<p>&#13;<br \/>\n&#13;<br \/>\n\u00abLe donne devono faticare il doppio\u00bb&#13;<br \/>\n&#13;<\/p>\n<p>Al settimanale\u00a0Grazia\u00a0Giulia ha rivelato alcuni momenti in cui si \u00e8 sentita mortificata per alcune risposte ricevute da uomini: \u00abHo contattato alcuni attori e cantanti maschi che hanno declinato l&#8217;invito: \u2018Grazie ma il podcast non \u00e8 in linea con il nostro talent&#8217; hanno detto i manager\u00bb.\u00a0<\/p>\n<p>&#13;<br \/>\n&#13;<br \/>\n&#13;<br \/>\n&#13;<\/p>\n<blockquote class=\"instagram-media\" data-instgrm-captioned=\"\" data-instgrm-permalink=\"https:\/\/www.instagram.com\/p\/DMdgqOatfQJ\/?utm_source=ig_embed&amp;utm_campaign=loading\" data-instgrm-version=\"14\" style=\" background:#FFF; border:0; border-radius:3px; box-shadow:0 0 1px 0 rgba(0,0,0,0.5),0 1px 10px 0 rgba(0,0,0,0.15); margin: 1px; max-width:540px; min-width:326px; padding:0; width:99.375%; width:-webkit-calc(100% - 2px); width:calc(100% - 2px);\"><p>&#13;<br \/>\n&#13;\n<\/p><\/blockquote>\n<p>&#13;<br \/>\n<br \/>&#13;<br \/>\n&#13;<\/p>\n<p>Salemi non rimpiange nulla del proprio percorso di crescita professionale, anzi ne va fiera. In quanto donna in carriera, per\u00f2, si \u00e8 lasciata andare alla condivisione di alcune considerazioni maturate nel tempo: \u00ab<strong>Le donne devono faticare il doppio per essere prese sul serio.<\/strong> Ci sono alcuni podcast tenuti da uomini in Italia dove vanno ancora tutti, io invece devo ancora dimostrare di poter trattare certi temi solo perch\u00e9 ho capelli e ciglia lunghe, cio\u00e8 sono una donna. <\/p>\n<p>Eppure so trattare argomenti maschili: la puntata con Giuseppe Cruciani \u00e8 stata una delle pi\u00f9 belle\u00bb, ha detto la conduttrice.\u00a0&#13;<br \/>\n&#13;<br \/>\nLa gravidanza e il rapporto con il corpo&#13;<br \/>\n&#13;<\/p>\n<p>Il focus si \u00e8 spostato poi sul tema della gravidanza, in particolare sul rapporto con i cambiamenti del proprio corpo. Un evento che ha modificato la percezione di Giulia:\u00a0\u00ab<strong>In passato non mi piaceva, mi sembrava goffo. Ero insicura<\/strong>\u00bb, ha ammesso. Adesso, invece,\u00a0\u00abho un approccio pi\u00f9 soft sull&#8217;aspetto estetico perch\u00e9 sono cambiate le mie priorit\u00e0, anche se adoro ancora il make up\u00bb.<\/p>\n<p>&#13;<br \/>\n&#13;<\/p>\n<p>Con Pierpaolo, appena tornato dall&#8217;Honduras dove ha concluso l&#8217;esperienza di inviato per l&#8217;<a href=\"https:\/\/www.leggo.it\/t\/isola-dei-famosi\" rel=\"nofollow noopener\" target=\"_blank\">Isola dei Famosi<\/a>,\u00a0tutto procede a gonfie vele, anche se i due si trovano a dover ripensare i ruoli all&#8217;interno della relazione:\u00a0\u00abLa sfida di convivenza come neo-genitori inizia effettivamente solo ora\u00bb, ha concluso.\u00a0<\/p>\n<p>                                &#13;<br \/>\n                &#13;<br \/>\n&#13;<br \/>\n                Ultimo aggiornamento: gioved\u00ec 24 luglio 2025, 15:10&#13;<br \/>\n                <br \/>&#13;<br \/>\n                &#13;<br \/>\n                  \u00a9 RIPRODUZIONE RISERVATA            <script async src=\"\/\/www.instagram.com\/embed.js\"><\/script><\/p>\n","protected":false},"excerpt":{"rendered":"&#13; &#13; &#13; &#13; Giulia Salemi, 32 anni, ha iniziato un nuovo capitolo della sua vita. Dopo la&hellip;\n","protected":false},"author":3,"featured_media":5878,"comment_status":"","ping_status":"","sticky":false,"template":"","format":"standard","meta":{"footnotes":"","_share_on_mastodon":"0"},"categories":[1451],"tags":[1621,1620,203,9213,204,1537,90,89,9214,9215],"class_list":["post-5877","post","type-post","status-publish","format-standard","has-post-thumbnail","category-celebrita","tag-celebrita","tag-celebrities","tag-entertainment","tag-giulia-salemi","tag-intrattenimento","tag-it","tag-italia","tag-italy","tag-kian","tag-pierpaolo-pretelli"],"share_on_mastodon":{"url":"","error":""},"_links":{"self":[{"href":"https:\/\/www.europesays.com\/it\/wp-json\/wp\/v2\/posts\/5877","targetHints":{"allow":["GET"]}}],"collection":[{"href":"https:\/\/www.europesays.com\/it\/wp-json\/wp\/v2\/posts"}],"about":[{"href":"https:\/\/www.europesays.com\/it\/wp-json\/wp\/v2\/types\/post"}],"author":[{"embeddable":true,"href":"https:\/\/www.europesays.com\/it\/wp-json\/wp\/v2\/users\/3"}],"replies":[{"embeddable":true,"href":"https:\/\/www.europesays.com\/it\/wp-json\/wp\/v2\/comments?post=5877"}],"version-history":[{"count":0,"href":"https:\/\/www.europesays.com\/it\/wp-json\/wp\/v2\/posts\/5877\/revisions"}],"wp:featuredmedia":[{"embeddable":true,"href":"https:\/\/www.europesays.com\/it\/wp-json\/wp\/v2\/media\/5878"}],"wp:attachment":[{"href":"https:\/\/www.europesays.com\/it\/wp-json\/wp\/v2\/media?parent=5877"}],"wp:term":[{"taxonomy":"category","embeddable":true,"href":"https:\/\/www.europesays.com\/it\/wp-json\/wp\/v2\/categories?post=5877"},{"taxonomy":"post_tag","embeddable":true,"href":"https:\/\/www.europesays.com\/it\/wp-json\/wp\/v2\/tags?post=5877"}],"curies":[{"name":"wp","href":"https:\/\/api.w.org\/{rel}","templated":true}]}}