{"id":587740,"date":"2026-07-16T14:47:25","date_gmt":"2026-07-16T14:47:25","guid":{"rendered":"https:\/\/www.europesays.com\/it\/587740\/"},"modified":"2026-07-16T14:47:25","modified_gmt":"2026-07-16T14:47:25","slug":"lidl-trek-mads-pedersen-annuncia-a-sorpresa-il-ritiro-nel-2029-il-piano-e-di-terminare-la-mia-carriera-dopo-i-mondiali-di-copenaghen-2","status":"publish","type":"post","link":"https:\/\/www.europesays.com\/it\/587740\/","title":{"rendered":"Lidl-Trek, Mads Pedersen annuncia a sorpresa il ritiro nel 2029: \u201cIl piano \u00e8 di terminare la mia carriera dopo i Mondiali di Copenaghen\u201d"},"content":{"rendered":"<p>\t\t<img width=\"1200\" height=\"799\" src=\"https:\/\/www.europesays.com\/it\/wp-content\/uploads\/2026\/07\/Mads-Pedersen-maglia-Verde-Tour-de-France-2026.webp\" class=\"attachment-full size-full wp-post-image\" alt=\"\" data-main-img=\"1\" decoding=\"async\" fetchpriority=\"high\"  \/><\/p>\n<p>\t\t\t\t\t\t\t \u00a9 ASO \/ Thomas Maheux<\/p>\n<p>\t\t\t\t\t<a href=\"https:\/\/cyclingpro.net\/spaziociclismo\/altro\/scopri-lapp-ufficiale-di-spaziociclismo\/\" title=\"\" rel=\"nofollow noopener\" target=\"_blank\"><br \/>\n\t\t\t\t\t\t<img loading=\"lazy\" decoding=\"async\" src=\"https:\/\/www.europesays.com\/it\/wp-content\/uploads\/2025\/09\/1758060682_662_Banner-App-SpazioCiclismo.png\" alt=\"\" width=\"728\" height=\"91\"\/><br \/>\n\t\t\t\t\t<\/a><\/p>\n<p><strong>Mads Pedersen<\/strong> ha annunciato a sorpresa di voler terminare la propria carriera dopo i Mondiali del 2029. La rassegna iridata si correr\u00e0 infatti nella sua Copenaghen e sarebbe il luogo perfetto per dire addio al ciclismo professionistico. Il corridore danese sta attualmente correndo il <strong>Tour de France 2026<\/strong> da protagonista, con l\u2019obiettivo di conquistare la Maglia Verde, ma sembra avere gi\u00e0 le idee chiare sul suo futuro. Infatti avendo firmato un contratto a vita con la <strong>Lidl-Trek<\/strong> e ha la possibilit\u00e0 di scegliere in autonomia quando smettere. Il ritiro avverrebbe all\u2019et\u00e0 di 33 anni, prematura rispetto ad altri, ma tale scelta sarebbe determinata da motivi famigliari e anche dalla volont\u00e0 di chiudere la carriera ai vertici, senza passare ad un ruolo di gregario.<\/p>\n<p> <a href=\"https:\/\/cyclingpro.net\/spaziociclismo\/abbonati\/\" rel=\"nofollow noopener\" target=\"_blank\"><img decoding=\"async\" src=\"https:\/\/www.europesays.com\/it\/wp-content\/uploads\/2026\/07\/Banner-AdFree-SpazioCiclismo.png\"\/><\/a><\/p>\n<p>\u201c<strong>Il piano \u00e8 di terminare la mia carriera ciclistica dopo i Mondiali di Copenaghen<\/strong> \u2013 le parole di Pedersen al programma AftenTour di TV2 \u2013 Per me, sarebbe un luogo speciale per concludere la mia carriera. Tutto ha una fine. Arriver\u00e0 il momento in cui non potr\u00f2 pi\u00f9 lottare per la vittoria, a quel punto non far\u00f2 pi\u00f9 parte di questo mondo. Sarebbe molto difficile per me cambiare come corridore, passando dall\u2019essere un leader e un vincitore a qualcuno che deve sempre aiutare gli altri\u201d.<\/p>\n<p>La pianificazione del ritiro non incide per\u00f2 sul suo focus attuale, che resta quello di conquistare la Maglia Verde in questo Tour e poi puntare al successo in una Classica Monumento che ancora gli manca: \u201cLa gente non deve penasre che io abbia gi\u00e0 pianificato il mio ritiro perch\u00e8 sappia cosa far\u00f2 dopo. <strong>Sono ancora concentrato sulla Maglia Verde e su quella dannata Classica Monumento che mi manca tanto<\/strong>\u201c.<\/p>\n<p>La motivazione principale di questa scelta \u00e8 quella di voler dare priorit\u00e0 alla famiglia: \u201c\u00c8 uno stress fisico. Ho una moglie a casa e a un certo punto vogliamo mettere su famiglia. Stiamo raggiungendo l\u2019et\u00e0 in cui questo accadr\u00e0. Ho avuto compagni di squadra in passato che hanno avuto problemi con la vita familiare, magari perch\u00e9 il padre non era a casa. Mi ha fatto male vederlo all\u2019epoca e non voglio finire nella stessa situazione. <strong>Preferirei terminare la mia carriera un po\u2019 prima e mettere su famiglia<\/strong>, perch\u00e9 la vita \u00e8 lunga\u201d.<\/p>\n<p>Seguici<\/p>\n<p>\t\t\t\t\t\t\t\t\t\t<a href=\"https:\/\/news.google.com\/publications\/CAAqBwgKMNaVhQswhaiCAw?hl=it&amp;gl=IT&amp;ceid=IT%3Ait\" title=\"Google News\" target=\"_blank\" rel=\"nofollow noopener\" class=\"post-followus-btn google-new-btn\"><br \/>\n\t\t\t\t\t\t<img decoding=\"async\" src=\"https:\/\/cyclingpro.net\/spaziociclismo\/wp-content\/themes\/jannah\/assets\/images\/google-news.svg\" alt=\"Google News\" loading=\"lazy\" width=\"120\" height=\"22\"\/><br \/>\n\t\t\t\t\t<\/a><br \/>\n\t\t\t\t\t\t\t\t\t\t<a href=\"https:\/\/flipboard.com\/@SpazioCiclismo\" title=\"Flipboard\" target=\"_blank\" rel=\"nofollow noopener\" class=\"post-followus-btn flipboard-btn\"><br \/>\n\t\t\t\t\t\t<img decoding=\"async\" src=\"https:\/\/cyclingpro.net\/spaziociclismo\/wp-content\/themes\/jannah\/assets\/images\/flipboard.svg\" alt=\"Flipboard\" loading=\"lazy\" width=\"152\" height=\"30\"\/><br \/>\n\t\t\t\t\t<\/a><\/p>\n","protected":false},"excerpt":{"rendered":"\u00a9 ASO \/ Thomas Maheux Mads Pedersen ha annunciato a sorpresa di voler terminare la propria carriera dopo&hellip;\n","protected":false},"author":3,"featured_media":587433,"comment_status":"","ping_status":"","sticky":false,"template":"","format":"standard","meta":{"footnotes":"","_share_on_mastodon":"0"},"categories":[1456],"tags":[1824,18904,1825,1537,90,89,46083,29893,245,244],"class_list":["post-587740","post","type-post","status-publish","format-standard","has-post-thumbnail","category-ciclismo","tag-ciclismo","tag-ciclomercato","tag-cycling","tag-it","tag-italia","tag-italy","tag-lidl-trek-2026","tag-mads-pedersen","tag-sport","tag-sports"],"share_on_mastodon":{"url":"https:\/\/pubeurope.com\/@it\/116930206444815583","error":""},"_links":{"self":[{"href":"https:\/\/www.europesays.com\/it\/wp-json\/wp\/v2\/posts\/587740","targetHints":{"allow":["GET"]}}],"collection":[{"href":"https:\/\/www.europesays.com\/it\/wp-json\/wp\/v2\/posts"}],"about":[{"href":"https:\/\/www.europesays.com\/it\/wp-json\/wp\/v2\/types\/post"}],"author":[{"embeddable":true,"href":"https:\/\/www.europesays.com\/it\/wp-json\/wp\/v2\/users\/3"}],"replies":[{"embeddable":true,"href":"https:\/\/www.europesays.com\/it\/wp-json\/wp\/v2\/comments?post=587740"}],"version-history":[{"count":0,"href":"https:\/\/www.europesays.com\/it\/wp-json\/wp\/v2\/posts\/587740\/revisions"}],"wp:featuredmedia":[{"embeddable":true,"href":"https:\/\/www.europesays.com\/it\/wp-json\/wp\/v2\/media\/587433"}],"wp:attachment":[{"href":"https:\/\/www.europesays.com\/it\/wp-json\/wp\/v2\/media?parent=587740"}],"wp:term":[{"taxonomy":"category","embeddable":true,"href":"https:\/\/www.europesays.com\/it\/wp-json\/wp\/v2\/categories?post=587740"},{"taxonomy":"post_tag","embeddable":true,"href":"https:\/\/www.europesays.com\/it\/wp-json\/wp\/v2\/tags?post=587740"}],"curies":[{"name":"wp","href":"https:\/\/api.w.org\/{rel}","templated":true}]}}