{"id":587743,"date":"2026-07-16T14:51:15","date_gmt":"2026-07-16T14:51:15","guid":{"rendered":"https:\/\/www.europesays.com\/it\/587743\/"},"modified":"2026-07-16T14:51:15","modified_gmt":"2026-07-16T14:51:15","slug":"inter-basta-parametri-zero-la-strategia-di-oaktree","status":"publish","type":"post","link":"https:\/\/www.europesays.com\/it\/587743\/","title":{"rendered":"Inter, basta parametri zero: la strategia di Oaktree"},"content":{"rendered":"<p>                                Solo che nella rosa attuale \u00e8 presente un pokerissimo di giocatori arrivati dopo le rispettive scadenze di contratto: Di Gennaro, il turco, Zielinski, Mkhitaryan e Tikus. Ma non dovrebbero arrivarne altri, per un motivo preciso<\/p>\n<p class=\"paragraph\" spellcheck=\"true\">Zielinski e Taremi saranno gli ultimi parametri zero nella storia recente dell&#8217;Inter? L&#8217;ipotesi \u00e8 tutt&#8217;altro che remota, considerando come sia cambiata la politica sul mercato del club nerazzurro da quando Oaktree si \u00e8 insediata come nuova propriet\u00e0. <a href=\"https:\/\/www.gazzetta.it\/Calcio\/Calciomercato\/Inter\/15-07-2026\/inter-difesa-chalobah-stones-pavard.shtml\" rel=\"nofollow noopener\" target=\"_blank\">E se da una parte resiste, in maniera fredda e piuttosto timida, la candidatura di John Stones per la difesa<\/a> (l&#8217;inglese si \u00e8 proposto tramite i suoi agenti gi\u00e0 nel marzo scorso quando era ormai chiaro che non avrebbe rinnovato il proprio contratto con il Manchester City), dall&#8217;altra si fortifica sempre pi\u00f9 la convinzione che sia pi\u00f9 funzionale il metodo americano, quello tutto nuovo, quello che limita l&#8217;inserimento in rosa di profili &#8220;over&#8221; ad esborso zero sul piano del cartellino ma dagli ingaggi piuttosto pesanti e invece si concentra su calciatori per lo pi\u00f9 Under 25 (Akanji l&#8217;unica eccezione l&#8217;estate scorsa).\u00a0<\/p>\n<p class=\"paragraph\" spellcheck=\"true\">Ma, soprattutto, c&#8217;\u00e8 un&#8217;altra questione che la propriet\u00e0 a stelle e strisce non condivide per quanto riguarda chi arriva dopo una scadenza contrattuale. Ovvero le commissioni da riconoscere ai vari procuratori, non proprio cifre simboliche, che provocano un certo fastidio ai vertici di Oaktree e vengono considerate ampiamente evitabili. Eppure tra le principali qualit\u00e0 di Beppe Marotta e Piero Ausilio in chiave mercato c&#8217;era proprio quella di andare a scovare i migliori colpi a costo zero, tanti dei quali hanno fatto le fortune dell&#8217;Inter proprio negli ultimi anni e ancora adesso sono presenti e protagonisti nella squadra di Cristian Chivu.<\/p>\n<p>        quante stelle\u2014 \u00a0<\/p>\n<p class=\"paragraph\" spellcheck=\"true\">All&#8217;interno della rosa attuale sono cinque i giocatori planati sul pianeta nerazzurro a seguito delle rispettive scadenze di contratto: Di Gennaro in porta, Calhanoglu, Zielinski e Mkhitaryan nel mezzo, Thuram davanti. Terzo portiere a parte, la colonna portante degli ultimi successi dell&#8217;Inter in Italia. Ma nel corso dell&#8217;era Zhang frequente era la tendenza di andare a pescare tra i parametri zero, alcuni fortunati ed altri meno. Onana, per esempio, in un anno appena ha garantito alle casse nerazzurre una plusvalenza netta di pi\u00f9 di 50 milioni di euro. De Vrij ha eretto la muraglia nerazzurra per anni ed anni, da Godin ci si sarebbe aspettato qualcosa in pi\u00f9, Sanchez nonostante le critiche ha mantenuto un rendimento buono in termini di gol e assist. Poi c&#8217;\u00e8 pure chi non ha lasciato segni particolari: Cuadrado, Klaassen, andando pi\u00f9 a ritroso nel tempo Banega e Asamoah. Beppe Marotta si \u00e8 messo in valigia la passione per i parametri zero direttamente da Torino, dove alla Juventus aveva messo a segno altri colpi rimasti nella storia: Pirlo, Pogba, Dani Alves, Llorente, Khedira, Rabiot, Coman, Emre Can. La storia. Dell&#8217;Inter, della Juventus, dei parametri zero. Ma Oaktree pare abbia deciso: stop, il vento \u00e8 cambiato.\u00a0<\/p>\n","protected":false},"excerpt":{"rendered":"Solo che nella rosa attuale \u00e8 presente un pokerissimo di giocatori arrivati dopo le rispettive scadenze di contratto:&hellip;\n","protected":false},"author":3,"featured_media":587744,"comment_status":"","ping_status":"","sticky":false,"template":"","format":"standard","meta":{"footnotes":"","_share_on_mastodon":"0"},"categories":[1452],"tags":[2537,32,1963,20,20003,721,2023,6693,323974,1740,11335,3412,350,1537,90,89,558,5266,1412,9476,38753,8392,13214,57407,125982,14154,102856,323975,323976,5569,323977,60000,1739,245,244,1567,338,7778,18860],"class_list":["post-587743","post","type-post","status-publish","format-standard","has-post-thumbnail","category-calcio","tag-altra","tag-andare","tag-attuale","tag-beppe","tag-beppe-marotta","tag-calcio","tag-colpi","tag-contratto","tag-contratto-gennaro","tag-football","tag-gennaro","tag-giocatori","tag-inter","tag-it","tag-italia","tag-italy","tag-juventus","tag-marotta","tag-mercato","tag-messo","tag-mkhitaryan","tag-nerazzurro","tag-oaktree","tag-parametri","tag-parametri-zero","tag-proprieta","tag-rispettive","tag-rispettive-scadenze","tag-rispettive-scadenze-contratto","tag-rosa","tag-rosa-attuale","tag-scadenze","tag-soccer","tag-sport","tag-sports","tag-storia","tag-ultimi","tag-zero","tag-zielinski"],"share_on_mastodon":{"url":"https:\/\/pubeurope.com\/@it\/116930221748220772","error":""},"_links":{"self":[{"href":"https:\/\/www.europesays.com\/it\/wp-json\/wp\/v2\/posts\/587743","targetHints":{"allow":["GET"]}}],"collection":[{"href":"https:\/\/www.europesays.com\/it\/wp-json\/wp\/v2\/posts"}],"about":[{"href":"https:\/\/www.europesays.com\/it\/wp-json\/wp\/v2\/types\/post"}],"author":[{"embeddable":true,"href":"https:\/\/www.europesays.com\/it\/wp-json\/wp\/v2\/users\/3"}],"replies":[{"embeddable":true,"href":"https:\/\/www.europesays.com\/it\/wp-json\/wp\/v2\/comments?post=587743"}],"version-history":[{"count":0,"href":"https:\/\/www.europesays.com\/it\/wp-json\/wp\/v2\/posts\/587743\/revisions"}],"wp:featuredmedia":[{"embeddable":true,"href":"https:\/\/www.europesays.com\/it\/wp-json\/wp\/v2\/media\/587744"}],"wp:attachment":[{"href":"https:\/\/www.europesays.com\/it\/wp-json\/wp\/v2\/media?parent=587743"}],"wp:term":[{"taxonomy":"category","embeddable":true,"href":"https:\/\/www.europesays.com\/it\/wp-json\/wp\/v2\/categories?post=587743"},{"taxonomy":"post_tag","embeddable":true,"href":"https:\/\/www.europesays.com\/it\/wp-json\/wp\/v2\/tags?post=587743"}],"curies":[{"name":"wp","href":"https:\/\/api.w.org\/{rel}","templated":true}]}}