{"id":587751,"date":"2026-07-16T14:56:20","date_gmt":"2026-07-16T14:56:20","guid":{"rendered":"https:\/\/www.europesays.com\/it\/587751\/"},"modified":"2026-07-16T14:56:20","modified_gmt":"2026-07-16T14:56:20","slug":"amii-stewart-in-concerto-a-vieste","status":"publish","type":"post","link":"https:\/\/www.europesays.com\/it\/587751\/","title":{"rendered":"Amii Stewart in concerto a Vieste"},"content":{"rendered":"<p>&#13;<br \/>\n      &#13;<br \/>\n&#13;<br \/>\n     &#13;<br \/>\n        &#13;<\/p>\n<p>La grande musica internazionale sbarca sul Gargano per un appuntamento imperdibile. Oggi, gioved\u00ec 16 luglio, alle 21, la splendida cornice di Marina Piccola a Vieste ospiter\u00e0 il concerto di Amii Stewart, una delle voci pi\u00f9 potenti, raffinate e iconiche della disco music e del soul contemporaneo.<\/p>\n<p>L&#8217;evento \u00e8 fortemente sostenuto dal Comune di Vieste, in stretta collaborazione con l\u2019Associazione culturale musicale \u2018Gargano Music\u2019 di Vieste presieduta da Sandra Cardone e l&#8217;orchestra \u2018I Suoni del Sud\u2019 con la direzione artistica del M\u00b0 Andrea Vescera.<\/p>\n<p>L&#8217;artista presenter\u00e0 il suo straordinario progetto \u2018Ci vorrebbero mille canzoni\u2019, un vero e proprio itinerario musicale pensato per raccontare la storia di una voce inconfondibile, capace di spaziare tra generi diversi con un&#8217;eleganza scenica e una tecnica vocale straordinarie.<\/p>\n<p>Fin dagli esordi nel teatro musicale e nei musical, Amii Stewart ha dimostrato una vocalit\u00e0 potente e ricca di influenze gospel e soul. In questo speciale concerto, la sua versatilit\u00e0 guider\u00e0 il pubblico attraverso. I grandi capisaldi della musica pop internazionale e i brani che l&#8217;hanno resa celebre nel mondo.\u00a0<\/p>\n<p>Un profondo omaggio al cantautorato italiano, con personali e intense interpretazioni di successi di pilastri come Ennio Morricone, Mina, Sting, Lucio Dalla, Pino Daniele, Vasco Rossi e molti altri.<\/p>\n<p>Sul palco l&#8217;orchestra I Suoni del Sud di Foggia, un imponente organico arricchito da una solida sezione ritmica e da un ensemble vocale. La sinergia tra la voce della Stewart e il tessuto orchestrale promette di regalare una serata carica di emozioni e arrangiamenti inediti di grandissimo impatto.\u00a0<\/p>\n<p> &#13;<br \/>\n       &#13;<br \/>\n&#13;<br \/>\n&#13;<br \/>\n  &#13;<br \/>\n  &#13;<br \/>\n&#13;<br \/>\n&#13;<br \/>\n  &#13;<br \/>\n&#13;<br \/>\n        &#13;<br \/>\n        &#13;<br \/>\n               &#13;<br \/>\n      &#13;<br \/>\n      &#13;<br \/>\n                  &#13;<br \/>\n   &#13;<br \/>\n&#13;<br \/>\n &#13;<br \/>\n      &#13;<br \/>\n&#13;<br \/>\n      &#13;<\/p>\n","protected":false},"excerpt":{"rendered":"&#13; &#13; &#13; &#13; &#13; La grande musica internazionale sbarca sul Gargano per un appuntamento imperdibile. Oggi, gioved\u00ec&hellip;\n","protected":false},"author":3,"featured_media":587752,"comment_status":"","ping_status":"","sticky":false,"template":"","format":"standard","meta":{"footnotes":"","_share_on_mastodon":"0"},"categories":[1443],"tags":[323978,1569,203,626,204,1537,90,89,1538,1539,53512],"class_list":["post-587751","post","type-post","status-publish","format-standard","has-post-thumbnail","category-musica","tag-amii-stewart","tag-concerto","tag-entertainment","tag-eventi","tag-intrattenimento","tag-it","tag-italia","tag-italy","tag-music","tag-musica","tag-vieste"],"share_on_mastodon":{"url":"https:\/\/pubeurope.com\/@it\/116930241568150607","error":""},"_links":{"self":[{"href":"https:\/\/www.europesays.com\/it\/wp-json\/wp\/v2\/posts\/587751","targetHints":{"allow":["GET"]}}],"collection":[{"href":"https:\/\/www.europesays.com\/it\/wp-json\/wp\/v2\/posts"}],"about":[{"href":"https:\/\/www.europesays.com\/it\/wp-json\/wp\/v2\/types\/post"}],"author":[{"embeddable":true,"href":"https:\/\/www.europesays.com\/it\/wp-json\/wp\/v2\/users\/3"}],"replies":[{"embeddable":true,"href":"https:\/\/www.europesays.com\/it\/wp-json\/wp\/v2\/comments?post=587751"}],"version-history":[{"count":0,"href":"https:\/\/www.europesays.com\/it\/wp-json\/wp\/v2\/posts\/587751\/revisions"}],"wp:featuredmedia":[{"embeddable":true,"href":"https:\/\/www.europesays.com\/it\/wp-json\/wp\/v2\/media\/587752"}],"wp:attachment":[{"href":"https:\/\/www.europesays.com\/it\/wp-json\/wp\/v2\/media?parent=587751"}],"wp:term":[{"taxonomy":"category","embeddable":true,"href":"https:\/\/www.europesays.com\/it\/wp-json\/wp\/v2\/categories?post=587751"},{"taxonomy":"post_tag","embeddable":true,"href":"https:\/\/www.europesays.com\/it\/wp-json\/wp\/v2\/tags?post=587751"}],"curies":[{"name":"wp","href":"https:\/\/api.w.org\/{rel}","templated":true}]}}