{"id":587871,"date":"2026-07-16T16:26:16","date_gmt":"2026-07-16T16:26:16","guid":{"rendered":"https:\/\/www.europesays.com\/it\/587871\/"},"modified":"2026-07-16T16:26:16","modified_gmt":"2026-07-16T16:26:16","slug":"neonato-seviziato-dal-papa-per-renderlo-disabile-e-avere-i-sussidi-il-genitore-condannato-a-8-anni","status":"publish","type":"post","link":"https:\/\/www.europesays.com\/it\/587871\/","title":{"rendered":"Neonato seviziato dal pap\u00e0 per renderlo disabile e avere i sussidi. Il genitore condannato a 8 anni"},"content":{"rendered":"<p><a href=\"https:\/\/www.ilgazzettino.it\/t\/padova\" rel=\"nofollow noopener\" target=\"_blank\">PADOVA<\/a>\/<a href=\"https:\/\/www.ilgazzettino.it\/t\/vicenza\" rel=\"nofollow noopener\" target=\"_blank\">VICENZA<\/a> &#8211; Approfittando dell\u2019assenza dei medici e della madre del <a href=\"https:\/\/www.ilgazzettino.it\/t\/bambino\" rel=\"nofollow noopener\" target=\"_blank\">bambino<\/a>, infliggeva al <a href=\"https:\/\/www.ilgazzettino.it\/t\/figlio\" rel=\"nofollow noopener\" target=\"_blank\">figlio<\/a> di appena 5 mesi gravi lesioni alla bocca, alla lingua e alla gola con lo scopo di renderlo disabile e percepire i relativi sussidi. Vere e proprie <a href=\"https:\/\/www.ilgazzettino.it\/t\/sevizie\" rel=\"nofollow noopener\" target=\"_blank\">sevizie<\/a> costate al padre, un 23enne di\u00a0<a href=\"https:\/\/www.ilgazzettino.it\/t\/camisano-vicentino\" rel=\"nofollow noopener\" target=\"_blank\">Camisano Vicentino<\/a>, la condanna a 8 anni per\u00a0maltrattamenti in famiglia e lesioni. Disposta anche una provvisionale di un milione di euro a titolo di risarcimento.<br \/>La sentenza \u00e8 stata pronunciata il 16 luglio davanti al giudice per le udienze preliminari del Tribunale di Padova.<\/p>\n<p>    &#13;<\/p>\n<p>APPROFONDIMENTI<\/p>\n<p>&#13;<br \/>\n        &#13;<\/p>\n<p>La vicenda <\/p>\n<p>I maltrattamenti erano iniziati subito dopo la nascita del <a href=\"https:\/\/www.ilgazzettino.it\/t\/neonato\" rel=\"nofollow noopener\" target=\"_blank\">neonato<\/a> e sono andati avanti fino al giorno in cui, il 26 ottobre 2025, un blitz degli agenti di polizia ha messo fine all&#8217;orrore quando il piccolo era gi\u00e0 ricoverato in Pediatria a Padova. La mattina del suo arresto il pap\u00e0 era nella stanza del piccolo, che da poco pi\u00f9 di tre mesi accusava continui problemi alle vie respiratorie e alla gola.<br \/>Da due giorni, per\u00f2, gli agenti della Squadra mobile avevano installato alcune telecamere nella camera, puntate sulla porta d&#8217;ingresso e sul letto del neonato. Pi\u00f9 volte in quelle 48 ore di osservazione i poliziotti avevano notato il 23enne entrare nella camera con fare guardingo e alzare la testa verso gli angoli della stanza. Pensando, cos\u00ec, di non essere visto, il pap\u00e0 si avvicinava al letto del figlio mettendogli le dita in bocca e schiacciandogli il petto. Manovre ripetute pi\u00f9 volte e interrotte solo quando sentiva avvicinarsi qualcuno. Poi, rimasto di nuovo solo, riprendeva le sevizie. I medici sono stati costretti ad asportare la lingua del bambino per i gravissimi danni subiti.<\/p>\n<blockquote class=\"instagram-media\" data-instgrm-captioned=\"\" data-instgrm-permalink=\"https:\/\/www.instagram.com\/p\/Da2kjZPDVqm\/?utm_source=ig_embed&amp;utm_campaign=loading\" data-instgrm-version=\"14\" style=\" background:#FFF; border:0; border-radius:3px; box-shadow:0 0 1px 0 rgba(0,0,0,0.5),0 1px 10px 0 rgba(0,0,0,0.15); margin: 1px; max-width:540px; min-width:326px; padding:0; width:99.375%; width:-webkit-calc(100% - 2px); width:calc(100% - 2px);\" wp_automatic_readability=\"-7.2089552238806\"><\/blockquote>\n<p>                         <script async src=\"\/\/www.instagram.com\/embed.js\"><\/script><\/p>\n","protected":false},"excerpt":{"rendered":"PADOVA\/VICENZA &#8211; Approfittando dell\u2019assenza dei medici e della madre del bambino, infliggeva al figlio di appena 5 mesi&hellip;\n","protected":false},"author":3,"featured_media":587872,"comment_status":"","ping_status":"","sticky":false,"template":"","format":"standard","meta":{"footnotes":"","_share_on_mastodon":"0"},"categories":[6],"tags":[694,324045,14,2716,8,1537,90,89,15991,7,15,82,9,83,10,9839,47229,13,11,80,84,12,81,85,21243],"class_list":["post-587871","post","type-post","status-publish","format-standard","has-post-thumbnail","category-ultime-notizie","tag-bambino","tag-camisano-vicentino","tag-cronaca","tag-figlio","tag-headlines","tag-it","tag-italia","tag-italy","tag-neonato","tag-news","tag-notizie","tag-notizie-di-cronaca","tag-notizie-principali","tag-notiziedicronaca","tag-notizieprincipali","tag-padova","tag-sevizie","tag-titoli","tag-ultime-notizie","tag-ultime-notizie-di-cronaca","tag-ultime-notizie-e-news-di-oggi","tag-ultimenotizie","tag-ultimenotiziedicronaca","tag-ultimenotizieenewsdioggi","tag-vicenza"],"share_on_mastodon":{"url":"https:\/\/pubeurope.com\/@it\/116930595327932442","error":""},"_links":{"self":[{"href":"https:\/\/www.europesays.com\/it\/wp-json\/wp\/v2\/posts\/587871","targetHints":{"allow":["GET"]}}],"collection":[{"href":"https:\/\/www.europesays.com\/it\/wp-json\/wp\/v2\/posts"}],"about":[{"href":"https:\/\/www.europesays.com\/it\/wp-json\/wp\/v2\/types\/post"}],"author":[{"embeddable":true,"href":"https:\/\/www.europesays.com\/it\/wp-json\/wp\/v2\/users\/3"}],"replies":[{"embeddable":true,"href":"https:\/\/www.europesays.com\/it\/wp-json\/wp\/v2\/comments?post=587871"}],"version-history":[{"count":0,"href":"https:\/\/www.europesays.com\/it\/wp-json\/wp\/v2\/posts\/587871\/revisions"}],"wp:featuredmedia":[{"embeddable":true,"href":"https:\/\/www.europesays.com\/it\/wp-json\/wp\/v2\/media\/587872"}],"wp:attachment":[{"href":"https:\/\/www.europesays.com\/it\/wp-json\/wp\/v2\/media?parent=587871"}],"wp:term":[{"taxonomy":"category","embeddable":true,"href":"https:\/\/www.europesays.com\/it\/wp-json\/wp\/v2\/categories?post=587871"},{"taxonomy":"post_tag","embeddable":true,"href":"https:\/\/www.europesays.com\/it\/wp-json\/wp\/v2\/tags?post=587871"}],"curies":[{"name":"wp","href":"https:\/\/api.w.org\/{rel}","templated":true}]}}