{"id":587944,"date":"2026-07-16T17:33:12","date_gmt":"2026-07-16T17:33:12","guid":{"rendered":"https:\/\/www.europesays.com\/it\/587944\/"},"modified":"2026-07-16T17:33:12","modified_gmt":"2026-07-16T17:33:12","slug":"francia-inghilterra-per-il-3-posto-nel-mondiale-la-partita-che-nessuno-vorrebbe-giocare","status":"publish","type":"post","link":"https:\/\/www.europesays.com\/it\/587944\/","title":{"rendered":"Francia-Inghilterra per il 3\u00b0 posto nel Mondiale: la partita che nessuno vorrebbe giocare"},"content":{"rendered":"<p>                                Inglesi e francese vorrebbero essere gi\u00e0 in vacanza. La &#8220;finalina&#8221; del Mondiale non interessa a nessuna: Deschamps e Tuchel pensano al turnover<\/p>\n<p>                    16 luglio &#8211; 18:48  &#8211; MILANO<\/p>\n<p class=\"paragraph\" spellcheck=\"true\">Volevano la finale, devono accontentarsi della finalina. E la partita della consolazione, di sabato a Miami <a href=\"https:\/\/www.gazzetta.it\/Calcio\/Mondiali\/16-07-2026\/mondiali-inghilterra-eliminata-le-reazioni-degli-ex-giocatori-su-tuchel.shtml?intcmp=hyperlink-articolo-gazit\" target=\"_blank\" rel=\"nofollow noopener\">contro l&#8217;Inghilterra<\/a>, i francesi proprio non la vogliono giocare. Non che gli inglesi siano entusiasti di andare in campo, ma \u00e8 quanto emerge dopo la netta sconfitta con la Spagna in semifinale che ha demoralizzato il gruppo di Didier Deschamps costretto a trovare argomenti per motivare i suoi, prima di dire addio alla nazionale e lasciare il posto a Zinedine Zidane.<\/p>\n<p>        umore\u2014 \u00a0<\/p>\n<p class=\"paragraph\" spellcheck=\"true\">Per l&#8217;Equipe, che ha raccolto le indiscrezioni di vari entourage dei giocatori, i Bleus preferirebbero non giocare contro gli inglesi. \u201cNessuno ha voglia di scendere in campo\u201d, spiega una delle fonti citate dal quotidiano. \u201cNessuno vuole giocarla, erano venuti al Mondiale per ben altro e sono molto contrariati di disputarla\u201d. Insomma, la delusione \u00e8 tanta. Ma anche sul lato inglese c&#8217;\u00e8 lo stesso umore: \u201cNessuno vuole giocarla &#8211; ha infatti ribadito il c.t. degli inglesi, Thomas Tuchel, dopo la sconfitta con l&#8217;Argentina \u2013 perch\u00e9 noi volevamo la finale e abbiamo dato tutto per riuscirci. Tutti giocano per vincere, ma \u00e8 cos\u00ec e alla fine siamo professionisti e giocheremo contro la Francia\u201d.\u00a0<\/p>\n<p><a class=\"is-partner-link\" href=\"https:\/\/abbonamenti.gazzetta.it\/de-promo-mondiali\/?pwcmp=cta&amp;forceBrowser=true\" rel=\"nofollow noopener\" target=\"_blank\">Gazzetta Mondiale: ogni notte un\u2019edizione straordinaria esclusiva. Non perdertela, abbonati a 1\u20ac\/mese!<\/a><\/p>\n<p>        obiettivi\u2014 \u00a0<\/p>\n<p class=\"paragraph\" spellcheck=\"true\">Marted\u00ec notte, alcuni giocatori francesi non riuscivano a spiegarsi il tracollo contro la Spagna, l&#8217;incapacit\u00e0 di reagire e di produrre il gioco brillante che li avevano spinti fino in semifinale. E cos\u00ec c&#8217;\u00e8 qualcuno che piuttosto di dormire ha preferito rivedersi la gara, per cercare di capire le ragioni della sconfitta. Questo \u00e8 il clima che regna nello spogliatoio francese, nonostante l&#8217;ultimo impegno ufficiale in programma. Cos\u00ec Deschamps deve individuare gli stimoli giusti. L&#8217;obiettivo \u00e8 comunque finire almeno sul podio, e il c.t. non intende chiudere i 14 anni alla guida della nazionale con una sconfitta. In ogni caso, le alternative non mancano e in campo potrebbero scendere i giocatori che finora hanno giocato poco, come Akliouche, Zaire-Emery, o che speravano di giocare di pi\u00f9 come Cherki, Gusto o Konat\u00e9. Mbapp\u00e9, nonostante l&#8217;amarezza, \u00e8 comunque motivato dalla concorrenza con Messi e possibilit\u00e0 di stabilire il record di reti ai Mondiali. Prima di aprire un nuovo ciclo, con Zidane in panchina.<\/p>\n<p class=\"is-copyright\">\u00a9 RIPRODUZIONE RISERVATA<\/p>\n","protected":false},"excerpt":{"rendered":"Inglesi e francese vorrebbero essere gi\u00e0 in vacanza. La &#8220;finalina&#8221; del Mondiale non interessa a nessuna: Deschamps e&hellip;\n","protected":false},"author":3,"featured_media":587945,"comment_status":"","ping_status":"","sticky":false,"template":"","format":"standard","meta":{"footnotes":"","_share_on_mastodon":"0"},"categories":[1452],"tags":[27180,721,921,46664,1426,105157,1740,3368,15413,4300,1889,324071,101660,3412,2013,3189,1537,90,89,1353,8658,12044,1924,1739,6059,245,244,99665,29795,4969,324072,34105],"class_list":["post-587944","post","type-post","status-publish","format-standard","has-post-thumbnail","category-calcio","tag-accontentarsi","tag-calcio","tag-campo","tag-deschamps","tag-finale","tag-finalina","tag-football","tag-francese","tag-francesi","tag-francia","tag-giocare","tag-giocare-inglesi","tag-giocarla","tag-giocatori","tag-inghilterra","tag-inglesi","tag-it","tag-italia","tag-italy","tag-mondiale","tag-scendere","tag-sconfitta","tag-semifinale","tag-soccer","tag-spagna","tag-sport","tag-sports","tag-tuchel","tag-umore","tag-vuole","tag-vuole-giocarla","tag-zidane"],"share_on_mastodon":{"url":"https:\/\/pubeurope.com\/@it\/116930858628893699","error":""},"_links":{"self":[{"href":"https:\/\/www.europesays.com\/it\/wp-json\/wp\/v2\/posts\/587944","targetHints":{"allow":["GET"]}}],"collection":[{"href":"https:\/\/www.europesays.com\/it\/wp-json\/wp\/v2\/posts"}],"about":[{"href":"https:\/\/www.europesays.com\/it\/wp-json\/wp\/v2\/types\/post"}],"author":[{"embeddable":true,"href":"https:\/\/www.europesays.com\/it\/wp-json\/wp\/v2\/users\/3"}],"replies":[{"embeddable":true,"href":"https:\/\/www.europesays.com\/it\/wp-json\/wp\/v2\/comments?post=587944"}],"version-history":[{"count":0,"href":"https:\/\/www.europesays.com\/it\/wp-json\/wp\/v2\/posts\/587944\/revisions"}],"wp:featuredmedia":[{"embeddable":true,"href":"https:\/\/www.europesays.com\/it\/wp-json\/wp\/v2\/media\/587945"}],"wp:attachment":[{"href":"https:\/\/www.europesays.com\/it\/wp-json\/wp\/v2\/media?parent=587944"}],"wp:term":[{"taxonomy":"category","embeddable":true,"href":"https:\/\/www.europesays.com\/it\/wp-json\/wp\/v2\/categories?post=587944"},{"taxonomy":"post_tag","embeddable":true,"href":"https:\/\/www.europesays.com\/it\/wp-json\/wp\/v2\/tags?post=587944"}],"curies":[{"name":"wp","href":"https:\/\/api.w.org\/{rel}","templated":true}]}}