{"id":587965,"date":"2026-07-16T17:45:30","date_gmt":"2026-07-16T17:45:30","guid":{"rendered":"https:\/\/www.europesays.com\/it\/587965\/"},"modified":"2026-07-16T17:45:30","modified_gmt":"2026-07-16T17:45:30","slug":"psichedelici-contro-la-depressione-il-neuroscienziato-italiano-tommaso-barba-li-ho-provati-ecco-come-e-andata-e-a-cosa-possono-servire","status":"publish","type":"post","link":"https:\/\/www.europesays.com\/it\/587965\/","title":{"rendered":"Psichedelici contro la depressione, il neuroscienziato italiano Tommaso Barba: \u00abLi ho provati, ecco come \u00e8 andata e a cosa possono servire\u00bb"},"content":{"rendered":"\n<p class=\"has-first-letter chapter-paragraph\">Per decenni sono stati considerati soltanto droghe pericolose. Oggi gli psichedelici entrano nei pi\u00f9 importanti laboratori scientifici del mondo, sperimentati come <b>possibili terapie <\/b>contro depressione resistente, stress post traumatico e dipendenze. E tra gli scienziati che indagano il loro potenziale terapeutico c&#8217;\u00e8<b> Tommaso Barba, 30 anni, partito da un piccolo paese sulle colline emiliane e arrivato all&#8217;Imperial College di Londra.\u00a0<\/b>\u00c8 ricercatore al Centre for Psychedelic Research, \u00abil centro ricerca sugli psichedelici pi\u00f9 grande d&#8217;Europa e tra i pi\u00f9 grandi al mondo\u00bb.<\/p>\n<p class=\"chapter-paragraph\">\u00a0\u00abTra le sostanze pi\u00f9 note ci sono la <b>psilocibina, il principio attivo di alcuni funghi allucinogeni, il DMT contenuto nell&#8217;ayahuasca<\/b>, la bevanda sciamanica bevuta da secoli dalle popolazioni indigene dell\u2019Amazzonia,<b> l\u2019LSD<\/b>, e in alcuni contesti anche<b> MDMA<\/b>, un empatogeno, e la <b>ketamina<\/b>\u00bb.  Oggi la ricerca segue due grandi filoni. \u00abDa un lato, si studia il potere terapeutico delle sostanze sulle ferite dell\u2019anima, dall&#8217;altro si cerca di capire come nasce il nostro senso di s\u00e9 <b>e cosa succede quando questo meccanismo si altera<\/b>\u00bb.\u00a0<\/p>\n<p class=\"chapter-paragraph\">Il 2026 \u00e8 l&#8217;anno di svolta per la ricerca sugli psichedelici. Ad aprile, <b>Donald Trump<\/b> ha firmato un ordine esecutivo per accelerare la ricerca sul possibile uso di sostanze psichedeliche come trattamento per la salute mentale. In Italia, l&#8217;AIFA ha autorizzato una sperimentazione con psilocibina all\u2019Universit\u00e0 di Chieti. In Europa il quadro resta frammentato.\u00a0 \u00ab\u00c8 probabile che nei prossimi due anni gli Usa approvino la psilocibina per la depressione resistente e l&#8217;MDMA per il disturbo post-traumatico\u00bb.<\/p>\n<p>        <img decoding=\"async\" class=\"is_full_image\" loading=\"lazy\" alt=\"Tommaso Barba e gli psichedelici...\" src=\"https:\/\/www.europesays.com\/it\/wp-content\/uploads\/2026\/07\/6a4d1bdc7d5cc.jpeg\" data-full-src=\"https:\/\/www.europesays.com\/it\/wp-content\/uploads\/2026\/07\/6a4d1bdc7d5cc.jpeg\"\/><\/p>\n<p class=\"chapter-paragraph\">Barba ha co-firmato oltre dieci pubblicazioni scientifiche, cinque come primo autore, pubblicate su riviste come The Lancet e Nature Medicine.<b> \u00abNegli studi abbiamo osservato che la psilocibina, in situazioni controllate, pu\u00f2 produrre effetti antidepressivi paragonabili a quelli dei trattamenti tradizionali. Ma sembra fare anche qualcosa in pi\u00f9. <\/b>La depressione non \u00e8 soltanto un senso di tristezza. \u00c8 anche smettere di provare entusiasmo, curiosit\u00e0, connessione con gli altri e un senso di significato nella propria vita. Gli psichedelici sembrano aiutare alcune persone a ritrovare proprio queste dimensioni, <b>rompendo schemi mentali rigidi <\/b>che spesso mantengono la depressione\u00bb.<\/p>\n<p>    Dalle colline emiliane all&#8217;Imperial College di Londra<\/p>\n<p class=\"chapter-paragraph\">Barba \u00e8 cresciuto ad <b>Albinea<\/b>, sulle colline emiliane, lontano dai laboratori dove lavora oggi. Da bambino colleziona minerali, poi fossili, poi farfalle. Le cataloga con ordine. \u00abSono sempre stato un bambino strano\u00bb. Crescendo si appassiona a Freud e a Jung.\u00a0\u00ab<b>Ero affascinato dalla psicoanalisi, dai sogni e dall\u2019idea che nella mente inconscia ci fosse qualcosa di pi\u00f9 profondo della mente in stato di veglia\u00bb.<\/b>  Legge i testi degli anni Cinquanta e Sessanta, quando gli psichedelici entrano nel dibattito psicoanalitico come una sorta di autostrada verso le profondit\u00e0 della mente. \u00abLeggendo le interviste di Robin Carhart-Harris, il neuroscienziato che ha contribuito a riaprire la ricerca sugli psichedelici, ho scoperto che queste sostanze potevano diventare uno strumento <b>per comprendere l&#8217;inconscio umano.<\/b> \u00c8 stato l\u00ec che ho deciso di dedicarmi a questo campo\u00bb.\u00a0<\/p>\n<p class=\"chapter-paragraph\">A diciotto anni arriva a Milano per studiare Psicologia alla Bicocca. Vive in un dormitorio universitario. Un giorno dimentica sul comodino il libro che sta leggendo: LSD, storia di una sostanza stupefacente, della giornalista Agnese Codignola. Un compagno di stanza lo nota. \u00abMi disse: &#8220;L\u2019ha scritto la mamma di una mia amica. &#8220;Non ci potevo credere, ho chiesto di conoscerla&#8221;\u00bb. La incontra, le racconta che vuole studiare gli psichedelici. E lei lo incoraggia. <b>\u00abMolti per\u00f2 hanno cercato di dissuadermi. Un professore mi disse che era un suicidio di carriera\u00bb.<\/b><\/p>\n<p class=\"chapter-paragraph\">Qualche tempo dopo, durante un evento culturale, conosce anche il divulgatore <b>Alessandro Cecchi Paone<\/b>, che gli suggerisce di guardare a ci\u00f2 che si sta facendo all\u2019Universit\u00e0 di Maastricht, uno dei centri europei pi\u00f9 attivi in quel campo. \u00abFu uno dei primi a indicarmi quella strada\u00bb.  Cos\u00ec Tommaso parte, va a studiare Neuroscienze proprio a  Maastricht, poi si sposta a Londra, dove entra all&#8217;Imperial College, sede del centro di ricerca sulle sostanze psichedeliche pi\u00f9 grande del mondo.\u00a0<\/p>\n<p class=\"chapter-paragraph\"><b>Ora Barba studia nuovi composti, come il 5-MeO-DMT. \u00ab\u00c8 uno degli psichedelici pi\u00f9 potenti che esistano. <\/b>Pu\u00f2 indurre stati profondi di dissoluzione dell\u2019io, in cui l\u2019identit\u00e0 personale e persino il senso di avere un corpo sembrano svanire. Sono esperienze che ricordano alcuni stati descritti nella <b>meditazione profonda.<\/b> Con l\u2019EEG (l\u2019elettroencefalogramma) cerchiamo di mappare cosa accade nel cervello quando il senso di s\u00e9 si allenta fino quasi a scomparire. Questi processi sembrano essere una delle chiavi del potenziale terapeutico di queste molecole\u00bb.<\/p>\n<p>        <img decoding=\"async\" class=\"is_full_image\" loading=\"lazy\" alt=\"Tommaso Barba e gli psichedelici...\" src=\"https:\/\/www.europesays.com\/it\/wp-content\/uploads\/2026\/07\/6a4d1a501137b.jpeg\" data-full-src=\"https:\/\/www.europesays.com\/it\/wp-content\/uploads\/2026\/07\/6a4d1a501137b.jpeg\"\/><\/p>\n<p>    \u00abIo le ho provate, vi racconto come \u00e8 andata\u00bb<\/p>\n<p class=\"chapter-paragraph\">Quello che Barba studia in laboratorio lo ha sperimentato anche su di s\u00e9, in un centro autorizzato nei Paesi Bassi, accompagnato da terapeuti. \u00ab\u00c8 una sorta di psicoterapia profonda indotta dalla psilocibina e guidata. Nella prima sessione, <b>ho pianto.<\/b> Poi sono uscito in giardino, g<b>uardavo i fiori, le api,<\/b> <b>tutto mi sembrava acceso, coloratissimo.<\/b> Ho sentito una<b> profonda gratitudine <\/b>per essere vivo\u00bb. Nella seconda sessione, la dose \u00e8 pi\u00f9 alta.  \u00abVolevo aumentare la probabilit\u00e0 di quella che la ricerca chiama &#8220;dissoluzione dell&#8217;io&#8221;: uno stato in cui l&#8217;attivit\u00e0 cerebrale diventa cos\u00ec imprevedibile, dove il confine tra s\u00e9 e il mondo si allenta, fino a scomparire. Mi sono lasciato andare, concentrandomi sul respiro. Quando il senso di essere \u201cme\u201d \u00e8 scomparso, ho provato una <b>sensazione di unit\u00e0<\/b> con tutto ci\u00f2 che mi circondava. Da neuroscienziato mi chiedo come il cervello riesca a costruire, momento dopo momento, qualcosa che percepiamo cos\u00ec stabile e immutabile come la nostra identit\u00e0\u00bb.\u00a0<\/p>\n<p class=\"chapter-paragraph\"><b>Si diceva che LSD bruciasse il cervello. \u00abOggi alcuni studi sembrano dimostrare il contrario <\/b>e suggeriscono che gli psichedelici possano aumentare la plasticit\u00e0 cerebrale, favorendo la formazione di nuove connessioni tra i neuroni. \u00c8 uno dei motivi per cui la comunit\u00e0 scientifica \u00e8 tornata a studiarli. E per la psilocibina siamo gi\u00e0 a studi di fase 3\u00bb.<\/p>\n<p class=\"chapter-paragraph\"><b>Le sostanze psichedeliche creano dipendenza<\/b>? <b>\u00abNo.<\/b> Chi partecipa ai nostri studi,\u00a0sempre guidati da psicoterapeuti, vive esperienze cos\u00ec intense,\u00a0 paragonabili al parto o alla morte di una persona cara, che non vuole ripeterle. E chimicamente queste sostanze non toccano i circuiti della dopamina, come fanno invece cocaina ed eroina, ma agiscono sulla serotonina\u00bb.\u00a0<\/p>\n<p class=\"chapter-paragraph\"><b>Perch\u00e9 allora sono rimaste proibite per mezzo secolo? <\/b>\u00abI funghi psichedelici erano usati dalle popolazioni indigene dell&#8217;America Latina, gi\u00e0 presso gli Aztechi. Ma furono vietate dai colonizzatori. Negli anni Cinquanta i<b>l banchiere newyorkese Gordon Wasson partecip\u00f2 a un rituale sciamanico in Messico e raccont\u00f2 la sua esperienza su Life Magazine<\/b>. L\u2019articolo ha riacceso l\u2019interesse dell\u2019Occidente. Harvard ha iniziato a sperimentarle, ma negli anni sessanta gli psichedelici furono associati alla protesta contro la guerra in Vietnam. L&#8217;amministrazione Nixon li dichiar\u00f2 illegali e la ricerca si ferm\u00f2 per decenni\u00bb, racconta Barba.  In Italia oggi quella ricerca sta accelerando rapidamente.\u00a0<\/p>\n<p>        <img decoding=\"async\" class=\"is_full_image\" loading=\"lazy\" alt=\"Psichedelici contro la depressione. Tommaso Barba, il neuroscienziato italiano che all\u2019Imperial College di Londra ne studia gli effetti terapeutici: \u00ab\u00c8 il momento di mappare le profondit\u00e0 della mente\u00bb\" src=\"https:\/\/www.europesays.com\/it\/wp-content\/uploads\/2026\/07\/6a4e578076545.jpeg\" data-full-src=\"https:\/\/www.europesays.com\/it\/wp-content\/uploads\/2026\/07\/6a4e578076545.jpeg\"\/><\/p>\n<p class=\"chapter-paragraph\"><b>Il meccanismo alla base del loro funzionamento \u00e8 ancora oscuro<\/b>. \u00abL\u2019ipotesi principale \u00e8 che gli psichedelici aumentino l\u2019entropia cerebrale, cio\u00e8 rendano il cervello meno prevedibile e pi\u00f9 libero di esplorare nuovi modi di organizzare la propria attivit\u00e0. \u00c8 come se, per qualche ora, smettesse di percorrere sempre gli stessi sentieri neurali. Contemporaneamente si riduce <b>l\u2019attivit\u00e0 del Default Mode Network<\/b>, rete di aree cerebrali che sostiene il continuo dialogo con noi stessi. Quando queste reti diventano meno rigide, il cervello sembra acquisire una maggiore capacit\u00e0 di riorganizzarsi&#8230;\u00bb<\/p>\n<p>    La ricerca in Italia<\/p>\n<p class=\"chapter-paragraph\">Intanto anche in Italia la ricerca si muove. All&#8217;Universit\u00e0 degli Studi &#8216;Gabriele d&#8217;Annunzio&#8217; Chieti-Pescara, il professor<b> Giovanni Martinotti<\/b> sta coordinando due studi clinici sulla psilocibina nella depressione resistente. \u00abI risultati preliminari sono incoraggianti e possono contribuire a definire protocolli sicuri ed efficaci anche in Europa\u00bb spiega Martinotti che abbiamo raggiunto via email.\u00a0<\/p>\n<p class=\"chapter-paragraph\"><b\/>Per Barba, il tempo \u00e8 giusto. \u00abViviamo in una fase straordinaria. Abbiamo gi\u00e0 mappato il mondo. \u00c8 ancora troppo presto, forse, per mappare lo spazio. Oggi possiamo mappare le profondit\u00e0 della mente, che sono vaste e in parte sconosciute. Cos\u00ec potremo avere una relazione pi\u00f9 sana con noi stessi\u00bb.<\/p>\n<p>        <img decoding=\"async\" class=\"is_full_image\" loading=\"lazy\" alt=\"Tommaso Barba e gli psichedelici...\" src=\"https:\/\/www.europesays.com\/it\/wp-content\/uploads\/2026\/07\/6a4d1b73ddccd.jpeg\" data-full-src=\"https:\/\/www.europesays.com\/it\/wp-content\/uploads\/2026\/07\/6a4d1b73ddccd.jpeg\"\/><\/p>\n<p class=\"chapter-paragraph\"><b>Tornerai in Italia? <\/b>\u00ab\u00c8 un paese bellissimo, che amo e che mi manca. Tornerei se avessi possibilit\u00e0 professionali comparabili a quelle che ho all&#8217;estero\u00bb.\u00a0\u00a0<\/p>\n<p class=\"chapter-paragraph\">\u00ab<b>Le mie ricerche mi hanno insegnato a non considerarmi mai una forma finale: a essere sempre aperto a esplorare<\/b>, a mettermi in discussione, a guardarmi indietro e dire: quello che pensavo l&#8217;anno scorso era sbagliato. Pi\u00f9 il nostro senso di s\u00e9 si adatta al flusso della vita, pi\u00f9 possiamo essere felici\u00bb\u00a0<\/p>\n<p class=\"chapter-paragraph\"><b>La prima cosa da fare? \u00abRallentare. Dare attenzione alla banalit\u00e0 della vita.<\/b> Alle piccole cose. La meraviglia che notiamo ogni giorno \u00e8 proporzionale a quello che scegliamo di notare\u00bb.\u00a0 \u00a0<\/p>\n<p class=\"bck-copyright\" datetime=\"2026-07-07T17:06:07+02:00\">16 lug 2026 | 14:55<\/p>\n<p class=\"bck-copyright\">\u00a9 RIPRODUZIONE RISERVATA<\/p>\n","protected":false},"excerpt":{"rendered":"Per decenni sono stati considerati soltanto droghe pericolose. Oggi gli psichedelici entrano nei pi\u00f9 importanti laboratori scientifici del&hellip;\n","protected":false},"author":3,"featured_media":587966,"comment_status":"","ping_status":"","sticky":false,"template":"","format":"standard","meta":{"footnotes":"","_share_on_mastodon":"0"},"categories":[160],"tags":[219455,324083,1961,1498,2111,40223,694,22276,324084,921,104,20466,1887,2094,39370,20386,483,7079,52566,33251,324077,14,164,165,16480,2144,5812,10407,71960,324078,31405,18508,21583,3085,313,10087,46061,1251,7808,72260,72261,158673,251416,90,324085,20471,277530,5122,139697,100687,324079,78935,324086,5153,6045,166,220565,7,15,4483,6183,291666,145348,324087,896,3522,978,219452,8613,324088,6434,6176,324089,9608,252559,246451,324090,5818,324091,324092,1989,83724,614,324080,121761,12285,32791,2677,324081,14072,324093,10864,14644,10731,324082,29798,101019,21672,33940,13140,11,167,12,168,4316,161,162,163],"class_list":["post-587965","post","type-post","status-publish","format-standard","has-post-thumbnail","category-mondo","tag-allenta","tag-allenta-scomparire","tag-andata","tag-attivita","tag-aumentare","tag-autorizzato","tag-bambino","tag-barba","tag-barba-studia","tag-campo","tag-centro","tag-centro-ricerca","tag-cerebrale","tag-cervello","tag-chieti","tag-cinquanta","tag-cio","tag-college","tag-college-londra","tag-colline","tag-colline-emiliane","tag-cronaca","tag-dal-mondo","tag-dalmondo","tag-decenni","tag-depressione","tag-depressione-resistente","tag-disse","tag-dissoluzione","tag-emiliane","tag-entrano","tag-esperienze","tag-esplorare","tag-europa","tag-fase","tag-firmato","tag-funghi","tag-grandi","tag-identita","tag-imperial","tag-imperial-college","tag-imperial-college-londra","tag-indigene","tag-italia","tag-italia-ricerca","tag-laboratori","tag-leggendo","tag-londra","tag-lsd","tag-maastricht","tag-mappare","tag-martinotti","tag-mdma","tag-meccanismo","tag-mente","tag-mondo","tag-neuroscienziato","tag-news","tag-notizie","tag-nuovi","tag-ordine","tag-paragonabili","tag-popolazioni","tag-popolazioni-indigene","tag-possiamo","tag-possono","tag-post","tag-post-traumatico","tag-potenziale","tag-potenziale-terapeutico","tag-profonda","tag-profondita","tag-profondita-mente","tag-propria","tag-psichedeliche","tag-psichedelici","tag-psichedelici-entrano","tag-psilocibina","tag-psilocibina-depressione","tag-psilocibina-depressione-resistente","tag-racconta","tag-resistente","tag-ricerca","tag-ricerca-psichedelici","tag-scomparire","tag-se","tag-sembrano","tag-senso","tag-senso-se","tag-sessanta","tag-sessanta-psichedelici","tag-sessione","tag-sorta","tag-sostanze","tag-sostanze-psichedeliche","tag-studi","tag-studia","tag-studiare","tag-terapeutico","tag-tommaso","tag-ultime-notizie","tag-ultime-notizie-di-mondo","tag-ultimenotizie","tag-ultimenotiziedimondo","tag-universita","tag-world","tag-world-news","tag-worldnews"],"share_on_mastodon":{"url":"","error":"Validation failed: Text character limit of 500 exceeded"},"_links":{"self":[{"href":"https:\/\/www.europesays.com\/it\/wp-json\/wp\/v2\/posts\/587965","targetHints":{"allow":["GET"]}}],"collection":[{"href":"https:\/\/www.europesays.com\/it\/wp-json\/wp\/v2\/posts"}],"about":[{"href":"https:\/\/www.europesays.com\/it\/wp-json\/wp\/v2\/types\/post"}],"author":[{"embeddable":true,"href":"https:\/\/www.europesays.com\/it\/wp-json\/wp\/v2\/users\/3"}],"replies":[{"embeddable":true,"href":"https:\/\/www.europesays.com\/it\/wp-json\/wp\/v2\/comments?post=587965"}],"version-history":[{"count":0,"href":"https:\/\/www.europesays.com\/it\/wp-json\/wp\/v2\/posts\/587965\/revisions"}],"wp:featuredmedia":[{"embeddable":true,"href":"https:\/\/www.europesays.com\/it\/wp-json\/wp\/v2\/media\/587966"}],"wp:attachment":[{"href":"https:\/\/www.europesays.com\/it\/wp-json\/wp\/v2\/media?parent=587965"}],"wp:term":[{"taxonomy":"category","embeddable":true,"href":"https:\/\/www.europesays.com\/it\/wp-json\/wp\/v2\/categories?post=587965"},{"taxonomy":"post_tag","embeddable":true,"href":"https:\/\/www.europesays.com\/it\/wp-json\/wp\/v2\/tags?post=587965"}],"curies":[{"name":"wp","href":"https:\/\/api.w.org\/{rel}","templated":true}]}}