{"id":588061,"date":"2026-07-16T19:01:15","date_gmt":"2026-07-16T19:01:15","guid":{"rendered":"https:\/\/www.europesays.com\/it\/588061\/"},"modified":"2026-07-16T19:01:15","modified_gmt":"2026-07-16T19:01:15","slug":"leclerc-a-sky-se-la-ferrari-non-vince-il-titolo-spero-lo-faccia-kimi-mi-rivedo-in-lui","status":"publish","type":"post","link":"https:\/\/www.europesays.com\/it\/588061\/","title":{"rendered":"Leclerc a Sky: &#8216;Se la Ferrari non vince il titolo, spero lo faccia Kimi. Mi rivedo in lui&#8217;"},"content":{"rendered":"<p>Il pilota della Ferrari ospite della Pit Walk di Sky: &#8220;Non penso al campionato ancora, voglio vincere un&#8217;altra gara dopo Silverstone. Il lavoro che sto facendo sta dando i suoi frutti. E se non vincesse il titolo la Ferrari, sarei contento lo facesse Kimi. Ha un entusiasmo pazzesco, in lui rivedo me quando ho esordito&#8221;. E su Verstappen: &#8220;Pensavo fosse una brutta persona&#8230;&#8221;. Tutto il fine settimana del GP Belgio Tutto il fine settimana \u00e8 live su <a href=\"https:\/\/programmi.sky.it\/sport\/motori\/formula-1\/dove-vedere-f1-belgio-programmazione\" rel=\"nofollow noopener\" target=\"_blank\">Sky<\/a> e <a href=\"https:\/\/www.nowtv.it\/sport\/formula1\" rel=\"nofollow noopener\" target=\"_blank\">NOW<\/a><\/p>\n<p><a href=\"https:\/\/sport.sky.it\/formula-1\/2026\/07\/15\/f1-orari-gp-spa-2026-belgio\" rel=\"nofollow noopener\" target=\"_blank\">F1 IN BELGIO: IL PROGRAMMA DELLE DIRETTE SU SKY<\/a><\/p>\n<p>La vittoria a <strong>Silverstone <\/strong>ha tolto un peso dalle spalle di <strong>Charles Leclerc<\/strong>, che ora \u00e8 pronto ad affrontare la <strong>prossima sfida di Spa<\/strong> forte delle sensazioni positive arrivate dopo la gara in Gran Bretagna. Il pilota della <strong>Ferrari <\/strong>\u00e8 stato protagonista della <strong>Pit-Walk di Sky<\/strong>, dove ha parlato della rincora al titolo, di <strong>Kimi Antonelli<\/strong> &#8211; raccontando di rivedersi in lui &#8211; ma anche della passione infinita dei tifosi della Rossa che sente sempre costante. Sul periodo che si lasciato alle spalle con Silverstone, Leclerc ha detto: &#8220;Se \u00e8 stato q<strong>uello pi\u00f9 difficile non lo so<\/strong>. Non ho fatto l&#8217;esercizio di paragonare i momenti difficili e non ho neanche voglia di mettere energia in quello, per\u00f2 sicuramente \u00e8 stato un periodo difficile dove il feeling con la macchina non c&#8217;era, anche con delle piste e delle gare dove c&#8217;\u00e8 stata sfortuna. Cos\u00ec quando le due cose si mettono insieme fa pi\u00f9 male e <strong>abbiamo lasciato anche tanti punti<\/strong>\u00a0<strong>per strada <\/strong>con i problemi a Monaco, quelli durante la gara a Barcellona. Ma io non ho mai smesso di lavorare e di credere che una volta<strong> ritrovato il feeling<\/strong> i risultati sarebbero arrivati.<strong> Quindi ho continuato a lavorare a testa bassa<\/strong>&#8220;.<\/p>\n<p>\t\t\tLa certezza di aver fatto un passo avanti<\/p>\n<p>&#8220;Ci sono delle cose che ho fatto in tutta la mia carriera che oggi con questa macchina ho dovuto dimenticare e <strong>ripartire da zero.<\/strong> Ma questo fa parte del nostro lavoro. Noi dobbiamo adattarci a qualunque sfida e quella di quest&#8217;anno \u00e8 grande perch\u00e9 dobbiamo reinventare un po&#8217; come com&#8217;\u00e8 la guida. Per\u00f2 penso di <strong>aver fatto uno step su qualcosa in particolare<\/strong>\u00a0per la quale non andr\u00f2 nel dettaglio ma che mi permette di guidare molto pi\u00f9 naturalmente rispetto a prima, quando la macchina era molto pi\u00f9 difficile da anticipare&#8221;.<\/p>\n<p>\t\t\tLa lotta Mondiale e il paragone con Kimi Antonelli<\/p>\n<p>Sulla lotta Mondiale, Leclerc mette le cose in chiaro: &#8220;Non penso al campionato ancora, voglio vincere un&#8217;altra gara. Il lavoro che sto facendo sta dando i suoi frutti&#8221;. E poi aggiunge: &#8220;<strong>Se non vincesse il titolo la Ferrari, sarei contento lo vincesse Kimi<\/strong>. Ha un entusiasmo pazzesco, <strong>mi ci rivedo pensando a quando ho esordito<\/strong>&#8220;.<\/p>\n<p>\t\t\tIl rapporto con Verstappen: &#8220;Pensavo fosse una brutta persona&#8230;&#8221;<\/p>\n<p>&#8220;Mi piacerebbe sfidarmi <strong>all&#8217;ultima curva con Max Verstappen, <\/strong>entrambi non molliamo&#8221;, prosegue Leclerc guardando alla gara di domenica sul tracciato belga. &#8220;Il nostro rapporto \u00e8 maturato negli anni, ero convinto fosse una brutta persona e lui pensava lo stesso di me. Ma adesso il rapporto \u00e8 cambiato&#8221;. E sull&#8217;ipotesi di avere Max come compagno di squadra: &#8220;E&#8217; un pilota eccezionale che ha vinto 4 mondiali, per\u00f2 per fortuna ho avuto l&#8217;opportunit\u00e0 di avere compagni di squadra bravissimi: Hamilton, Vettel, Sainz. Quindi non mi farebbe paura se un giorno dovesse capitare. Sarebbe anche una bella storia perch\u00e9 abbiamo iniziato nel 2010 insieme e fatto cos\u00ec tutte le categorie dei kart. Averlo in Ferrari?<strong> <\/strong>Godiamoci Lewis&#8221;.<strong\/><\/p>\n<p>\t\t\tSulla gara di Spa e la sfida contro la Mercedes<\/p>\n<p>&#8220;Sono sempre scettico prima di iniziare il weekend &#8211; dice pensando al prossimo impegno in Belgio &#8211; ma <strong>spero che Spa sia una sorpresa come Silverstone<\/strong>.\u00a0Mondiale? Mercedes ha un grande vantaggio in termini di performance, ma l&#8217;affidabilit\u00e0 \u00e8 la nostra forza, dobbiamo star l\u00ec.\u00a0Mai visto il team spingere come stiamo facendo ora&#8221;.\u00a0<\/p>\n<p>    Segui tutti gli aggiornamenti di Sky Sport<\/p>\n<p><a href=\"https:\/\/profile.google.com\/cp\/CgovbS8wNGZfbTN4\" rel=\"nofollow noopener\" target=\"_blank\">&#8211; Segui Sky Sport su Google Discover-<\/a>\u00a0Non perderti live, news e video<\/p>\n<p><a href=\"https:\/\/www.whatsapp.com\/channel\/0029Va3UU8oFi8xatgf6sJ3V\" rel=\"nofollow noopener\" target=\"_blank\">&#8211; WhatsApp &#8211;<\/a>\u00a0Le notizie che devi sapere? Le trovi sul canale di Sky Sport<\/p>\n<p><a href=\"https:\/\/sport.sky.it\/video\/highlights?intcmp=skysport_social-connection_inline_skylights\" rel=\"nofollow noopener\" target=\"_blank\">&#8211; Guarda tutti gli Highlights &#8211;<\/a>\u00a0Entra in SkyLightsRoom<\/p>\n<p><a href=\"https:\/\/www.sky.it\/offerte?intcmp=skysport_social-connection_inline_offerte\" rel=\"nofollow noopener\" target=\"_blank\">&#8211; Offerte Sky &#8211;<\/a>\u00a0Scopri le promozioni disponibili e attivale subito<\/p>\n<p>\u00a0<\/p>\n<p>\t            TAG:<\/p>\n","protected":false},"excerpt":{"rendered":"Il pilota della Ferrari ospite della Pit Walk di Sky: &#8220;Non penso al campionato ancora, voglio vincere un&#8217;altra&hellip;\n","protected":false},"author":3,"featured_media":588062,"comment_status":"","ping_status":"","sticky":false,"template":"","format":"standard","meta":{"footnotes":"","_share_on_mastodon":"0"},"categories":[176],"tags":[3403,368,683,2812,1537,90,89,245,244],"class_list":["post-588061","post","type-post","status-publish","format-standard","has-post-thumbnail","category-sport","tag-charles-leclerc","tag-ferrari","tag-formula-1","tag-gp-belgio","tag-it","tag-italia","tag-italy","tag-sport","tag-sports"],"share_on_mastodon":{"url":"https:\/\/pubeurope.com\/@it\/116931204706700897","error":""},"_links":{"self":[{"href":"https:\/\/www.europesays.com\/it\/wp-json\/wp\/v2\/posts\/588061","targetHints":{"allow":["GET"]}}],"collection":[{"href":"https:\/\/www.europesays.com\/it\/wp-json\/wp\/v2\/posts"}],"about":[{"href":"https:\/\/www.europesays.com\/it\/wp-json\/wp\/v2\/types\/post"}],"author":[{"embeddable":true,"href":"https:\/\/www.europesays.com\/it\/wp-json\/wp\/v2\/users\/3"}],"replies":[{"embeddable":true,"href":"https:\/\/www.europesays.com\/it\/wp-json\/wp\/v2\/comments?post=588061"}],"version-history":[{"count":0,"href":"https:\/\/www.europesays.com\/it\/wp-json\/wp\/v2\/posts\/588061\/revisions"}],"wp:featuredmedia":[{"embeddable":true,"href":"https:\/\/www.europesays.com\/it\/wp-json\/wp\/v2\/media\/588062"}],"wp:attachment":[{"href":"https:\/\/www.europesays.com\/it\/wp-json\/wp\/v2\/media?parent=588061"}],"wp:term":[{"taxonomy":"category","embeddable":true,"href":"https:\/\/www.europesays.com\/it\/wp-json\/wp\/v2\/categories?post=588061"},{"taxonomy":"post_tag","embeddable":true,"href":"https:\/\/www.europesays.com\/it\/wp-json\/wp\/v2\/tags?post=588061"}],"curies":[{"name":"wp","href":"https:\/\/api.w.org\/{rel}","templated":true}]}}