{"id":588212,"date":"2026-07-16T21:03:20","date_gmt":"2026-07-16T21:03:20","guid":{"rendered":"https:\/\/www.europesays.com\/it\/588212\/"},"modified":"2026-07-16T21:03:20","modified_gmt":"2026-07-16T21:03:20","slug":"champions-league-volley-le-pantere-nel-girone-b-con-novara-resovia-e-dresda","status":"publish","type":"post","link":"https:\/\/www.europesays.com\/it\/588212\/","title":{"rendered":"Champions League volley, le Pantere nel girone B con Novara, Resovia e Dresda"},"content":{"rendered":"<p>L&#8217;Antonio Carraro Prosecco Doc Imoco Volley \u00e8 stata inserita nel girone B della Cev Champions League 2026\/27. Il sorteggio, effettuato oggi nella sede Cev a Lussemburgo, ha messo le Pantere di fronte a tre avversarie: le polacche del Resovia, le tedesche di Dresda e, per un derby tutto italiano, l&#8217;Igor Gorgonzola Novara.<\/p>\n<p><strong>Il girone B: derby italiano e rivali gi\u00e0 note<\/strong><\/p>\n<p>Le Pantere, inserite in prima fascia, ritrovano due squadre gi\u00e0 affrontate la scorsa stagione nella pool: il Resovia e Dresda, entrambe gi\u00e0 sconfitte. Con Novara, rivale storica, i precedenti sono invece di natura pi\u00f9 prestigiosa: una SuperFinal di Berlino nel 2019 (vittoria delle piemontesi), una semifinale di Champions nel 2021 (doppia vittoria dell&#8217;Imoco) e due gare nella fase a gironi 2017\/18, con una vittoria per parte. Contro il Resovia i precedenti sono invece otto, tutti favorevoli alle giallobl\u00f9. Con Dresda il bilancio \u00e8 di due vittorie per la squadra di coach Daniele Santarelli nella scorsa edizione del torneo.<\/p>\n<p><strong>Il calendario del girone<\/strong><\/p>\n<p>Si comincia il 24\/25\/26 novembre in casa contro Novara. Le Pantere giocheranno poi fuori il 1\/2\/3 dicembre a Dresda e il 15\/16\/17 dicembre a Resovia. Il girone di ritorno si apre al Palaverde il 12\/13\/14 gennaio 2027 contro Dresda, per poi spostarsi il 26\/27\/28 gennaio al PalaIgor di Novara. L&#8217;ultima gara del girone \u00e8 fissata per il 3 febbraio in casa con il Resovia. I barrage degli ottavi di finale sono in programma il 16\/17\/18 febbraio (andata) e il 23\/24\/25 febbraio (ritorno). I quarti di finale si disputeranno il 9\/10\/11 marzo e il 16\/17\/18 marzo. La Final Four si terr\u00e0 il 1 e 2 maggio a Istanbul.<\/p>\n<p><strong>La formula della competizione<\/strong><\/p>\n<p>I gironi restano cinque, come nelle ultime edizioni. Le prime classificate accedono direttamente ai quarti di finale. Le seconde e la miglior terza si affrontano in un barrage \u2014 con partite di andata e ritorno ed eventuale golden set alla fine della seconda gara \u2014 per assegnare gli altri tre posti disponibili ai quarti. La Final Four decreter\u00e0 il club campione d&#8217;Europa.<\/p>\n<p><strong>Santarelli: \u00abVogliamo fare un cammino lungo\u00bb<\/strong><\/p>\n<p>Il tecnico delle Pantere commenta cos\u00ec il sorteggio: \u00abIl destino \u00e8 strano, affrontare cos\u00ec tante volte Resovia in pochi anni \u00e8 abbastanza incredibile, comunque i roster sono cambiati e dovremo studiare il nuovo assetto delle polacche e delle altre squadre in lizza nel girone. Sappiamo il valore di un team come Novara che conosciamo e con le novit\u00e0 nel roster sar\u00e0 ancora una squadra molto forte. E&#8217; bello che ci siano squadre forti che alzano il livello della competizione, vedo le due italiane favorite con le altre due squadre nel ruolo di mine vaganti che potranno dare fastidio nel girone. Penso che le tedesche e le polacche allestiranno roster interessanti, magari non di primissima fascia, ma ormai sono societ\u00e0 abituate alla Champions e in grado di dare fastidio a chiunque. Ci aspetta una Champions molto interessante, vogliamo fare un cammino lungo e sono convinto che potremo fare bene, a partire da questo girone iniziale\u00bb.<\/p>\n","protected":false},"excerpt":{"rendered":"L&#8217;Antonio Carraro Prosecco Doc Imoco Volley \u00e8 stata inserita nel girone B della Cev Champions League 2026\/27. Il&hellip;\n","protected":false},"author":3,"featured_media":588213,"comment_status":"","ping_status":"","sticky":false,"template":"","format":"standard","meta":{"footnotes":"","_share_on_mastodon":"0"},"categories":[1474],"tags":[324204,96992,1537,90,89,55332,245,244,1869],"class_list":["post-588212","post","type-post","status-publish","format-standard","has-post-thumbnail","category-volley","tag-champions-league-volley","tag-imoco-volley","tag-it","tag-italia","tag-italy","tag-sorteggi","tag-sport","tag-sports","tag-volley"],"share_on_mastodon":{"url":"https:\/\/pubeurope.com\/@it\/116931684353849184","error":""},"_links":{"self":[{"href":"https:\/\/www.europesays.com\/it\/wp-json\/wp\/v2\/posts\/588212","targetHints":{"allow":["GET"]}}],"collection":[{"href":"https:\/\/www.europesays.com\/it\/wp-json\/wp\/v2\/posts"}],"about":[{"href":"https:\/\/www.europesays.com\/it\/wp-json\/wp\/v2\/types\/post"}],"author":[{"embeddable":true,"href":"https:\/\/www.europesays.com\/it\/wp-json\/wp\/v2\/users\/3"}],"replies":[{"embeddable":true,"href":"https:\/\/www.europesays.com\/it\/wp-json\/wp\/v2\/comments?post=588212"}],"version-history":[{"count":0,"href":"https:\/\/www.europesays.com\/it\/wp-json\/wp\/v2\/posts\/588212\/revisions"}],"wp:featuredmedia":[{"embeddable":true,"href":"https:\/\/www.europesays.com\/it\/wp-json\/wp\/v2\/media\/588213"}],"wp:attachment":[{"href":"https:\/\/www.europesays.com\/it\/wp-json\/wp\/v2\/media?parent=588212"}],"wp:term":[{"taxonomy":"category","embeddable":true,"href":"https:\/\/www.europesays.com\/it\/wp-json\/wp\/v2\/categories?post=588212"},{"taxonomy":"post_tag","embeddable":true,"href":"https:\/\/www.europesays.com\/it\/wp-json\/wp\/v2\/tags?post=588212"}],"curies":[{"name":"wp","href":"https:\/\/api.w.org\/{rel}","templated":true}]}}