{"id":588248,"date":"2026-07-16T21:34:16","date_gmt":"2026-07-16T21:34:16","guid":{"rendered":"https:\/\/www.europesays.com\/it\/588248\/"},"modified":"2026-07-16T21:34:16","modified_gmt":"2026-07-16T21:34:16","slug":"sinner-vacanza-in-sardegna-fa-la-spesa-al-supermercato-camuffato","status":"publish","type":"post","link":"https:\/\/www.europesays.com\/it\/588248\/","title":{"rendered":"Sinner, vacanza in Sardegna fa la spesa al supermercato camuffato"},"content":{"rendered":"<p>                                Inutili cappellino e occhiali da sole&#8230; Via al selfie coi dipendenti: &#8220;Per tutti noi \u00e8 stata una bellissima sorpresa, \u00e8 stato gentilissimo&#8221;. Dopo Wimbledon Jannik \u00e8 tornato in Sardegna, proprio l\u00ec dove era stato dopo il ko di Parigi<\/p>\n<p>            <a class=\"image is-50x50\" href=\"https:\/\/www.gazzetta.it\/redazione\/federica-cocchi\/\" rel=\"nofollow noopener\" target=\"_blank\"><br \/>\n                <img decoding=\"async\" class=\"is-rounded\" src=\"https:\/\/www.europesays.com\/it\/wp-content\/uploads\/2026\/04\/federica-cocchi-avatar.png\" alt=\"Federica Cocchi\"\/><br \/>\n            <\/a><\/p>\n<p>Giornalista<\/p>\n<p>                    16 luglio &#8211; 22:35  &#8211; MILANO<\/p>\n<p class=\"paragraph\" spellcheck=\"true\">Un giro al supermercato, nel banco dei formaggi, con occhiali da sole e un cappellino da pescatore, per rendersi irriconoscibile. Difficile, quasi impossibile, se sei Jannik Sinner, lo sportivo italiano del momento. Archiviato lo storico successo sull&#8217;erba di Londra, dove ha conquistato Wimbledon, il fenomeno azzurro si \u00e8 concesso qualche giorno di relax in Sardegna, tornando in uno dei luoghi che ormai frequenta con sempre maggiore assiduit\u00e0.\u00a0<\/p>\n<p>        al supermercato\u2014 \u00a0<\/p>\n<p class=\"paragraph\" spellcheck=\"true\">Secondo quanto riportato da \u201cLa Nuova Sardegna\u201d, Sinner si \u00e8 presentato in mattinata in un supermercato di Palau. Cappellino in testa, abbigliamento casual e la consueta discrezione: Sinner ha fatto la spesa, selezionando con cura i prodotti, come un qualsiasi turista. Jannik, sempre discreto, voleva passare inosservato, ma una ragazza lo ha riconosciuto e fotografato mentre si trovava davanti al banco frigo dei formaggi. Ovviamente, in men che non si dica, le immagini sono diventate virali sui social.\u00a0<\/p>\n<p>        La foto con i dipendenti\u2014 \u00a0<\/p>\n<p class=\"paragraph\" spellcheck=\"true\">Sinner ha per\u00f2 dimostrato ancora una volta tutta la sua semplicit\u00e0 e disponibilit\u00e0 quando ha accettato di farsi fotografare con i dipendenti del punto vendita, che hanno cos\u00ec trascorso una mattinata indimenticabile e conservato un ricordo del campione azzurro. &#8220;Per tutti noi \u00e8 stata una bellissima sorpresa, \u00e8 stato gentilissimo&#8221;, ha detto una di loro.\u00a0<\/p>\n<p>        Ritorno in Sardegna\u2014 \u00a0<\/p>\n<p class=\"paragraph\" spellcheck=\"true\">Per il fuoriclasse altoatesino si tratta di un ritorno in Gallura, raggiunta subito dopo i controlli al J Medical di Torino, effettuati dopo la vittoria di Wimbledon. Sinner era gi\u00e0 stato in vacanza poco pi\u00f9 di un mese fa, tra Porto Rafael e l&#8217;arcipelago di La Maddalena, a giugno, subito dopo l&#8217;eliminazione al Roland Garros. Un luogo che, senza dubbio, deve essere piaciuto a Jannik, visto che ci \u00e8 tornato per la seconda volta in poche settimane, in un clima, per fortuna, decisamente diverso.<\/p>\n<p class=\"is-copyright\">\u00a9 RIPRODUZIONE RISERVATA<\/p>\n","protected":false},"excerpt":{"rendered":"Inutili cappellino e occhiali da sole&#8230; Via al selfie coi dipendenti: &#8220;Per tutti noi \u00e8 stata una bellissima&hellip;\n","protected":false},"author":3,"featured_media":588249,"comment_status":"","ping_status":"","sticky":false,"template":"","format":"standard","meta":{"footnotes":"","_share_on_mastodon":"0"},"categories":[1457],"tags":[7920,1406,11368,324218,324219,38493,2588,17968,147674,5235,1537,90,89,1269,324220,14973,20459,216311,84298,3675,3954,366,245,244,14582,1273,1274],"class_list":["post-588248","post","type-post","status-publish","format-standard","has-post-thumbnail","category-tennis","tag-azzurro","tag-banco","tag-bellissima","tag-bellissima-sorpresa","tag-bellissima-sorpresa-gentilissimo","tag-cappellino","tag-dipendenti","tag-formaggi","tag-gentilissimo","tag-impossibile","tag-it","tag-italia","tag-italy","tag-jannik","tag-jannik-tornato","tag-mattinata","tag-occhiali","tag-occhiali-sole","tag-palau","tag-ritorno","tag-sardegna","tag-sinner","tag-sport","tag-sports","tag-supermercato","tag-tennis","tag-wimbledon"],"share_on_mastodon":{"url":"https:\/\/pubeurope.com\/@it\/116931806799651491","error":""},"_links":{"self":[{"href":"https:\/\/www.europesays.com\/it\/wp-json\/wp\/v2\/posts\/588248","targetHints":{"allow":["GET"]}}],"collection":[{"href":"https:\/\/www.europesays.com\/it\/wp-json\/wp\/v2\/posts"}],"about":[{"href":"https:\/\/www.europesays.com\/it\/wp-json\/wp\/v2\/types\/post"}],"author":[{"embeddable":true,"href":"https:\/\/www.europesays.com\/it\/wp-json\/wp\/v2\/users\/3"}],"replies":[{"embeddable":true,"href":"https:\/\/www.europesays.com\/it\/wp-json\/wp\/v2\/comments?post=588248"}],"version-history":[{"count":0,"href":"https:\/\/www.europesays.com\/it\/wp-json\/wp\/v2\/posts\/588248\/revisions"}],"wp:featuredmedia":[{"embeddable":true,"href":"https:\/\/www.europesays.com\/it\/wp-json\/wp\/v2\/media\/588249"}],"wp:attachment":[{"href":"https:\/\/www.europesays.com\/it\/wp-json\/wp\/v2\/media?parent=588248"}],"wp:term":[{"taxonomy":"category","embeddable":true,"href":"https:\/\/www.europesays.com\/it\/wp-json\/wp\/v2\/categories?post=588248"},{"taxonomy":"post_tag","embeddable":true,"href":"https:\/\/www.europesays.com\/it\/wp-json\/wp\/v2\/tags?post=588248"}],"curies":[{"name":"wp","href":"https:\/\/api.w.org\/{rel}","templated":true}]}}