{"id":588276,"date":"2026-07-16T21:53:15","date_gmt":"2026-07-16T21:53:15","guid":{"rendered":"https:\/\/www.europesays.com\/it\/588276\/"},"modified":"2026-07-16T21:53:15","modified_gmt":"2026-07-16T21:53:15","slug":"alpinista-precipita-per-15-metri-resta-sospesa-nel-vuoto-ma-la-compagna-di-cordata-la-trattiene-fino-allarrivo-dei-soccorsi-e-la-salva","status":"publish","type":"post","link":"https:\/\/www.europesays.com\/it\/588276\/","title":{"rendered":"Alpinista precipita per 15 metri, resta sospesa nel vuoto ma la compagna di cordata la trattiene fino all&#8217;arrivo dei soccorsi e la salva"},"content":{"rendered":"<p><strong><a href=\"https:\/\/www.ilgazzettino.it\/t\/cortina\" rel=\"nofollow noopener\" target=\"_blank\">CORTINA<\/a><\/strong> (BELLUNO) &#8211; <strong><a href=\"https:\/\/www.ilgazzettino.it\/t\/alpinista\" rel=\"nofollow noopener\" target=\"_blank\">Alpinista<\/a><\/strong> precipita per una quindicina di metri, poi batte la testa e resta sospesa nel vuoto.\u00a0\u00c8 accaduto verso mezzogiorno sulla via\u00a0Haupt Lompel al Becco di Mezzod\u00ec, a Cortina: la 40enne di\u00a0San Don\u00e0 di Piave \u00e8 precipitata mentre si trovava sugli ultimi tiri in prossimit\u00e0 di un camino, sbattendo sulla parete e rimanendo sospesa nel vuoto, trattenuta dalla compagna ferma in sosta.\u00a0<\/p>\n<p>    &#13;<\/p>\n<p>APPROFONDIMENTI<\/p>\n<p>&#13;<\/p>\n<p>                            &#13;<br \/>\n                                            &#13;<br \/>\n                            <a href=\"https:\/\/www.ilgazzettino.it\/nordest\/vicenza_bassano\/malore_escursionista_cade_dirupo_valbrenta-9655351.html\" rel=\"nofollow noopener\" target=\"_blank\">&#13;<br \/>\n                                                                <img decoding=\"async\" src=\"https:\/\/www.europesays.com\/it\/wp-content\/uploads\/2026\/07\/9655351_16192124_escursionista_malore_valbrenta_elicottero_grave.jpg\"\/>&#13;<br \/>\n                            <\/a>&#13;<br \/>\n                        &#13;<br \/>\n                                        &#13;<\/p>\n<p>        &#13;<\/p>\n<p>I soccorsi <\/p>\n<p>Sul posto \u00e8 stato inviato Falco 2 che, dopo aver effettuato una ricognizione per valutare la situazione, ha effettuato campo base al Rifugio Palmieri, dove ha lasciato infermiere e attrezzatura, tornando poi in quota con il medico a bordo.<\/p>\n<p>Calato con un verricello di 80 metri, il tecnico di elisoccorso ha recuperato l&#8217;infortunata, che ha riportato una ferita sulla gamba e un probabile trauma all&#8217;anca. <\/p>\n<p>Issata a bordo, la donna \u00e8 stata subito presa in carico dal medico e poi stabilizzata al campo base, per essere trasportata all&#8217;ospedale di Belluno. Al rientro da un intervento sul sentiero del Rifugio Vandelli, Falco 1 \u00e8 stato inviato sul Becco di Mezzod\u00ec, per recuperare\u00a0della compagna rimasta in parete. L&#8217;alpinista \u00e8 stata raggiunta dal tecnico di elisoccorso, sempre con un verricello di 80 metri, e trasportata a Malga Federa.\u00a0                        <\/p>\n","protected":false},"excerpt":{"rendered":"CORTINA (BELLUNO) &#8211; Alpinista precipita per una quindicina di metri, poi batte la testa e resta sospesa nel&hellip;\n","protected":false},"author":3,"featured_media":588277,"comment_status":"","ping_status":"","sticky":false,"template":"","format":"standard","meta":{"footnotes":"","_share_on_mastodon":"0"},"categories":[6],"tags":[20704,447,14,8,1537,90,89,7,15,82,9,83,10,13,11,80,84,12,81,85],"class_list":["post-588276","post","type-post","status-publish","format-standard","has-post-thumbnail","category-ultime-notizie","tag-alpinista","tag-cortina","tag-cronaca","tag-headlines","tag-it","tag-italia","tag-italy","tag-news","tag-notizie","tag-notizie-di-cronaca","tag-notizie-principali","tag-notiziedicronaca","tag-notizieprincipali","tag-titoli","tag-ultime-notizie","tag-ultime-notizie-di-cronaca","tag-ultime-notizie-e-news-di-oggi","tag-ultimenotizie","tag-ultimenotiziedicronaca","tag-ultimenotizieenewsdioggi"],"share_on_mastodon":{"url":"https:\/\/pubeurope.com\/@it\/116931881744195934","error":""},"_links":{"self":[{"href":"https:\/\/www.europesays.com\/it\/wp-json\/wp\/v2\/posts\/588276","targetHints":{"allow":["GET"]}}],"collection":[{"href":"https:\/\/www.europesays.com\/it\/wp-json\/wp\/v2\/posts"}],"about":[{"href":"https:\/\/www.europesays.com\/it\/wp-json\/wp\/v2\/types\/post"}],"author":[{"embeddable":true,"href":"https:\/\/www.europesays.com\/it\/wp-json\/wp\/v2\/users\/3"}],"replies":[{"embeddable":true,"href":"https:\/\/www.europesays.com\/it\/wp-json\/wp\/v2\/comments?post=588276"}],"version-history":[{"count":0,"href":"https:\/\/www.europesays.com\/it\/wp-json\/wp\/v2\/posts\/588276\/revisions"}],"wp:featuredmedia":[{"embeddable":true,"href":"https:\/\/www.europesays.com\/it\/wp-json\/wp\/v2\/media\/588277"}],"wp:attachment":[{"href":"https:\/\/www.europesays.com\/it\/wp-json\/wp\/v2\/media?parent=588276"}],"wp:term":[{"taxonomy":"category","embeddable":true,"href":"https:\/\/www.europesays.com\/it\/wp-json\/wp\/v2\/categories?post=588276"},{"taxonomy":"post_tag","embeddable":true,"href":"https:\/\/www.europesays.com\/it\/wp-json\/wp\/v2\/tags?post=588276"}],"curies":[{"name":"wp","href":"https:\/\/api.w.org\/{rel}","templated":true}]}}