{"id":588283,"date":"2026-07-16T22:05:31","date_gmt":"2026-07-16T22:05:31","guid":{"rendered":"https:\/\/www.europesays.com\/it\/588283\/"},"modified":"2026-07-16T22:05:31","modified_gmt":"2026-07-16T22:05:31","slug":"reggio-emilia-ufficiale-la-firma-di-rob-edwards","status":"publish","type":"post","link":"https:\/\/www.europesays.com\/it\/588283\/","title":{"rendered":"Reggio Emilia: ufficiale la firma di Rob Edwards"},"content":{"rendered":"<p> 12<\/p>\n<p class=\"wp-block-paragraph\">Continua a prendere forma il roster per la stagione 2026-2027 della\u00a0<strong>UNA Hotels Reggio Emilia<\/strong>. La formazione di coach Dimitris Priftis, infatti, ha ufficializzato l\u2019arrivo di\u00a0<strong>Rob Edwards\u00a0<\/strong>che, per la prima volta nella sua carriera, si misurer\u00e0 col campionato italiano e la Basketball Champions League. Edwards porta a reggio quella qualit\u00e0 nella met\u00e0 campo offensiva che i reggiani hanno perso con l\u2019addio a Troy Caupain, volato in Turchia.<\/p>\n<p>Reggio Emilia: ecco Rob Edwards<\/p>\n<p class=\"wp-block-paragraph\"><strong>Rob Edwards<\/strong> \u00e8 ufficialmente un nuovo giocatore della\u00a0<strong>UNA Hotels Reggio Emilia<\/strong>. Questo il comunicato con cui il club annuncia il suo nuovo giocatore:\u00a0\u201cPallacanestro Reggiana comunica di aver raggiunto un accordo con la guardia statunitense Rob Edwards per la stagione sportiva 2026\/2027.\u201d\u00a0Dunque, contratto sino al 30 giugno 2027 per la guardia americana, un vero e proprio giramondo del parquet. Con <a href=\"https:\/\/www.nbapassion.com\/lega-basket-a\/basket-mercato-a\/lba-jaylen-barford-rinnova-con-la-una-hotels-reggio-emilia-322418\/\" rel=\"nofollow noopener\" target=\"_blank\">Jaylen Barford<\/a>, Reggio Emilia si assicura una coppia di guardie fisica su entrambe le met\u00e0 campo.<\/p>\n<p class=\"wp-block-paragraph\">Queste le sue prime parole da giocatore reggiano:\u00a0\u201cHo scelto Reggio Emilia perch\u00e9 il progetto mi ha convinto fin dalle prime conversazioni con il coach e il General Manager. Mi hanno fatto sentire subito a mio agio e sono molto contento di avere questa opportunit\u00e0, che mi permetter\u00e0 di mostrare le mie qualit\u00e0 e di aiutare la squadra a vincere il maggior numero possibile di partite. Vogliamo che la nostra stagione duri il pi\u00f9 a lungo possibile, sia in campionato che in Basketball Champions League. <\/p>\n<p class=\"wp-block-paragraph\">Sono felice di venire a giocare in Italia: non ci sono mai stato, ma ne ho sempre sentito parlare molto bene, anche attraverso i film e le serie televisive che ho visto. Naturalmente, una delle cose che crea maggiore curiosit\u00e0 quando si pensa all\u2019Italia \u00e8 il cibo. Non vedo l\u2019ora di arrivare in citt\u00e0, conoscere tutti i membri del club, i miei nuovi compagni, lo staff e, naturalmente, i tifosi. Sono sicuro che si divertiranno molto venendo a vederci giocare al PalaBigi.\u201d<\/p>\n<p class=\"wp-block-paragraph\">Anche coach\u00a0<strong>Priftis<\/strong> ha commentato l\u2019operazione:\u00a0\u201cRob Edwards \u00e8 un giocatore di talento, dotato di importanti qualit\u00e0 realizzative. Aggiunger\u00e0 sicuramente qualit\u00e0 e fisicit\u00e0 al nostro gioco, sia nella met\u00e0 campo offensiva che in quella difensiva. Siamo felici che abbia scelto di unirsi a noi e siamo certi che sar\u00e0 una parte importante della nostra squadra.\u201d<\/p>\n<p>La carriera<\/p>\n<p class=\"css-tpvos8 wp-block-paragraph\">Nativo di Detroit e alto 196 centimetri, Edwards si \u00e8 formato cestisticamente in NCAA, vestendo le maglie di Cleveland State e Arizona State. Tra il 2020 e il 2023 ha maturato diverse esperienze in G League con Oklahoma City Blue e Wisconsin Herd. La sua prima esperienza europea risale al marzo 2023, quando ha concluso la stagione in Germania con il BC G\u00f6ttingen.<\/p>\n<p class=\"css-tpvos8 wp-block-paragraph\">Nell\u2019annata successiva \u00e8 tornato in G League, dividendosi tra Cleveland Charge, Maine Celtics e Delaware Blue Coats. Durante la stagione 2024\/2025 ha invece giocato in tre diversi continenti, indossando le maglie dei Cairns Taipans in Australia, degli Xinjiang Flying Tigers in Cina e degli Osos de Manat\u00ed a Porto Rico.<\/p>\n<p class=\"css-tpvos8 wp-block-paragraph\">Nella scorsa stagione ha vestito prima la maglia degli Jiangsu Dragons, in Cina, e successivamente quella dell\u2019Ironi Kiryat Ata, in Israele, dove ha fatto registrare quasi 22 punti, 4 assist e 4 rimbalzi di media nelle sei partite disputate.<\/p>\n","protected":false},"excerpt":{"rendered":"12 Continua a prendere forma il roster per la stagione 2026-2027 della\u00a0UNA Hotels Reggio Emilia. La formazione di&hellip;\n","protected":false},"author":3,"featured_media":588284,"comment_status":"","ping_status":"","sticky":false,"template":"","format":"standard","meta":{"footnotes":"","_share_on_mastodon":"0"},"categories":[1453],"tags":[1756,8858,1757,1537,90,89,3697,324229,245,244,90263],"class_list":["post-588283","post","type-post","status-publish","format-standard","has-post-thumbnail","category-basket","tag-basket","tag-basket-mercato-a","tag-basketball","tag-it","tag-italia","tag-italy","tag-legabasket","tag-rob-edwards","tag-sport","tag-sports","tag-una-hotels-reggio-emilia"],"share_on_mastodon":{"url":"https:\/\/pubeurope.com\/@it\/116931927999040466","error":""},"_links":{"self":[{"href":"https:\/\/www.europesays.com\/it\/wp-json\/wp\/v2\/posts\/588283","targetHints":{"allow":["GET"]}}],"collection":[{"href":"https:\/\/www.europesays.com\/it\/wp-json\/wp\/v2\/posts"}],"about":[{"href":"https:\/\/www.europesays.com\/it\/wp-json\/wp\/v2\/types\/post"}],"author":[{"embeddable":true,"href":"https:\/\/www.europesays.com\/it\/wp-json\/wp\/v2\/users\/3"}],"replies":[{"embeddable":true,"href":"https:\/\/www.europesays.com\/it\/wp-json\/wp\/v2\/comments?post=588283"}],"version-history":[{"count":0,"href":"https:\/\/www.europesays.com\/it\/wp-json\/wp\/v2\/posts\/588283\/revisions"}],"wp:featuredmedia":[{"embeddable":true,"href":"https:\/\/www.europesays.com\/it\/wp-json\/wp\/v2\/media\/588284"}],"wp:attachment":[{"href":"https:\/\/www.europesays.com\/it\/wp-json\/wp\/v2\/media?parent=588283"}],"wp:term":[{"taxonomy":"category","embeddable":true,"href":"https:\/\/www.europesays.com\/it\/wp-json\/wp\/v2\/categories?post=588283"},{"taxonomy":"post_tag","embeddable":true,"href":"https:\/\/www.europesays.com\/it\/wp-json\/wp\/v2\/tags?post=588283"}],"curies":[{"name":"wp","href":"https:\/\/api.w.org\/{rel}","templated":true}]}}