{"id":588305,"date":"2026-07-16T22:18:23","date_gmt":"2026-07-16T22:18:23","guid":{"rendered":"https:\/\/www.europesays.com\/it\/588305\/"},"modified":"2026-07-16T22:18:23","modified_gmt":"2026-07-16T22:18:23","slug":"questa-e-la-citta-piu-vivibile-al-mondo-nel-2026-ecco-quali-sono-le-migliori-dieci-in-classifica","status":"publish","type":"post","link":"https:\/\/www.europesays.com\/it\/588305\/","title":{"rendered":"Questa \u00e8 la citt\u00e0 pi\u00f9 vivibile al mondo nel 2026: ecco quali sono le migliori dieci in classifica"},"content":{"rendered":"<p> <img decoding=\"async\" fetchpriority=\"high\" src=\"https:\/\/www.europesays.com\/it\/wp-content\/uploads\/2026\/07\/questa-e-la-citta-piu-vivibile-al-mondo-nel-2026-ecco-quali-sono-le-migliori-dieci-in-classifica-178.jpeg\"  width=\"768\" height=\"432\" alt=\"La capitale danese, tra cultura e servizi \u00e8 la citt\u00e0 pi\u00f9 vivibile del 2026\" title=\"citt\u00e0 pi\u00f9 vivibile del 2026\" data-image=\"3aw25hg0jyvh\"\/>La capitale danese, tra cultura e servizi \u00e8 la citt\u00e0 pi\u00f9 vivibile del 2026   <img decoding=\"async\" fetchpriority=\"high\" src=\"https:\/\/www.europesays.com\/it\/wp-content\/uploads\/2026\/07\/paola-cirino.jpg\" alt=\"Paola Cirino\" width=\"40\" height=\"40\"\/>    <a class=\"nombre text-hv\" href=\"https:\/\/www.ilmeteo.net\/autore\/paola-cirino\/\" title=\"Paola Cirino\" data-mrf-recirculation=\"pre_article_author\" rel=\"nofollow noopener\" target=\"_blank\">Paola Cirino<\/a>      16\/07\/2026 17:00   6 min   <\/p>\n<p>La citt\u00e0 pi\u00f9 vivibile al mondo per il 2026 \u00e8 stata selezionata fra altre centosettantatr\u00e9 dal Global Liveability Index. I <strong>parametri <\/strong>in base a cui viene stilata la classifica<strong> <\/strong>sono trenta, raggruppati in <strong>cinque macoaree<\/strong> che riguardano stabilit\u00e0, sistema sanitario, cultura e ambiente, infrastrutture ed educazione.<\/p>\n<p>Il punteggio assegnato per ogni macroarea va da 1 a 100 e le citt\u00e0 esaminate sono quelle pi\u00f9 rappresentative per l&#8217;area geografica in cui si trovano.<\/p>\n<p>Tra le prime dieci in lista arrivano alcune conferme e alcune sorprese. Le <strong>italiane <\/strong>in classifica non sono rientrate nella top 10, ma occupano comunque posizioni <strong>medio-alte.<\/strong><\/p>\n<p>La citt\u00e0 pi\u00f9 vivibile del 2026<\/p>\n<p>Capitale della Danimarca, Copenaghen \u00e8 la citt\u00e0 pi\u00f9 vivibile del 2026, rieletta per il secondo anno consecutivo. <\/p>\n<p>A <strong>dimensione umana<\/strong>, fatta di luoghi per l\u2019intrattenimento, spazi verdi, piste ciclabili, la bella citt\u00e0 danese ha anche un mare balneabile che consente una pausa in spiaggia tra l\u2019uscita dal lavoro e l\u2019ora di cena. <\/p>\n<p>Copenaghen \u00e8 una citt\u00e0 vivace, sostenibile, dove la qualit\u00e0 della vita \u00e8 resa ancora migliore dal welfare che include educazione gratuita, sostegno alle famiglie con bambini e assistenza sanitaria, per una vita quanto pi\u00f9 possibile senza stress.<\/p>\n<p>Di alto livello pure le <strong>infrastrutture<\/strong>, per la citt\u00e0 che ha ottenuto la valutazione pi\u00f9 alta praticamente per ogni parametro preso in esame.<\/p>\n<p>Le prime cinque citt\u00e0 classificate<\/p>\n<p>Nella top 10 delle citt\u00e0 pi\u00f9 vivibili del 2026 c\u2019\u00e8 molta <strong>Europa <\/strong>anche oltre la prima classificata.<\/p>\n<p><strong>Vienna <\/strong>era sul gradino pi\u00f9 alto del podio fino a due anni fa, ma mantiene comunque una invidiabile seconda posizione in particolare grazie alla <strong>sanit\u00e0 <\/strong>e al <strong>sistema scolastico<\/strong>.<\/p>\n<p><img decoding=\"async\" fetchpriority=\"low\" class=\"lazy \" src=\"https:\/\/www.europesays.com\/it\/wp-content\/uploads\/2026\/07\/1784240300_303_questa-e-la-citta-piu-vivibile-al-mondo-nel-2026-ecco-quali-sono-le-migliori-dieci-in-classifica-178.jpeg\"  width=\"768\" height=\"432\" alt=\"Una delle eleganti strade di Vienna, la seconda citt\u00e0 pi\u00f9 vivibile del 2026\" title=\"Vienna citt\u00e0 pi\u00f9 vivibile del 2026\" data-image=\"pptw4b7wwnfw\"\/>Una delle eleganti strade di Vienna, la seconda citt\u00e0 pi\u00f9 vivibile del 2026<\/p>\n<p><strong>Melbourne e Sidney<\/strong> sono rispettivamente in terza e quarta posizione. La prima delle due citt\u00e0 australiane vanta una scena culturale vivacissima che spazia dalla musica, all\u2019arte, alla cucina, mentre Sidney \u00e8 stata premiata in particolare dal sistema sanitario e da quello educativo, impeccabili entrambi.<\/p>\n<p><a class=\"imagen \" href=\"https:\/\/www.ilmeteo.net\/notizie\/tempo-libero\/il-lago-piu-antico-d-europa-circondato-da-una-citta-medievale-e-la-meta-ideale-per-quest-estate.html\" title=\"Il lago pi\u00f9 antico d&#039;Europa, circondato da una citt\u00e0 medievale, \u00e8 la meta ideale per quest&#039;estate.\" rel=\"nofollow noopener\" target=\"_blank\"><img decoding=\"async\" fetchpriority=\"low\" class=\"lazy img-body non-editable\" src=\"https:\/\/www.europesays.com\/it\/wp-content\/uploads\/2026\/07\/el-lago-mas-antiguo-de-europa-rodeado-por-una-ciudad-medieval-es-el-destino-perfecto-para-este-veran.jpeg\"  width=\"320\" height=\"225\"\/><\/a><\/p>\n<p>Con <strong>Zurigo <\/strong>in quinta posizione si torna in Europa, in particolare grazie all\u2019<strong>efficienza <\/strong>e all\u2019ambiente che rende questa una citt\u00e0 moderna e al tempo stesso molto verde.<\/p>\n<p>Le altre citt\u00e0 nella top 10<\/p>\n<p>Le restanti cinque citt\u00e0 della classifica del Global Liveability Index sono tutte extraeuropee.<\/p>\n<p><strong>Osaka<\/strong>, citt\u00e0 d\u2019arte e grande snodo portuale del Giappone \u00e8 la sesta in classifica. <strong>Stabilit\u00e0, assistenza sanitaria ed educazione<\/strong> sono i tre settori in cui ha ottenuto il massimo punteggio.<\/p>\n<p><img decoding=\"async\" fetchpriority=\"low\" class=\"lazy \" src=\"https:\/\/www.europesays.com\/it\/wp-content\/uploads\/2026\/07\/1784240301_389_questa-e-la-citta-piu-vivibile-al-mondo-nel-2026-ecco-quali-sono-le-migliori-dieci-in-classifica-178.jpeg\"  width=\"768\" height=\"432\" alt=\"Osaka, in Giappone, \u00e8 un sorprendente mix di modernit\u00e0 e cultura antica\" title=\"Osaka\" data-image=\"gdei1ilxoqsr\"\/>Osaka, in Giappone, \u00e8 un sorprendente mix di modernit\u00e0 e cultura antica<\/p>\n<p><strong>Adelaide <\/strong>\u00e8 ottava, leggermente penalizzata rispetto alle altre citt\u00e0 australiane solo nell\u2019area cultura e ambiente.<\/p>\n<p><strong>Vancouver<\/strong>, in nona posizione, \u00e8 la prima ed unica citt\u00e0 del Nord America a comparire nella parte alta della classifica. La grande citt\u00e0 Canadese ha ottime valutazioni in ogni campo, con punteggio un po\u2019 pi\u00f9 basso solo nel settore delle infrastrutture.<\/p>\n<p>Al decimo posto c\u2019\u00e8 <strong>Tokyo<\/strong>, che guadagna qualche posizione rispetto all\u2019anno passato ed entra nella top 10. Il risultato \u00e8 sorprendente soprattutto in considerazione del fatto che \u00e8 una citt\u00e0 enorme. <\/p>\n<p><a class=\"imagen \" href=\"https:\/\/www.ilmeteo.net\/notizie\/scienza\/l-incredibile-progetto-del-super-grattacielo-alto-1700-metri-che-sorgera-a-tokyo-entro-il.html\" title=\"L&#039;incredibile progetto del super grattacielo alto 1700 metri che sorger\u00e0 a Tokyo entro il 2045\" rel=\"nofollow noopener\" target=\"_blank\"><img decoding=\"async\" fetchpriority=\"low\" class=\"lazy img-body non-editable\" src=\"https:\/\/www.europesays.com\/it\/wp-content\/uploads\/2026\/07\/l-incredibile-progetto-del-super-grattacielo-alto-1700-metri-che-sorgera-a-tokyo-entro-il-1718662368.jpeg\"  width=\"320\" height=\"225\"\/><\/a><\/p>\n<p>La capitale del Giappone conta <strong>quattordici milioni di abitanti<\/strong>, mentre l\u2019area metropolitana in totale ne conta <strong>33,4 milioni<\/strong>. Tokyo \u00e8 infatti una delle aree urbane pi\u00f9 popolate del pianeta ma nonostante ci\u00f2 riesce ad essere perfettamente organizzata e vivibile.<\/p>\n<p>Quali sono le citt\u00e0 italiane in classifica<\/p>\n<p>Tra le citt\u00e0 italiane in classifica ci sono <strong>Roma e Milano<\/strong>, ma posizionate piuttosto lontane dalla top 10. <\/p>\n<p>Entrambe le citt\u00e0 si classificano dopo la cinquantesima posizione in particolare a causa delle <strong>infrastrutture<\/strong>, non dello stesso livello di quello delle altre citt\u00e0, o della <strong>burocrazia<\/strong>. <\/p>\n<p><a class=\"imagen \" href=\"https:\/\/www.ilmeteo.net\/notizie\/tempo-libero\/le-citta-italiane-con-piu-alberi-la-classifica-delle-citta-piu-verdi-d-italia.html\" title=\"Le citt\u00e0 italiane con pi\u00f9 alberi: la classifica delle citt\u00e0 pi\u00f9 verdi d&#039;Italia\" rel=\"nofollow noopener\" target=\"_blank\"><img decoding=\"async\" fetchpriority=\"low\" class=\"lazy img-body non-editable\" src=\"https:\/\/www.europesays.com\/it\/wp-content\/uploads\/2026\/07\/le-citta-italiane-con-piu-alberi-la-classifica-delle-citta-piu-verdi-d-italia-1782897885659_320.jpg\"  width=\"320\" height=\"225\"\/><\/a><\/p>\n<p>Anche il <strong>sistema sanitario<\/strong> abbassa purtroppo il punteggio, perch\u00e9 pur essendo ancora di buon livello, \u00e8 penalizzato dalle interminabili <strong>liste d\u2019attesa<\/strong>. <\/p>\n<p>Non troppo bene neppure il punteggio relativo all\u2019<strong>ambiente<\/strong>, a causa dell\u2019inquinamento atmosferico, ad esempio, del traffico e della scarsit\u00e0 di verde pubblico. <\/p>\n<p>Come \u00e8 facile prevedere, il punteggio pi\u00f9 alto le citt\u00e0 italiane lo ottengono nel campo della <strong>cultura.<\/strong><\/p>\n<p><a class=\"imagen \" href=\"https:\/\/www.ilmeteo.net\/notizie\/tempo-libero\/dormire-di-giorno-e-scoprire-la-citta-di-notte-come-godersi-il-turismo-in-europa-sfuggendo-al-caldo-torrido.html\" title=\"Dormire di giorno e scoprire la citt\u00e0 di notte: come godersi il turismo in Europa sfuggendo al caldo torrido\" rel=\"nofollow noopener\" target=\"_blank\"><img decoding=\"async\" fetchpriority=\"low\" class=\"lazy img-body non-editable\" src=\"https:\/\/www.europesays.com\/it\/wp-content\/uploads\/2026\/07\/dormir-durante-el-dia-y-descubrir-la-ciudad-por-la-noche-como-disfrutar-del-turismo-en-europa-huyend.jpeg\"  width=\"320\" height=\"225\"\/><\/a><\/p>\n<p>Da notare comunque che Roma e Milano sono le uniche due citt\u00e0 d&#8217;Italia prese in esame. Mancano ad esempio Torino o Firenze, questo perch\u00e9 solo un campione ristretto di citt\u00e0 \u201cchiave\u201d per ogni stato viene valutato.<\/p>\n<p>Riferimento della notizia<\/p>\n<p class=\"article-reference__body\">Lindsey Galloway. (2026). <a href=\"https:\/\/www.bbc.com\/travel\/article\/20260706-the-worlds-most-liveable-cities-in-2026\" target=\"_blank\" data-mrf-recirculation=\"end_article_citation\" rel=\"nofollow noopener\">What it&#8217;s like to live in the world&#8217;s most liveable cities in 2026<\/a>.<\/p>\n","protected":false},"excerpt":{"rendered":"La capitale danese, tra cultura e servizi \u00e8 la citt\u00e0 pi\u00f9 vivibile del 2026 Paola Cirino 16\/07\/2026 17:00&hellip;\n","protected":false},"author":3,"featured_media":588306,"comment_status":"","ping_status":"","sticky":false,"template":"","format":"standard","meta":{"footnotes":"","_share_on_mastodon":"0"},"categories":[160],"tags":[1819,14,1644,164,165,166,7,15,28068,11,167,12,168,161,162,163],"class_list":["post-588305","post","type-post","status-publish","format-standard","has-post-thumbnail","category-mondo","tag-citta","tag-cronaca","tag-cultura","tag-dal-mondo","tag-dalmondo","tag-mondo","tag-news","tag-notizie","tag-top-10","tag-ultime-notizie","tag-ultime-notizie-di-mondo","tag-ultimenotizie","tag-ultimenotiziedimondo","tag-world","tag-world-news","tag-worldnews"],"share_on_mastodon":{"url":"https:\/\/pubeurope.com\/@it\/116931980404322239","error":""},"_links":{"self":[{"href":"https:\/\/www.europesays.com\/it\/wp-json\/wp\/v2\/posts\/588305","targetHints":{"allow":["GET"]}}],"collection":[{"href":"https:\/\/www.europesays.com\/it\/wp-json\/wp\/v2\/posts"}],"about":[{"href":"https:\/\/www.europesays.com\/it\/wp-json\/wp\/v2\/types\/post"}],"author":[{"embeddable":true,"href":"https:\/\/www.europesays.com\/it\/wp-json\/wp\/v2\/users\/3"}],"replies":[{"embeddable":true,"href":"https:\/\/www.europesays.com\/it\/wp-json\/wp\/v2\/comments?post=588305"}],"version-history":[{"count":0,"href":"https:\/\/www.europesays.com\/it\/wp-json\/wp\/v2\/posts\/588305\/revisions"}],"wp:featuredmedia":[{"embeddable":true,"href":"https:\/\/www.europesays.com\/it\/wp-json\/wp\/v2\/media\/588306"}],"wp:attachment":[{"href":"https:\/\/www.europesays.com\/it\/wp-json\/wp\/v2\/media?parent=588305"}],"wp:term":[{"taxonomy":"category","embeddable":true,"href":"https:\/\/www.europesays.com\/it\/wp-json\/wp\/v2\/categories?post=588305"},{"taxonomy":"post_tag","embeddable":true,"href":"https:\/\/www.europesays.com\/it\/wp-json\/wp\/v2\/tags?post=588305"}],"curies":[{"name":"wp","href":"https:\/\/api.w.org\/{rel}","templated":true}]}}