{"id":588396,"date":"2026-07-16T23:36:14","date_gmt":"2026-07-16T23:36:14","guid":{"rendered":"https:\/\/www.europesays.com\/it\/588396\/"},"modified":"2026-07-16T23:36:14","modified_gmt":"2026-07-16T23:36:14","slug":"sofia-bombardini-18-anni-con-mamma-giorgia-palmas-e-filippo-magnini-labito-monospalla-e-super-glamour","status":"publish","type":"post","link":"https:\/\/www.europesays.com\/it\/588396\/","title":{"rendered":"Sofia Bombardini, 18 anni con mamma Giorgia Palmas e Filippo Magnini: l&#8217;abito monospalla \u00e8 super glamour"},"content":{"rendered":"<p class=\"isSelectedEnd\">Diciotto anni sono un momento speciale e <strong>Sofia Bombardini<\/strong> li ha celebrati con stile. La figlia maggiore di <strong>Giorgia Palmas<\/strong> ha festeggiato la maggiore et\u00e0 circondata dagli affetti pi\u00f9 cari, scegliendo una giornata semplice ma piena di emozioni. Niente festa sopra le righe: solo famiglia, mare e una serata intima per un <strong>compleanno<\/strong> davvero importante tutto da ricordare.<\/p>\n<p>A raccontare il momento sui social sono stati proprio Giorgia Palmas e Filippo Magnini, che hanno condiviso le foto e le dolci dediche per la neo-diciottenne. Ma, oltre alle emozioni, a catturare l\u2019attenzione \u00e8 stato anche <strong>il look<\/strong> scelto da Sofia, gi\u00e0 molto sicura del suo stile.<\/p>\n<p>Sofia Bombardini chic per i 18 anni<\/p>\n<p class=\"isSelectedEnd\">Per festeggiare il suo ingresso nell\u2019et\u00e0 adulta, <a href=\"https:\/\/dilei.it\/spettacolo\/sofia-bombardini-debutto-red-carpet-mamma-giorgia-palmas\/2475591\/\" rel=\"nofollow noopener\" target=\"_blank\">Sofia Bombardini<\/a> ha scelto di puntare sul trend del momento, un <strong>abito corto color cioccolato<\/strong>, una nuance calda e sofisticata che valorizza l\u2019abbronzatura e dona subito un\u2019allure elegante. Il dettaglio protagonista \u00e8 il taglio monospalla \u2013 lo stesso scelto anche da mamma <a href=\"https:\/\/dilei.it\/star-e-vip\/giorgia-palmas\/\" rel=\"nofollow noopener\" target=\"_blank\">Giorgia Palmas<\/a>, in una versione over \u2013 che rende il vestito femminile e moderno senza esagerare.<\/p>\n<blockquote class=\"instagram-media\" data-instgrm-captioned=\"\" data-instgrm-permalink=\"https:\/\/www.instagram.com\/p\/Da3J-BjCHZ7\/?utm_source=ig_embed&amp;utm_campaign=loading\" data-instgrm-version=\"14\" style=\" background:#FFF; border:0; border-radius:3px; box-shadow:0 0 1px 0 rgba(0,0,0,0.5),0 1px 10px 0 rgba(0,0,0,0.15); margin: 1px; max-width:100%; min-width:326px; padding:0; width:99.375%; width:-webkit-calc(100% - 2px); width:calc(100% - 2px);\"\/>\n<p class=\"isSelectedEnd\">Un abito aderente ma raffinato, perfetto per una serata speciale, ma che non fa perdere quella naturalezza che sembra essere il tratto distintivo di Sofia. Anche beauty look e accessori seguono la stessa filosofia: capelli sciolti sulle spalle e <strong>make-up leggero<\/strong>, per un risultato fresco e luminoso adatto alle temperature proibitive di questi giorni.<\/p>\n<p>Ma il dettaglio che colpisce \u00e8 luxury: il <strong>bracciale Clic H di Herm\u00e8s<\/strong>. Un gioiello iconico e discreto, dal valore di circa 700 euro, che aggiunge un tocco prezioso senza rubare la scena all\u2019abito.<\/p>\n<p>Giorgia Palmas, la dedica emozionante alla figlia<\/p>\n<p class=\"isSelectedEnd\">Il compleanno di Sofia \u00e8 stato un momento speciale soprattutto per Giorgia Palmas, che ha voluto celebrare la crescita della figlia con <strong>un carosello<\/strong> su Instagram pieno zeppo di ricordi. Dalle foto di quando era bambina fino agli scatti pi\u00f9 recenti, la showgirl ha raccontato il legame profondo che le unisce.<\/p>\n<blockquote class=\"instagram-media\" data-instgrm-captioned=\"\" data-instgrm-permalink=\"https:\/\/www.instagram.com\/p\/Da0DIH5CAvv\/?utm_source=ig_embed&amp;utm_campaign=loading\" data-instgrm-version=\"14\" style=\" background:#FFF; border:0; border-radius:3px; box-shadow:0 0 1px 0 rgba(0,0,0,0.5),0 1px 10px 0 rgba(0,0,0,0.15); margin: 1px; max-width:100%; min-width:326px; padding:0; width:99.375%; width:-webkit-calc(100% - 2px); width:calc(100% - 2px);\"\/>\n<p class=\"isSelectedEnd\">Nel suo messaggio, Giorgia ha parlato di nuovi inizi, sogni e libert\u00e0, lasciando trasparire tutta l\u2019emozione nel vedere Sofia diventare grande. <strong>Una mamma orgogliosa<\/strong> che, pur lasciandole spazio per costruire il suo futuro, le ricorda che sar\u00e0 sempre al suo fianco.<\/p>\n<p class=\"isSelectedEnd\">Anche <a href=\"https:\/\/dilei.it\/star-e-vip\/filippo-magnini\/\" rel=\"nofollow noopener\" target=\"_blank\">Filippo Magnini<\/a> ha dedicato un pensiero alla festeggiata. Con il suo solito tono affettuoso e scherzoso, l\u2019ex nuotatore ha sottolineato <strong>quanto sia speciale il rapporto costruito con Sofia<\/strong> negli anni. Per lei \u00e8 una presenza importante e la loro complicit\u00e0 \u00e8 emersa ancora una volta.<\/p>\n<p>Figlia di Giorgia Palmas e dell\u2019ex calciatore Davide Bombardini, Sofia ha da poco concluso anche il percorso scolastico. Ora si apre una nuova fase della sua vita: chiss\u00e0 se sceglier\u00e0 una strada lontana dai riflettori o se seguir\u00e0 le orme della mamma nel mondo dello spettacolo. Per ora, il suo debutto da maggiorenne \u00e8 stato promosso a pieni voti anche in fatto di stile.<\/p>\n<p>\t\t\t\tScopri i personaggi in trend, le storie del momento e molto altro.<br \/>Dove? Sul <a href=\"https:\/\/whatsapp.com\/channel\/0029Vb68mVyHVvTWezDm7d0R\" target=\"_blank\" rel=\"noopener nofollow\">canale WhatsApp di DiLei!<\/a><\/p>\n<p>\t\t\t<a class=\"buttonCall\" href=\"https:\/\/whatsapp.com\/channel\/0029Vb68mVyHVvTWezDm7d0R\" target=\"_blank\" rel=\"noopener nofollow\" title=\"Seguici su WhatsApp\"><br \/>\n\t\t\t\tSeguici su WhatsApp<br \/>\n\t\t\t<\/a><\/p>\n<p>\t<script async src=\"\/\/www.instagram.com\/embed.js\"><\/script><\/p>\n","protected":false},"excerpt":{"rendered":"Diciotto anni sono un momento speciale e Sofia Bombardini li ha celebrati con stile. La figlia maggiore di&hellip;\n","protected":false},"author":3,"featured_media":588397,"comment_status":"","ping_status":"","sticky":false,"template":"","format":"standard","meta":{"footnotes":"","_share_on_mastodon":"0"},"categories":[174],"tags":[1449,203,50308,28682,204,1537,90,89,86],"class_list":["post-588396","post","type-post","status-publish","format-standard","has-post-thumbnail","category-intrattenimento","tag-compleanni","tag-entertainment","tag-filippo-magnini","tag-giorgia-palmas","tag-intrattenimento","tag-it","tag-italia","tag-italy","tag-vip"],"share_on_mastodon":{"url":"https:\/\/pubeurope.com\/@it\/116932286176840228","error":""},"_links":{"self":[{"href":"https:\/\/www.europesays.com\/it\/wp-json\/wp\/v2\/posts\/588396","targetHints":{"allow":["GET"]}}],"collection":[{"href":"https:\/\/www.europesays.com\/it\/wp-json\/wp\/v2\/posts"}],"about":[{"href":"https:\/\/www.europesays.com\/it\/wp-json\/wp\/v2\/types\/post"}],"author":[{"embeddable":true,"href":"https:\/\/www.europesays.com\/it\/wp-json\/wp\/v2\/users\/3"}],"replies":[{"embeddable":true,"href":"https:\/\/www.europesays.com\/it\/wp-json\/wp\/v2\/comments?post=588396"}],"version-history":[{"count":0,"href":"https:\/\/www.europesays.com\/it\/wp-json\/wp\/v2\/posts\/588396\/revisions"}],"wp:featuredmedia":[{"embeddable":true,"href":"https:\/\/www.europesays.com\/it\/wp-json\/wp\/v2\/media\/588397"}],"wp:attachment":[{"href":"https:\/\/www.europesays.com\/it\/wp-json\/wp\/v2\/media?parent=588396"}],"wp:term":[{"taxonomy":"category","embeddable":true,"href":"https:\/\/www.europesays.com\/it\/wp-json\/wp\/v2\/categories?post=588396"},{"taxonomy":"post_tag","embeddable":true,"href":"https:\/\/www.europesays.com\/it\/wp-json\/wp\/v2\/tags?post=588396"}],"curies":[{"name":"wp","href":"https:\/\/api.w.org\/{rel}","templated":true}]}}