{"id":588400,"date":"2026-07-16T23:38:19","date_gmt":"2026-07-16T23:38:19","guid":{"rendered":"https:\/\/www.europesays.com\/it\/588400\/"},"modified":"2026-07-16T23:38:19","modified_gmt":"2026-07-16T23:38:19","slug":"perche-in-umbria-apre-un-ikea-diverso-dal-solito-in-versione-small-store-e-il-secondo-in-italia","status":"publish","type":"post","link":"https:\/\/www.europesays.com\/it\/588400\/","title":{"rendered":"Perch\u00e9 in Umbria apre un Ikea diverso dal solito, in versione small store: \u00e8 il secondo in Italia"},"content":{"rendered":"<p>Corciano (Perugia), 16 luglio 2026 \u2013\u00a0L\u2019idea \u00e8 quella di uno store pi\u00f9 contenuto, adatto a centri pi\u00f9 piccoli rispetto alle mega strutture che si trovano nelle citt\u00e0 pi\u00f9 grandi. Aprir\u00e0 con ogni probabilit\u00e0 <strong>a settembre <a rel=\"follow nofollow noopener\" href=\"https:\/\/www.lanazione.it\/umbria\/cronaca\/nuova-apertura-ikea-oi1wpnfz\" target=\"_blank\">il punto vendita Ikea che servir\u00e0 la citt\u00e0 di Perugia e l\u2019Umbria<\/a><\/strong> in generale. Il punto vendita sar\u00e0 a <strong>Corciano<\/strong>, in un\u2019area dove si trovano gi\u00e0 altri marchi. Un capannone all\u2019esterno del quale comincia a spuntare il blu tipico dei negozi Ikea.<\/p>\n<p> <img alt=\"qef\" loading=\"lazy\" width=\"1600\" height=\"900\" decoding=\"async\" data-nimg=\"1\" style=\"color:transparent;max-width:100%;height:auto\"   src=\"https:\/\/www.europesays.com\/it\/wp-content\/uploads\/2026\/07\/1784245098_458_qef.webp\"\/><\/p>\n<p>L&#8217;esterno di un negozio Ikea. Lo sbarco in Umbria dovrebbe avvenire a settembre<\/p>\n<p>L\u2019attesa \u00e8 gi\u00e0 grande, anche perch\u00e9 questo nuovo Ikea porter\u00e0 diverse decine di posti di lavoro, per i quali sono aperte da tempo le candidature. Intanto, i lavori per la realizzazione del punto vendita vanno avanti.<\/p>\n<p>Approfondisci:<\/p>\n<p><a href=\"https:\/\/www.lanazione.it\/cosa-fare\/sagre-toscana-qhkz4ncj\" class=\"ArticleEmbed_article__embed__content__Jzqnz\" rel=\"nofollow noopener\" target=\"_blank\">Dieci sagre in Toscana nel weekend: ecco dove frescheggiare tra enogastronomia e musica<img alt=\"Dieci sagre in Toscana nel weekend: ecco dove frescheggiare tra enogastronomia e musica\" loading=\"lazy\" width=\"140\" height=\"78\" decoding=\"async\" data-nimg=\"1\" style=\"color:transparent\"  src=\"https:\/\/www.europesays.com\/it\/wp-content\/uploads\/2026\/07\/1784245099_725_wef.webp\"\/><\/a><br \/>\nEstensione ridotta <\/p>\n<p>L\u2019estensione, rispetto a un grande store Ikea, che pu\u00f2 arrivare a 50mila metri quadri, dovrebbe essere di 5\/6mila metri quadri, su due livelli. Ci saranno<strong> le tre aree tipiche <\/strong>dei negozi Ikea: quello per la progettazione di arredi vari (dalle cucine alle camere, ai bagni), quello per l\u2019acquisto dei vari prodotti (dalle candele, agli accessori per la cucina) e quello dell\u2019area food, dove poter consumare i prodotti alimentari che tradizionalmente si trovano nelle tavole calde del colosso svedese.\u00a0<\/p>\n<p> <img alt=\"IKEA INAUGURAZIONE\" loading=\"lazy\" width=\"4000\" height=\"2660\" decoding=\"async\" data-nimg=\"1\" style=\"color:transparent;max-width:100%;height:auto\"   src=\"https:\/\/www.europesays.com\/it\/wp-content\/uploads\/2026\/07\/ikea-inaugurazione.webp\"\/><\/p>\n<p>L&#8217;inaugurazione di un negozio Ikea italiano in una foto di repertorio<\/p>\n<p>L\u2019obbiettivo di Ikea <\/p>\n<p>L\u2019obbiettivo di Ikea con store pi\u00f9 piccoli in citt\u00e0 pi\u00f9 piccole \u00e8 quello di rendere i punti vendita pi\u00f9 accessibili. Da decenni le principali citt\u00e0 italiane (<strong>da Milano a Torino a Firenze<\/strong>) vedono la presenza di megastore Ikea. L\u2019azienda ha voluto adesso proporre un nuovo approccio. Una ventina in tutto i negozi pi\u00f9 piccoli in apertura in Europa. Quello di <strong>Perugia <\/strong>\u00e8 il secondo in Italia, dopo l\u2019apertura <strong>di Cagliari<\/strong>. Anche nel negozio di Perugia ci sar\u00e0 la possibilit\u00e0 di ritirare nello store quello che si \u00e8 acquistato online. Insomma, un Ikea che sia nella vita quotidiana delle persone, non un megastore lontano da casa in cui trascorrere una larga parte del pomeriggio, come avviene spesso negli store principali.\u00a0<\/p>\n","protected":false},"excerpt":{"rendered":"Corciano (Perugia), 16 luglio 2026 \u2013\u00a0L\u2019idea \u00e8 quella di uno store pi\u00f9 contenuto, adatto a centri pi\u00f9 piccoli&hellip;\n","protected":false},"author":3,"featured_media":588401,"comment_status":"","ping_status":"","sticky":false,"template":"","format":"standard","meta":{"footnotes":"","_share_on_mastodon":"0"},"categories":[172],"tags":[178,6509,177,5225,60949,1537,90,89,14594,164114,22521,28253,3601],"class_list":["post-588400","post","type-post","status-publish","format-standard","has-post-thumbnail","category-affari","tag-affari","tag-apre","tag-business","tag-diverso","tag-ikea","tag-it","tag-italia","tag-italy","tag-perche","tag-small","tag-store","tag-umbria","tag-versione"],"share_on_mastodon":{"url":"https:\/\/pubeurope.com\/@it\/116932294142583674","error":""},"_links":{"self":[{"href":"https:\/\/www.europesays.com\/it\/wp-json\/wp\/v2\/posts\/588400","targetHints":{"allow":["GET"]}}],"collection":[{"href":"https:\/\/www.europesays.com\/it\/wp-json\/wp\/v2\/posts"}],"about":[{"href":"https:\/\/www.europesays.com\/it\/wp-json\/wp\/v2\/types\/post"}],"author":[{"embeddable":true,"href":"https:\/\/www.europesays.com\/it\/wp-json\/wp\/v2\/users\/3"}],"replies":[{"embeddable":true,"href":"https:\/\/www.europesays.com\/it\/wp-json\/wp\/v2\/comments?post=588400"}],"version-history":[{"count":0,"href":"https:\/\/www.europesays.com\/it\/wp-json\/wp\/v2\/posts\/588400\/revisions"}],"wp:featuredmedia":[{"embeddable":true,"href":"https:\/\/www.europesays.com\/it\/wp-json\/wp\/v2\/media\/588401"}],"wp:attachment":[{"href":"https:\/\/www.europesays.com\/it\/wp-json\/wp\/v2\/media?parent=588400"}],"wp:term":[{"taxonomy":"category","embeddable":true,"href":"https:\/\/www.europesays.com\/it\/wp-json\/wp\/v2\/categories?post=588400"},{"taxonomy":"post_tag","embeddable":true,"href":"https:\/\/www.europesays.com\/it\/wp-json\/wp\/v2\/tags?post=588400"}],"curies":[{"name":"wp","href":"https:\/\/api.w.org\/{rel}","templated":true}]}}