{"id":588473,"date":"2026-07-17T00:48:14","date_gmt":"2026-07-17T00:48:14","guid":{"rendered":"https:\/\/www.europesays.com\/it\/588473\/"},"modified":"2026-07-17T00:48:14","modified_gmt":"2026-07-17T00:48:14","slug":"campo-largo-sfida-sulla-leadership-il-faccia-a-faccia-fra-conte-e-franceschini","status":"publish","type":"post","link":"https:\/\/www.europesays.com\/it\/588473\/","title":{"rendered":"Campo largo, sfida sulla leadership: il faccia a faccia fra Conte e Franceschini"},"content":{"rendered":"<p>    di<br \/>\n    Maria Teresa Meli<\/p>\n<p class=\"summary-art is-line-h-12\">Un&#8217;ora di incontro fra i due. Pd, M5s e Avs spingono sulle \u00abbattaglie comuni\u00bb in Parlamento<\/p>\n<p class=\"chapter-paragraph\">Intensificare le <b>battaglie parlamentari comun<\/b>i: \u00e8 questo l\u2019obiettivo che si \u00e8 dato il centrosinistra. L\u2019idea \u00e8 stata condivisa da tutti i leader perch\u00e9 lo scopo \u00e8 quello di <b>rinviare all\u2019esterno l\u2019immagine di uno<\/b> <b>schieramento compatto<\/b>, che si propone come alternativa di governo. <b>Pd, M5S, Avs<\/b> e non solo, perch\u00e9, come ricorda sempre<b> Elly Schlein <\/b>\u00abla coalizione bisogna allargarla, non restringerla\u00bb<\/p>\n<p class=\"chapter-paragraph\">Ieri infatti al Senato sono state presentate le risoluzioni del centrosinistra sull\u2019<b>autonomia differenziata<\/b> firmate anche da <b>Italia viva<\/b>. Alla Camera, sempre sullo stesso argomento, lo schema si ripeter\u00e0: quattro testi comuni. <b>Ancora non c\u2019\u00e8 un coordinamento ufficiale dei gruppi parlamentari<\/b> del centrosinistra, ma, nei fatti, \u00e8 come se ci fosse. Del resto, anche sulla richiesta di <b>voto segreto<\/b> <a href=\"https:\/\/roma.corriere.it\/politica\/diretta-live\/26_luglio_16\/legge-elettorale-diretta.shtml\" title=\"Legge elettorale, s\u00ec della Camera con 217 voti: il testo va al Senato | Le reazioni in diretta: FdI: \u00abVince l&#039;Italia\u00bb. Schlein: \u00abMaggioranza colabrodo\u00bb\" rel=\"nofollow noopener\" target=\"_blank\">sulla riforma elettorale<\/a> alla <b>Camera\u00a0<\/b> si \u00e8 agito cos\u00ec. I primi a proporre a  <b>Conte e Schlein<\/b> di utilizzare questo strumento sono stati  <a href=\"https:\/\/video.corriere.it\/politica\/voci-dal-parlamento\/legge-elettorale-bonelli-voto-segreto-proposto-me-nicola-strategia-zizzania-vincente\/9062151e-812e-11f1-bf35-51fadac34105\" title=\"Legge elettorale, Bonelli: Voto segreto proposto da me e Nicola. Strategia della zizzania vincente\" rel=\"nofollow noopener\" target=\"_blank\">Bonelli e Fratoianni,<\/a> i leader si sono mossi, i capigruppo si sono parlati ed \u00e8 scattata quella richiesta che ha fatto bocciare l\u2019emendamento sulle preferenze di <b>Fratelli d\u2019Italia.<\/b>    &#13;<br \/>\n&#13;<br \/>\n&#13;<br \/>\n&#13;<br \/>\n&#13;<br \/>\n&#13;<br \/>\n&#13;<br \/>\n&#13;<br \/>\n&#13;<br \/>\n&#13;<br \/>\n&#13;<br \/>\n&#13;<br \/>\n&#13;<br \/>\n&#13;<br \/>\n&#13;<br \/>\n&#13;<br \/>\n&#13;<br \/>\n&#13;<br \/>\n&#13;<br \/>\n&#13;<br \/>\n&#13;<br \/>\n&#13;<br \/>\n&#13;<br \/>\n&#13;<br \/>\n&#13;<br \/>\n&#13;<br \/>\n&#13;<br \/>\n&#13;<br \/>\n&#13;<br \/>\n&#13;<br \/>\n&#13;<br \/>\n&#13;<br \/>\n&#13;<br \/>\n&#13;<br \/>\n&#13;<br \/>\n&#13;<br \/>\n&#13;<br \/>\n&#13;<br \/>\n&#13;<br \/>\n&#13;<br \/>\n&#13;<br \/>\n&#13;<br \/>\n&#13;<br \/>\n&#13;<br \/>\n&#13;<br \/>\n&#13;<br \/>\n&#13;<br \/>\n&#13;<br \/>\n&#13;<br \/>\n&#13;<br \/>\n&#13;<br \/>\n&#13;<br \/>\n&#13;\n<\/p>\n<p class=\"chapter-paragraph\">Dopo la pausa estiva \u2014 lo ha ripetuto anche ieri la segretaria del Pd \u2014 questo lavor\u00eco si intensificher\u00e0 e <b>lo schieramento si allargher\u00e0<\/b>. Ma <b>Dario Franceschini<\/b> ritiene che bisognerebbe avere gi\u00e0 adesso un quadro di quello che sar\u00e0 il percorso e vorrebbe che <b>Schlein e Conte<\/b>, soprattutto<a href=\"https:\/\/www.corriere.it\/politica\/26_luglio_11\/campo-largo-caos-dopo-il-flop-a-napoli-in-bilico-il-bis-a-padova-l-idea-di-una-piazza-a-roma-212a7cee-2215-4b2f-a907-cd267f547xlk.shtml\" title=\"Campo largo, caos dopo il flop a Napoli. In bilico il bis a Padova, l&#039;idea di una piazza a Roma\" rel=\"nofollow noopener\" target=\"_blank\"> dopo i fatti di Napoli<\/a>, avessero un faccia a faccia e si chiarissero sulle mosse future, anche perch\u00e9 in ballo c\u2019\u00e8 ancora la questione della <b>leadership<\/b>. Di questo ha parlato con il leader 5 Stelle ieri a Montecitorio per quasi un\u2019ora. Un incontro che doveva restare segreto ma che un cronista dell\u2019Huffington Post ha rivelato.<\/p>\n<p class=\"chapter-paragraph\">Franceschini voleva capire anche le reali intenzioni di <b>Conte sulle primarie<\/b> e sull\u2019<b>allargamento a Renzi<\/b>, che, secondo l\u2019esponente dem, <b>il centrosinistra non pu\u00f2 permettersi di tenere fuori dall\u2019alleanza.<\/b> E a proposito di Renzi e dei movimenti al centro, un emendamento di <b>Forza Italia<\/b>, approvato alla Camera dei deputati, prevede che, nel 42% necessario a una coalizione per ottenere il premio di maggioranza, non vengano conteggiati i voti delle liste alleate che non hanno raggiunto il 3%. Eccezion fatta per la lista che, tra quelle escluse, sar\u00e0 riuscita a raccogliere il numero pi\u00f9 alto di consensi. Questa modifica obbliga quindi i <b>moderati e i riformisti<\/b> a mettersi insieme, pena il rischio di far perdere la coalizione di centrosinistra. L\u2019idea di <b>Goffredo Bettini <\/b>era quella di unire il centro grazie a <b>Gaetano Manfredi <\/b>che avrebbe fatto da garante dell\u2019operazione. Ma Renzi quello che pensa di questa ipotesi lo ha fatto capire bene pur non nominando il sindaco di Napoli: \u00abIl garante serve se c\u2019\u00e8 qualcuno che vuole essere garantito, ma la politica non \u00e8 per i garantiti\u00bb.<\/p>\n<p class=\"chapter-paragraph\">Del resto, <b>Renzi \u00e8 forte del fatto<\/b> di avere alle spalle un <b>partito, due gruppi parlamentari <\/b>e di non essere costretto, come prevede la nuova legge elettorale, a raccogliere le firme per presentare le sue liste. Il suo obiettivo \u00e8 quello di accogliere le forze che non fanno parte del tridente <b>Pd-M5S-Avs<\/b> nella sua <b>Casa riformista<\/b>. Ma non \u00e8 affatto detto che ci riesca.<\/p>\n<p class=\"is-mr-t-20 is-mr-b-20\"><b><br \/>\n                    <a href=\"https:\/\/roma.corriere.it\/?intcmp=Notizielocali_nd_010623_corriere_ss_roma\" target=\"_blank\" rel=\"nofollow noopener\">Vai a tutte le notizie di Roma<\/a><br \/>\n            <\/b><\/p>\n<p class=\"chapter-paragraph\"><b><a href=\"https:\/\/www.corriere.it\/newsletter\/?theme=52&amp;intcmp=NL-artic_nd_050624_corriere_ss_roma\" target=\"_blank\" rel=\"nofollow noopener\">Iscriviti alla newsletter di Corriere Roma<\/a><\/b><\/p>\n<p class=\"is-last-update\" datetime=\"2026-07-16T22:36:21+02:00\">16 luglio 2026<\/p>\n<p class=\"is-copyright\">\n            \u00a9 RIPRODUZIONE RISERVATA\n        <\/p>\n","protected":false},"excerpt":{"rendered":"di Maria Teresa Meli Un&#8217;ora di incontro fra i due. Pd, M5s e Avs spingono sulle \u00abbattaglie comuni\u00bb&hellip;\n","protected":false},"author":3,"featured_media":588474,"comment_status":"","ping_status":"","sticky":false,"template":"","format":"standard","meta":{"footnotes":"","_share_on_mastodon":"0"},"categories":[1452],"tags":[23660,64554,721,817,6880,104,2780,324293,121,8153,2790,27,2458,4031,1740,3958,21311,4067,175594,128,399,1537,90,89,381,28772,28730,248,809,62760,490,115717,2440,21556,2471,7815,1739,245,244],"class_list":["post-588473","post","type-post","status-publish","format-standard","has-post-thumbnail","category-calcio","tag-avs","tag-battaglie","tag-calcio","tag-camera","tag-capire","tag-centro","tag-centrosinistra","tag-centrosinistra-idea","tag-coalizione","tag-comuni","tag-conte","tag-elettorale","tag-emendamento","tag-fatti","tag-football","tag-franceschini","tag-garante","tag-gruppi","tag-gruppi-parlamentari","tag-idea","tag-incontro","tag-it","tag-italia","tag-italy","tag-leader","tag-leadership","tag-liste","tag-napoli","tag-obiettivo","tag-parlamentari","tag-pd","tag-pd-avs","tag-prevede","tag-raccogliere","tag-renzi","tag-schlein","tag-soccer","tag-sport","tag-sports"],"share_on_mastodon":{"url":"https:\/\/pubeurope.com\/@it\/116932569220272793","error":""},"_links":{"self":[{"href":"https:\/\/www.europesays.com\/it\/wp-json\/wp\/v2\/posts\/588473","targetHints":{"allow":["GET"]}}],"collection":[{"href":"https:\/\/www.europesays.com\/it\/wp-json\/wp\/v2\/posts"}],"about":[{"href":"https:\/\/www.europesays.com\/it\/wp-json\/wp\/v2\/types\/post"}],"author":[{"embeddable":true,"href":"https:\/\/www.europesays.com\/it\/wp-json\/wp\/v2\/users\/3"}],"replies":[{"embeddable":true,"href":"https:\/\/www.europesays.com\/it\/wp-json\/wp\/v2\/comments?post=588473"}],"version-history":[{"count":0,"href":"https:\/\/www.europesays.com\/it\/wp-json\/wp\/v2\/posts\/588473\/revisions"}],"wp:featuredmedia":[{"embeddable":true,"href":"https:\/\/www.europesays.com\/it\/wp-json\/wp\/v2\/media\/588474"}],"wp:attachment":[{"href":"https:\/\/www.europesays.com\/it\/wp-json\/wp\/v2\/media?parent=588473"}],"wp:term":[{"taxonomy":"category","embeddable":true,"href":"https:\/\/www.europesays.com\/it\/wp-json\/wp\/v2\/categories?post=588473"},{"taxonomy":"post_tag","embeddable":true,"href":"https:\/\/www.europesays.com\/it\/wp-json\/wp\/v2\/tags?post=588473"}],"curies":[{"name":"wp","href":"https:\/\/api.w.org\/{rel}","templated":true}]}}