{"id":588675,"date":"2026-07-17T04:10:14","date_gmt":"2026-07-17T04:10:14","guid":{"rendered":"https:\/\/www.europesays.com\/it\/588675\/"},"modified":"2026-07-17T04:10:14","modified_gmt":"2026-07-17T04:10:14","slug":"pakistan-un-atto-di-solidarieta-interreligiosa-per-una-famiglia-cristiana","status":"publish","type":"post","link":"https:\/\/www.europesays.com\/it\/588675\/","title":{"rendered":"Pakistan, un atto di solidariet\u00e0 interreligiosa per una famiglia cristiana"},"content":{"rendered":"<p>Leader religiosi, autorit\u00e0 locali e reti comunitarie hanno contribuito a prevenire la violenza di massa a Karachi in seguito ad accuse infondate di profanazione del Corano, rivolte a cristiani locali. Naeem Yousaf Gill, direttore esecutivo della Commissione cattolica di giustizia e pace locale: &#8220;L&#8217;episodio apra gradualmente la strada alla costruzione di buoni rapporti tra le comunit\u00e0&#8221;<\/p>\n<p><b>Francesca Merlo e Linda Bordoni &#8211; Citt\u00e0 del Vaticano<\/b><\/p>\n<p>Il rapido intervento delle autorit\u00e0 locali, dei leader religiosi musulmani, degli studenti dei seminari islamici e dei membri della comunit\u00e0 ha contribuito a prevenire la violenza contro una famiglia cristiana a Karachi, dopo che accuse infondate di profanazione del Corano avevano scatenato tensioni. Intervistato dai media vaticani, Naeem Yousaf Gill, direttore esecutivo della Commissione cattolica di giustizia e pace in Pakistan, ha affermato che la risposta a Baldia Town il 9 luglio ha dimostrato come un&#8217;azione tempestiva e la cooperazione interreligiosa possano contribuire a prevenire tragedie, pur avvertendo che i cristiani in Pakistan continuano a sentirsi vulnerabili ogni volta che emergono accuse di blasfemia.<\/p>\n<p>La protesta interrotta <\/p>\n<p>Secondo Gill, le segnalazioni indicano che &#8220;qualcuno aveva spedito per posta una pagina profanata del Sacro Corano a un negoziante locale&#8221;. La pagina conteneva presumibilmente le fotografie di un uomo cristiano, Azeem Javed, e di sua madre, residenti nella colonia di Qazafi a Baldia Town. Poco dopo, &#8220;una folla violenta ha assediato la casa dell&#8217;accusato Azeem&#8221;. Gill ha spiegato che la situazione \u00e8 stata riportata sotto controllo perch\u00e9 &#8220;il governo e l&#8217;amministrazione sono intervenuti tempestivamente e hanno assicurato ai manifestanti che la polizia avrebbe condotto un&#8217;indagine approfondita e individuato i colpevoli&#8221;. Di conseguenza, &#8220;la protesta \u00e8 stata interrotta&#8221;.<\/p>\n<p>Una dimostrazione di solidariet\u00e0 <\/p>\n<p>L&#8217;intervento di leader religiosi musulmani, studenti di seminari islamici e politici locali per proteggere le famiglie cristiane \u00e8 stato &#8211; ha ammesso Gill &#8211; inaspettato. &#8220;\u00c8 stato accolto e apprezzato con grande sorpresa&#8221;, ha affermato, esprimendo la speranza che l&#8217;episodio &#8220;apra gradualmente la strada alla costruzione di buoni rapporti tra le comunit\u00e0&#8221;. Per Gill, gli eventi di Baldia Town sottolineano l&#8217;importanza di una leadership decisa nei momenti di crisi. &#8220;Si \u00e8 appreso che se l&#8217;amministrazione e la leadership religiosa agissero con moderazione e saggezza, incidenti come quelli di Jaranwala e Gojra potrebbero essere evitati&#8221;, ha affermato, riferendosi a precedenti episodi di violenza anticristiana in Pakistan.\u00a0<\/p>\n<p>     <a href=\"https:\/\/www.vaticannews.va\/it\/chiesa\/news\/2026-07\/indonesia-asia-chiesa-cattolici-popoli-sinoldalita.html\" title=\"La Chiesa d&#039;Asia si interroga su sinodalit\u00e0 e ponti tra i popoli\" rel=\"nofollow noopener\" target=\"_blank\"><\/p>\n<p>        <img decoding=\"async\" src=\"data:image\/gif;base64,R0lGODlhAQABAIAAAAAAAP\/\/\/yH5BAEAAAAALAAAAAABAAEAAAIBRAA7\" data-original=\"https:\/\/www.vaticannews.va\/content\/dam\/vaticannews\/multimedia\/2025\/settembre\/27\/2-3.jpg\/_jcr_content\/renditions\/cq5dam.thumbnail.cropped.500.281.jpeg\" alt=\"La Chiesa d'Asia si interroga su sinodalit\u00e0 e ponti tra i popoli\"\/><\/p>\n<p>      <\/a><\/p>\n<p>\n      Dal 20 al 26 luglio, a Giacarta, in Indonesia, la Federazione delle Conferenze episcopali asiatiche riunisce oltre 120 partecipanti per tracciare le linee della missione della &#8230;\n     <\/p>\n<p>Una valutazione cauta <\/p>\n<p>Nonostante l&#8217;esito pacifico, Gill ha messo in guardia dall&#8217;interpretare l&#8217;incidente come prova di un pi\u00f9 ampio cambiamento di atteggiamento nei confronti dello stato di diritto. &#8220;Con un singolo episodio, non possiamo affermare che il rispetto per la legge stia crescendo. \u00c8 troppo presto&#8221;, ha dichiarato. Ha sottolineato che le comunit\u00e0 cristiane rimangono profondamente preoccupate ogni volta che emergono accuse di blasfemia. &#8220;La comunit\u00e0 cristiana si sente indifesa e vulnerabile in Pakistan a causa dei ripetuti episodi&#8221;, ha affermato. &#8220;L&#8217;accusa viene mossa contro una persona; tuttavia, se l&#8217;accusato \u00e8 cristiano, l&#8217;intera comunit\u00e0 ne paga il prezzo&#8221;. &#8220;Ci vorr\u00e0 tempo per ripristinare la fiducia della comunit\u00e0&#8221;, ha aggiunto.<\/p>\n<p>Il valore delle relazioni <\/p>\n<p>Gill ha spiegato che la Commissione cattolica di giustizia e pace \u00e8 stata in grado di rispondere rapidamente grazie alle consolidate relazioni all&#8217;interno della comunit\u00e0 locale. Ha raccontato che un ex membro dello staff residente nella stessa strada ha allertato il coordinatore della Commissione, il quale ha immediatamente contattato le autorit\u00e0 locali, tra cui il Vice Presidente del Parlamento Naveed, nonch\u00e9 &#8220;altre autorit\u00e0 e religiosi che condividevano gli stessi ideali&#8221;. Ha aggiunto che la Commissione aveva &#8220;organizzato seminari sull&#8217;armonia interreligiosa in quella zona&#8221; nel corso degli anni e aveva &#8220;sviluppato una solida rete di contatti con le comunit\u00e0 di maggioranza&#8221;. &#8220;Quell&#8217;iniziativa ha svolto un ruolo importante nell&#8217;attivare diverse brave persone per proteggere la comunit\u00e0 cristiana&#8221;, ha affermato. Per Gill, l&#8217;episodio offre un esempio concreto dell&#8217;importanza del dialogo tra le comunit\u00e0 religiose. &#8220;Il dialogo interreligioso ha una grande importanza. Dovrebbe essere continuato. Abbatter\u00e0 le barriere&#8221;, ha dichiarato.<\/p>\n<p>Prevenire future violenze <\/p>\n<p>Guardando al futuro, Gill ha auspicato una maggiore consapevolezza pubblica per contribuire a prevenire che le accuse di blasfemia degenerino in violenza. &#8220;Il governo dovrebbe avviare una campagna di sensibilizzazione con ogni mezzo a disposizione&#8221;, ha affermato, sottolineando che &#8220;una campagna del genere non \u00e8 mai stata intrapresa&#8221;. Ha suggerito che &#8220;attraverso libri di testo, fiction televisive, social media e messaggi brevi, le persone dovrebbero essere preparate ad agire con saggezza in situazioni simili&#8221;. Pur accogliendo con favore la risoluzione pacifica a Karachi, Gill ha ricordato alla comunit\u00e0 internazionale che molti cristiani in Pakistan continuano a subire discriminazioni. &#8220;I cattolici in Pakistan vivono una vita difficile&#8221;, ha dichiarato. &#8220;Affrontano discriminazioni, umiliazioni e odio in ogni ambito della loro vita. Lottano ancora per vivere con dignit\u00e0&#8221;. Riflettendo sulla possibilit\u00e0 che l&#8217;incidente offrisse motivi di speranza, Gill ha evidenziato un&#8217;importante differenza regionale. &#8220;Questo particolare incidente \u00e8 avvenuto nella provincia del Sindh&#8221;, ha affermato. &#8220;Il Sindh \u00e8 una societ\u00e0 relativamente pi\u00f9 tollerante del Punjab. Quasi tutti gli attacchi violenti contro i cristiani si verificano nel Punjab&#8221;.<\/p>\n","protected":false},"excerpt":{"rendered":"Leader religiosi, autorit\u00e0 locali e reti comunitarie hanno contribuito a prevenire la violenza di massa a Karachi in&hellip;\n","protected":false},"author":3,"featured_media":588676,"comment_status":"","ping_status":"","sticky":false,"template":"","format":"standard","meta":{"footnotes":"","_share_on_mastodon":"0"},"categories":[160],"tags":[1059,14,164,165,59545,6934,1634,166,7,15,20696,11,167,12,168,161,162,163],"class_list":["post-588675","post","type-post","status-publish","format-standard","has-post-thumbnail","category-mondo","tag-chiesa-cattolica","tag-cronaca","tag-dal-mondo","tag-dalmondo","tag-dialogo-interreligioso","tag-fede","tag-islam","tag-mondo","tag-news","tag-notizie","tag-pakistan","tag-ultime-notizie","tag-ultime-notizie-di-mondo","tag-ultimenotizie","tag-ultimenotiziedimondo","tag-world","tag-world-news","tag-worldnews"],"share_on_mastodon":{"url":"","error":""},"_links":{"self":[{"href":"https:\/\/www.europesays.com\/it\/wp-json\/wp\/v2\/posts\/588675","targetHints":{"allow":["GET"]}}],"collection":[{"href":"https:\/\/www.europesays.com\/it\/wp-json\/wp\/v2\/posts"}],"about":[{"href":"https:\/\/www.europesays.com\/it\/wp-json\/wp\/v2\/types\/post"}],"author":[{"embeddable":true,"href":"https:\/\/www.europesays.com\/it\/wp-json\/wp\/v2\/users\/3"}],"replies":[{"embeddable":true,"href":"https:\/\/www.europesays.com\/it\/wp-json\/wp\/v2\/comments?post=588675"}],"version-history":[{"count":0,"href":"https:\/\/www.europesays.com\/it\/wp-json\/wp\/v2\/posts\/588675\/revisions"}],"wp:featuredmedia":[{"embeddable":true,"href":"https:\/\/www.europesays.com\/it\/wp-json\/wp\/v2\/media\/588676"}],"wp:attachment":[{"href":"https:\/\/www.europesays.com\/it\/wp-json\/wp\/v2\/media?parent=588675"}],"wp:term":[{"taxonomy":"category","embeddable":true,"href":"https:\/\/www.europesays.com\/it\/wp-json\/wp\/v2\/categories?post=588675"},{"taxonomy":"post_tag","embeddable":true,"href":"https:\/\/www.europesays.com\/it\/wp-json\/wp\/v2\/tags?post=588675"}],"curies":[{"name":"wp","href":"https:\/\/api.w.org\/{rel}","templated":true}]}}