{"id":588735,"date":"2026-07-17T05:16:14","date_gmt":"2026-07-17T05:16:14","guid":{"rendered":"https:\/\/www.europesays.com\/it\/588735\/"},"modified":"2026-07-17T05:16:14","modified_gmt":"2026-07-17T05:16:14","slug":"tour-of-magnificent-qinghai-la-settima-tappa-accorciata-di-25-km-niente-salita-a-quota-4000","status":"publish","type":"post","link":"https:\/\/www.europesays.com\/it\/588735\/","title":{"rendered":"TOUR OF MAGNIFICENT QINGHAI. LA SETTIMA TAPPA ACCORCIATA DI 25 KM. NIENTE SALITA A QUOTA 4000"},"content":{"rendered":"<p>            <a class=\"category\" href=\"https:\/\/www.tuttobiciweb.it\/articles\/category\/PROFESSIONISTI\" itemprop=\"about\" rel=\"nofollow noopener\" target=\"_blank\">PROFESSIONISTI<\/a> | 17\/07\/2026 | 05:00<\/p>\n<p>Ormai il <strong>Tour of Magnificent Qinghai<\/strong> sembra essere destinato a perdere sempre pi\u00f9 pezzi.<a href=\"https:\/\/www.tuttobiciweb.it\/article\/1784174896\" target=\"_blank\" rel=\"noopener nofollow\"> Dopo la cancellazione della tappa di ieri<\/a>, <strong>la frazione odierna, la settima in programma, subir\u00e0 un accorciamento di circa 25 km a causa delle avverse condizioni meteo.<\/strong>\n            <\/p>\n<p>La corsa prender\u00e0 regolarmente il via da Gancha dove sarebbe dovuta arrivare la tappa di ieri e nei primi 70 km seguir\u00e0 il tracciato come da programma. Dopo lo sprint intermedio di Shadao il gruppo proseguir\u00e0 accanto al lago Qinghai per poi raggiungere il traguardo di Xihaizhen. <strong>Non verr\u00e0 quindi affrontata la salita di Tongbaoshan Mountain, una delle ascese pi\u00f9 complicate della corsa cinese con scollinamento a oltre 4000 m<\/strong>.\n            <\/p>\n<p>La decisione presa dall&#8217;organizzazione del Tour of Magnificent Qinghai in accordo con i commissari Uci avr\u00e0 sicuramente ripercussioni sulla classifica generale. Sulla carta infatti la tappa di oggi sarebbe stata determinante per la vittoria finale, ma dopo il taglio della salita di Tangbaoshan Mountain si trasformer\u00e0 in una frazione perfetta per i velocisti. La Gangche &#8211; Xihaizhen sar\u00e0 quindi di 105 km.\u00a0<\/p>\n<p>\n    <a href=\"https:\/\/www.tuttobiciweb.it\/article\/2026\/07\/17\/1784217416\/cycling-tour-of-qinghai-lake-course-modifications-sprinters-uci?lang=en\" rel=\"nofollow noopener\" target=\"_blank\"><img decoding=\"async\" src=\"https:\/\/www.europesays.com\/it\/wp-content\/uploads\/2025\/12\/enver.png\"\/><\/a><\/p>\n<p>Copyright &amp;copy TBW<\/p>\n","protected":false},"excerpt":{"rendered":"PROFESSIONISTI | 17\/07\/2026 | 05:00 Ormai il Tour of Magnificent Qinghai sembra essere destinato a perdere sempre pi\u00f9&hellip;\n","protected":false},"author":3,"featured_media":588736,"comment_status":"","ping_status":"","sticky":false,"template":"","format":"standard","meta":{"footnotes":"","_share_on_mastodon":"0"},"categories":[1456],"tags":[1824,1825,1537,90,89,324426,245,244,318230,3148,34655],"class_list":["post-588735","post","type-post","status-publish","format-standard","has-post-thumbnail","category-ciclismo","tag-ciclismo","tag-cycling","tag-it","tag-italia","tag-italy","tag-modifiche-percorso","tag-sport","tag-sports","tag-tour-of-qinghai-lake","tag-uci","tag-velocisti"],"share_on_mastodon":{"url":"https:\/\/pubeurope.com\/@it\/116933623663885729","error":""},"_links":{"self":[{"href":"https:\/\/www.europesays.com\/it\/wp-json\/wp\/v2\/posts\/588735","targetHints":{"allow":["GET"]}}],"collection":[{"href":"https:\/\/www.europesays.com\/it\/wp-json\/wp\/v2\/posts"}],"about":[{"href":"https:\/\/www.europesays.com\/it\/wp-json\/wp\/v2\/types\/post"}],"author":[{"embeddable":true,"href":"https:\/\/www.europesays.com\/it\/wp-json\/wp\/v2\/users\/3"}],"replies":[{"embeddable":true,"href":"https:\/\/www.europesays.com\/it\/wp-json\/wp\/v2\/comments?post=588735"}],"version-history":[{"count":0,"href":"https:\/\/www.europesays.com\/it\/wp-json\/wp\/v2\/posts\/588735\/revisions"}],"wp:featuredmedia":[{"embeddable":true,"href":"https:\/\/www.europesays.com\/it\/wp-json\/wp\/v2\/media\/588736"}],"wp:attachment":[{"href":"https:\/\/www.europesays.com\/it\/wp-json\/wp\/v2\/media?parent=588735"}],"wp:term":[{"taxonomy":"category","embeddable":true,"href":"https:\/\/www.europesays.com\/it\/wp-json\/wp\/v2\/categories?post=588735"},{"taxonomy":"post_tag","embeddable":true,"href":"https:\/\/www.europesays.com\/it\/wp-json\/wp\/v2\/tags?post=588735"}],"curies":[{"name":"wp","href":"https:\/\/api.w.org\/{rel}","templated":true}]}}