{"id":588890,"date":"2026-07-17T07:32:15","date_gmt":"2026-07-17T07:32:15","guid":{"rendered":"https:\/\/www.europesays.com\/it\/588890\/"},"modified":"2026-07-17T07:32:15","modified_gmt":"2026-07-17T07:32:15","slug":"ciclismo-le-offerte-per-seixas-pronti-10-milioni-annui","status":"publish","type":"post","link":"https:\/\/www.europesays.com\/it\/588890\/","title":{"rendered":"Ciclismo, le offerte per Seixas: pronti 10 milioni annui"},"content":{"rendered":"<p>                                Il francese 19enne al centro del mercato e intanto punta il podio al Tour: \u00e8 quinto a 59&#8221; dal secondo posto<\/p>\n<p>            <a class=\"image is-50x50\" href=\"https:\/\/www.gazzetta.it\/redazione\/ciro-scognamiglio\/\" rel=\"nofollow noopener\" target=\"_blank\"><br \/>\n                <img decoding=\"async\" class=\"is-rounded\" src=\"https:\/\/www.europesays.com\/it\/wp-content\/uploads\/2025\/10\/ciro_scognamiglio_avatar.png\" alt=\"Ciro Scognamiglio\"\/><br \/>\n            <\/a><\/p>\n<p>Giornalista<\/p>\n<p>                    17 luglio &#8211; 08:31  &#8211; MILANO<\/p>\n<p class=\"paragraph\" spellcheck=\"true\">Un\u2019asta di mercato cos\u00ec  non si era mai vista. E d\u2019altra parte Paul Seixas presenta diversi caratteri di eccezionalit\u00e0: non ha ancora compiuto 20 anni \u2013 li festegger\u00e0 il 24 settembre -, \u00e8 il pi\u00f9 giovane in gruppo al Tour de France e dopo 12 tappe \u00e8 quinto in classifica, a 4\u201935\u201d da Tadej Pogacar e ad appena 59\u201d da Jonas Vingegaard, secondo. Come dire che \u00e8 in tabella per il podio finale di Parigi: l\u2019unico in 123 anni di storia ad avercela fatta da Under 20 \u00e8 Henri Cornet, vincitore (a tavolino, peraltro, dopo squalifica dei primi quattro) dell\u2019edizione 1904. &#8220;Non mi pongo limiti, n\u00e9 ho obiettivi definiti. Ma di sicuro sono qui per ottenere il miglior risultato possibile&#8221;, dice il gioiello francese della Decathlon gi\u00e0 vincitore della Freccia Vallone e 2\u00b0 alla Liegi, il pi\u00f9 serio candidato a diventare il primo transalpino capace di vincere il Tour de France dopo Bernard Hinault (1985, l\u2019ultimo dei suoi cinque).<\/p>\n<p>        interesse\u2014 \u00a0<\/p>\n<p class=\"paragraph\" spellcheck=\"true\">Tutti vogliono Paul Seixas, e non passa giorno al Tour in cui non si parli di lui. Compreso ieri, quando a Chalon sur Saone Tim Merlier ha fatto tris in volata e Tadej Pogacar ha conservato la maglia gialla senza patemi. &#8220;La pressione degli altri non la sento \u2013 aveva detto il ragazzo di Lione alla vigilia della grande partenza, parlando a L\u2019Equipe -. Sono io stesso a metterla addosso, e mi piace. In me convivono due persone diverse. Quando non sono in sella, mi ritengo calmo, tranquillo e riflessivo. Poi, in bici, c\u2019\u00e8 inevitabilmente anche quella calma, ma emerge qualcosa in pi\u00f9. Non \u00e8 aggressivit\u00e0, perch\u00e9 il termine \u00e8 troppo forte, ma sento il desiderio di fare bene, c\u2019\u00e8 una voglia di vincere che emerge continuamente&#8221;. In un certo senso, sta anticipando Tadej Pogacar: neppure l\u2019attuale numero uno al mondo, nella prima stagione tra i grandi, si era cimentato con il Tour. Aveva debuttato alla Vuelta, chiudendo terzo, ma \u201cgi\u00e0\u201d sulla soglia dei 21 anni. Seixas va velocissimo e ha un contratto con la Decathlon CMA CGM \u2013 squadra francese in crescita, e molto ambiziosa &#8211; fino al 2027.<\/p>\n<p>        Futuro\u2014 \u00a0<\/p>\n<p class=\"paragraph\" spellcheck=\"true\">Ma dopo che cosa succeder\u00e0? Di Seixas si interessa addirittura Emmanuel Macron, il presidente della Repubblica che ha seguito dal vivo la sesta giornata, quella del Tourmalet: &#8220;Spero che vinca una o pi\u00f9 tappe in questo Tour, che mantenga la buona posizione in classifica, che addirittura riesca a migliorarla. \u00c8 in un\u2019ottima squadra\u2026&#8221;. E secondo alcune fonti si sarebbe rivolto al corridore consigliandogli di rimanere in un team francese. Alla porta hanno gi\u00e0 bussato i gruppi pi\u00f9 prestigiosi, a cominciare dalla Uae-XRG di Tadej Pogacar. E poi la Visma di Vingegaard e la Netcompany-Ineos, senza dimenticare l\u2019emergente Pinarello-Q36.5 del magnate sudafricano Ivan Glasenberg.  Le voci pi\u00f9 sentite: che Seixas in realt\u00e0 abbia gi\u00e0 firmato per diventare compagno di Pogacar dal 2028 (anche se sulle strade del Tour \u00e8 apparso uno striscione: Seixas non va alla Uae) e che la Pinarello-Q36.5 sia pronta ad offrirgli un ingaggio mai visto, almeno di  10 milioni a stagione, oltrepassando il livello attuale della maglia gialla. Di sicuro Dominique Serieys, il manager della Decathlon, ha detto che le trattative riprenderanno ad agosto. E, secondo quanto risulta alla Gazzetta, ecco la novit\u00e0: la squadra \u00e8 disposta a pagare tantissimo per trattenerlo. Pareggiando, quantomeno, le offerte pi\u00f9 ricche delle rivali: come dire che i soldi non sono un problema. Questo e altro, per un gioiello cos\u00ec prezioso.<\/p>\n<p class=\"is-copyright\">\u00a9 RIPRODUZIONE RISERVATA<\/p>\n","protected":false},"excerpt":{"rendered":"Il francese 19enne al centro del mercato e intanto punta il podio al Tour: \u00e8 quinto a 59&#8221;&hellip;\n","protected":false},"author":3,"featured_media":588891,"comment_status":"","ping_status":"","sticky":false,"template":"","format":"standard","meta":{"footnotes":"","_share_on_mastodon":"0"},"categories":[1456],"tags":[2108,3811,30861,1963,1824,1932,1825,277,2237,49723,29114,2240,3368,2226,16543,1537,90,89,2219,2228,1412,5858,17156,29034,3351,1931,25336,95720,27675,12349,245,244,1857,577,11340,1531,14390,3555,15683,1826,56293,4968,14862,2223,2668],"class_list":["post-588890","post","type-post","status-publish","format-standard","has-post-thumbnail","category-ciclismo","tag-accende","tag-addirittura","tag-asta","tag-attuale","tag-ciclismo","tag-classifica","tag-cycling","tag-de","tag-de-france","tag-decathlon","tag-emerge","tag-france","tag-francese","tag-gialla","tag-gioiello","tag-it","tag-italia","tag-italy","tag-maglia","tag-maglia-gialla","tag-mercato","tag-offerte","tag-paul","tag-paul-seixas","tag-podio","tag-pogacar","tag-quinto","tag-seixas","tag-sento","tag-sicuro","tag-sport","tag-sports","tag-squadra","tag-stagione","tag-tadej","tag-tadej-pogacar","tag-tappe","tag-tour","tag-tour-de","tag-tour-de-france","tag-uae","tag-vincere","tag-vincitore","tag-vingegaard","tag-vogliono"],"share_on_mastodon":{"url":"https:\/\/pubeurope.com\/@it\/116934158331404349","error":""},"_links":{"self":[{"href":"https:\/\/www.europesays.com\/it\/wp-json\/wp\/v2\/posts\/588890","targetHints":{"allow":["GET"]}}],"collection":[{"href":"https:\/\/www.europesays.com\/it\/wp-json\/wp\/v2\/posts"}],"about":[{"href":"https:\/\/www.europesays.com\/it\/wp-json\/wp\/v2\/types\/post"}],"author":[{"embeddable":true,"href":"https:\/\/www.europesays.com\/it\/wp-json\/wp\/v2\/users\/3"}],"replies":[{"embeddable":true,"href":"https:\/\/www.europesays.com\/it\/wp-json\/wp\/v2\/comments?post=588890"}],"version-history":[{"count":0,"href":"https:\/\/www.europesays.com\/it\/wp-json\/wp\/v2\/posts\/588890\/revisions"}],"wp:featuredmedia":[{"embeddable":true,"href":"https:\/\/www.europesays.com\/it\/wp-json\/wp\/v2\/media\/588891"}],"wp:attachment":[{"href":"https:\/\/www.europesays.com\/it\/wp-json\/wp\/v2\/media?parent=588890"}],"wp:term":[{"taxonomy":"category","embeddable":true,"href":"https:\/\/www.europesays.com\/it\/wp-json\/wp\/v2\/categories?post=588890"},{"taxonomy":"post_tag","embeddable":true,"href":"https:\/\/www.europesays.com\/it\/wp-json\/wp\/v2\/tags?post=588890"}],"curies":[{"name":"wp","href":"https:\/\/api.w.org\/{rel}","templated":true}]}}