{"id":588963,"date":"2026-07-17T08:36:17","date_gmt":"2026-07-17T08:36:17","guid":{"rendered":"https:\/\/www.europesays.com\/it\/588963\/"},"modified":"2026-07-17T08:36:17","modified_gmt":"2026-07-17T08:36:17","slug":"the-batman-parte-ii-e-stato-rimandato-di-nuovo","status":"publish","type":"post","link":"https:\/\/www.europesays.com\/it\/588963\/","title":{"rendered":"The Batman: Parte II \u00e8 stato rimandato di nuovo"},"content":{"rendered":"<p class=\"wp-block-paragraph\">Warner Bros. ha rinviato l\u2019uscita di The Batman: Parte II, il nuovo film diretto da Matt Reeves con Robert Pattinson nel ruolo del Cavaliere Oscuro. Il sequel \u2013 le cui riprese sono attualmente in corso \u2013 arriver\u00e0 ora nelle sale il 18 febbraio 2028, anzich\u00e9 il 1\u00ba ottobre 2027, come previsto in precedenza.<\/p>\n<p class=\"wp-block-paragraph\">La nuova data \u00e8 stata rivelata dallo stesso Reeves all\u2019interno di un camera test pubblicato su Vimeo che mostra brevemente Pattinson con il costume da Batman. Secondo quanto <a href=\"https:\/\/deadline.com\/2026\/07\/the-batman-ii-jj-abrams-the-great-beyond-release-date-changes-1236982669\/\" rel=\"nofollow noopener\" target=\"_blank\">riportato<\/a> da Deadline, lo slittamento sarebbe legato alla revisione del calendario delle uscite di Warner Bros., che ha spostato The Great Beyond, il nuovo film di J.J. Abrams da novembre 2026 a ottobre 2027. Dietro ai cambiamenti ci sarebbero anche le conseguenze della prevista fusione tra Paramount e Warner Bros., che sta per\u00f2 incontrando ostacoli legali negli Stati Uniti.<\/p>\n<p class=\"wp-block-paragraph\">Anche se alcune informazioni sulla trama e sui personaggi sono ancora riservate, \u00e8 stato gi\u00e0 confermato che The Batman: Parte II sar\u00e0 ambientato poco dopo gli eventi del primo film, durante l\u2019inverno. Robert Pattinson torner\u00e0 nei panni di Bruce Wayne\/Batman, sfoggiando una versione leggermente modificata del costume gi\u00e0 visto nel film del 2022.<\/p>\n<p class=\"wp-block-paragraph\">Nel cast torneranno anche Jeffrey Wright (Jim Gordon), Andy Serkis (Alfred Pennyworth), Colin Farrell (Oz Cobb\/Pinguino) e Jayme Lawson (il sindaco Bella Re\u00e1l). Fra i nuovi ingressi figurano Sebastian Stan, Scarlett Johansson, Charles Dance, Brian Tyree Henry e Sebastian Koch, anche se i loro ruoli non sono stati ancora annunciati ufficialmente. Secondo diverse indiscrezioni, Stan potrebbe interpretare Harvey Dent, Johansson sua moglie Gilda (o forse Poison Ivy) e Dance il padre del personaggio, Christopher Dent.<\/p>\n<p class=\"wp-block-paragraph\">Con il rinvio, il sequel arriver\u00e0 quasi sei anni dopo The Batman, uscito nel 2022. Nel frattempo, il prossimo film DC ad arrivare al cinema sar\u00e0 Clayface, prodotto esecutivamente dallo stesso Reeves e ambientato nel nuovo DC Universe guidato da James Gunn e Peter Safran. Successivamente sar\u00e0 la volta di Man of Tomorrow di James Gunn, previsto per il 9 luglio 2027.<\/p>\n<p class=\"wp-block-paragraph\"><strong>Leggi anche: <\/strong><a href=\"https:\/\/fumettologica.it\/2026\/07\/corrado-roi-copertina-batman-hush-2-panini\/\" rel=\"nofollow noopener\" target=\"_blank\"><strong>Corrado Roi ha disegnato una copertina di Batman<\/strong><\/a><\/p>\n<p class=\"has-background wp-block-paragraph\" style=\"background-color:#eeeeee\"><strong>Seguici su Instagram, <a href=\"https:\/\/www.instagram.com\/fumettologica\/\" rel=\"nofollow noopener\" target=\"_blank\">clicca qui<\/a>. <br \/>Se leggi spesso Fumettologica, puoi aggiungerla alle tue fonti preferite su Google per trovare pi\u00f9 facilmente i nostri articoli tra le notizie che ti interessano. Aggiungi Fumettologica alle tue fonti preferite <a href=\"https:\/\/google.com\/preferences\/source?q=fumettologica.it\" rel=\"nofollow noopener\" target=\"_blank\">cliccando qui<\/a>.<\/strong><\/p>\n<p>    <script async src=\"\/\/www.instagram.com\/embed.js\"><\/script><\/p>\n","protected":false},"excerpt":{"rendered":"Warner Bros. ha rinviato l\u2019uscita di The Batman: Parte II, il nuovo film diretto da Matt Reeves con&hellip;\n","protected":false},"author":3,"featured_media":588964,"comment_status":"","ping_status":"","sticky":false,"template":"","format":"standard","meta":{"footnotes":"","_share_on_mastodon":"0"},"categories":[1442],"tags":[48201,25146,203,454,204,1537,90,89,272994,1521,173676,324613,11573],"class_list":["post-588963","post","type-post","status-publish","format-standard","has-post-thumbnail","category-film","tag-batman","tag-dc-comics","tag-entertainment","tag-film","tag-intrattenimento","tag-it","tag-italia","tag-italy","tag-matt-reeves","tag-movies","tag-the-batman","tag-the-batman-part-ii","tag-warner-bros"],"share_on_mastodon":{"url":"https:\/\/pubeurope.com\/@it\/116934409514261693","error":""},"_links":{"self":[{"href":"https:\/\/www.europesays.com\/it\/wp-json\/wp\/v2\/posts\/588963","targetHints":{"allow":["GET"]}}],"collection":[{"href":"https:\/\/www.europesays.com\/it\/wp-json\/wp\/v2\/posts"}],"about":[{"href":"https:\/\/www.europesays.com\/it\/wp-json\/wp\/v2\/types\/post"}],"author":[{"embeddable":true,"href":"https:\/\/www.europesays.com\/it\/wp-json\/wp\/v2\/users\/3"}],"replies":[{"embeddable":true,"href":"https:\/\/www.europesays.com\/it\/wp-json\/wp\/v2\/comments?post=588963"}],"version-history":[{"count":0,"href":"https:\/\/www.europesays.com\/it\/wp-json\/wp\/v2\/posts\/588963\/revisions"}],"wp:featuredmedia":[{"embeddable":true,"href":"https:\/\/www.europesays.com\/it\/wp-json\/wp\/v2\/media\/588964"}],"wp:attachment":[{"href":"https:\/\/www.europesays.com\/it\/wp-json\/wp\/v2\/media?parent=588963"}],"wp:term":[{"taxonomy":"category","embeddable":true,"href":"https:\/\/www.europesays.com\/it\/wp-json\/wp\/v2\/categories?post=588963"},{"taxonomy":"post_tag","embeddable":true,"href":"https:\/\/www.europesays.com\/it\/wp-json\/wp\/v2\/tags?post=588963"}],"curies":[{"name":"wp","href":"https:\/\/api.w.org\/{rel}","templated":true}]}}