{"id":588965,"date":"2026-07-17T08:37:19","date_gmt":"2026-07-17T08:37:19","guid":{"rendered":"https:\/\/www.europesays.com\/it\/588965\/"},"modified":"2026-07-17T08:37:19","modified_gmt":"2026-07-17T08:37:19","slug":"f1-russell-adattamento-lento-a-vetture-26-non-puoi-dipingere-gioconda-subito-news","status":"publish","type":"post","link":"https:\/\/www.europesays.com\/it\/588965\/","title":{"rendered":"F1, Russell: &#8220;Adattamento lento a vetture &#8217;26? Non puoi dipingere Gioconda subito&#8221; &#8211; News"},"content":{"rendered":"<p><strong>Russell verso Spa<\/strong><\/p>\n<p>A Silverstone George <strong>Russell<\/strong> e Charles <strong>Leclerc<\/strong> sono stati aiutati da quella fortuna che in altre circostanze ha girato loro le spalle. Sul circuito di casa il britannico ha approfittato dello zero a Kimi <strong>Antonelli<\/strong> <a href=\"https:\/\/www.formulapassion.it\/f1\/f1-classifiche\/classifica-mondiale-piloti-2026-leclerc-prende-silverstone-ferrari-sogna-zero-antonelli-hamilton\" title=\"per andare a -25 dal compagno di squadra\" rel=\"nofollow noopener\" target=\"_blank\">per andare a -25 dal compagno di squadra<\/a>, mentre il monegasco \u00e8 tornato al successo dopo quasi due anni. <\/p>\n<p>Dopo la bandiera a scacchi, Russell e Leclerc hanno scherzato nella cooldown room affermando \u201cChi l\u2019avrebbe mai pensato?\u201c. Due settimane pi\u00f9 tardi, a Spa-Francorchamps, il #63 ha contestualizzato quel siparietto svelando un retroscena che lo ha visto protagonista proprio con Leclerc.<\/p>\n<blockquote class=\"instagram-media\" data-instgrm-captioned=\"\" data-instgrm-permalink=\"https:\/\/www.instagram.com\/reel\/Daa71QnEbjh\/?utm_source=ig_embed&amp;utm_campaign=loading\" data-instgrm-version=\"14\" style=\" background:#FFF; border:0; border-radius:3px; box-shadow:0 0 1px 0 rgba(0,0,0,0.5),0 1px 10px 0 rgba(0,0,0,0.15); margin: 1px; max-width:540px; min-width:326px; padding:0; width:99.375%; width:-webkit-calc(100% - 2px); width:calc(100% - 2px);\" wp_automatic_readability=\"-0.28378378378378\"\/>\n<p><strong>Le parole di Russell<\/strong><\/p>\n<p>\u201c<strong>Io e Charles ci siamo scambiati dei messaggi tra le prove libere di venerd\u00ec e le qualifiche sprint<\/strong>. Non entrer\u00f2 nei dettagli della nostra conversazione, ma quelle parole erano un riferimento proprio a ci\u00f2 di cui stavamo discutendo venerd\u00ec. \u00c8 stato un momento davvero spontaneo\u201c, queste le parole di Russell.<\/p>\n<p>Al di l\u00e0 del risultato, anche Silverstone ha dimostrato a Russell che Antonelli sta dando riscontri migliori a livello di passo. Il #63 lo ammette: \u201cDevo andare pi\u00f9 forte. La cosa positiva \u00e8 che non ho mai concluso un weekend senza capire dove fosse il ritmo. \u00c8 sempre stato chiaro dai dati. In passato ho visto altri piloti o ex compagni che, quando non riuscivano a tenere il passo, si grattavano la testa cercando di capire il perch\u00e9. <strong>Io so esattamente perch\u00e9 non vinco o non sono in pole<\/strong>, ma non riesco a portare la vettura in quel punto ottimale. Nel 2025 sentivo di riuscire a sfruttare spesso il 100% del potenziale. Adesso ci riesco molto meno frequentemente\u201c. E quando gli si chiede perch\u00e9 questo compito gli riesce cos\u00ec difficile, Russell risponde a modo suo: \u201c<strong>\u00c8 come se qualcuno ti chiedesse di disegnare la Gioconda e tu l\u2019avessi proprio accanto<\/strong>. Pensi che ce la faresti subito? Con queste nuove auto mi trovo a dover mettere a punto la vettura in un modo che non si adatta al mio stile di guida. So cosa devo fare, ma in pista \u00e8 un altro discorso riuscire a farlo dopo aver guidato per 20 anni in un certo modo con un metodo che ha sempre funzionato, mentre adesso funziona solo il 50% delle volte\u201c.<\/p>\n<p>          <script async src=\"\/\/www.instagram.com\/embed.js\"><\/script><\/p>\n","protected":false},"excerpt":{"rendered":"Russell verso Spa A Silverstone George Russell e Charles Leclerc sono stati aiutati da quella fortuna che in&hellip;\n","protected":false},"author":3,"featured_media":588966,"comment_status":"","ping_status":"","sticky":false,"template":"","format":"standard","meta":{"footnotes":"","_share_on_mastodon":"0"},"categories":[176],"tags":[3403,4035,2812,1537,90,89,1866,245,244],"class_list":["post-588965","post","type-post","status-publish","format-standard","has-post-thumbnail","category-sport","tag-charles-leclerc","tag-george-russell","tag-gp-belgio","tag-it","tag-italia","tag-italy","tag-mercedes-amg-f1","tag-sport","tag-sports"],"share_on_mastodon":{"url":"https:\/\/pubeurope.com\/@it\/116934413140545320","error":""},"_links":{"self":[{"href":"https:\/\/www.europesays.com\/it\/wp-json\/wp\/v2\/posts\/588965","targetHints":{"allow":["GET"]}}],"collection":[{"href":"https:\/\/www.europesays.com\/it\/wp-json\/wp\/v2\/posts"}],"about":[{"href":"https:\/\/www.europesays.com\/it\/wp-json\/wp\/v2\/types\/post"}],"author":[{"embeddable":true,"href":"https:\/\/www.europesays.com\/it\/wp-json\/wp\/v2\/users\/3"}],"replies":[{"embeddable":true,"href":"https:\/\/www.europesays.com\/it\/wp-json\/wp\/v2\/comments?post=588965"}],"version-history":[{"count":0,"href":"https:\/\/www.europesays.com\/it\/wp-json\/wp\/v2\/posts\/588965\/revisions"}],"wp:featuredmedia":[{"embeddable":true,"href":"https:\/\/www.europesays.com\/it\/wp-json\/wp\/v2\/media\/588966"}],"wp:attachment":[{"href":"https:\/\/www.europesays.com\/it\/wp-json\/wp\/v2\/media?parent=588965"}],"wp:term":[{"taxonomy":"category","embeddable":true,"href":"https:\/\/www.europesays.com\/it\/wp-json\/wp\/v2\/categories?post=588965"},{"taxonomy":"post_tag","embeddable":true,"href":"https:\/\/www.europesays.com\/it\/wp-json\/wp\/v2\/tags?post=588965"}],"curies":[{"name":"wp","href":"https:\/\/api.w.org\/{rel}","templated":true}]}}