{"id":589013,"date":"2026-07-17T09:24:19","date_gmt":"2026-07-17T09:24:19","guid":{"rendered":"https:\/\/www.europesays.com\/it\/589013\/"},"modified":"2026-07-17T09:24:19","modified_gmt":"2026-07-17T09:24:19","slug":"juve-obiettivo-pellegrino-il-parma-chiede-30-milioni","status":"publish","type":"post","link":"https:\/\/www.europesays.com\/it\/589013\/","title":{"rendered":"Juve, obiettivo Pellegrino: il Parma chiede 30 milioni"},"content":{"rendered":"<p>                                I bianconeri lavorano su due attaccanti: Kolo Muani resta la priorit\u00e0, l&#8217;argentino \u00e8 il favorito per completare il reparto e il Parma chiede 30 milioni di euro<\/p>\n<p class=\"paragraph\" spellcheck=\"true\">La Juventus si sblocca sul mercato, ma non si ferma. <a href=\"https:\/\/www.gazzetta.it\/Calcio\/Calciomercato\/Juventus\/17-07-2026\/cosi-la-juve-ha-soffiato-celik-alla-roma-il-blitz-e-la-mossa-di-massara.shtml?intcmp=hyperlink-articolo-gazit\" rel=\"nofollow noopener\" target=\"_blank\">Il blitz vincente per lo svincolato Zeki Celik <\/a>(ex Roma) \u00e8 un po\u2019 come un gol sottoporta che alleggerisce e rilancia un attaccante a digiuno. L\u2019ad Giovanni Carnevali firma il suo secondo acquisto dopo quello dell\u2019azzurrino Jeff Ekhator (ex Genoa) e il capo dell\u2019area calcio Ricki Massara inaugura la sua avventura bianconera beffando la sua ex squadra, la Roma di Gasperini. Aggiunto un pezzo sulla fascia destra, i bianconeri torneranno a concentrarsi sulle priorit\u00e0. A partire dall\u2019attacco, orfano dello svincolato Vlahovic. Luciano Spalletti vuole rivoluzionare il reparto e attende due nove. L\u2019obiettivo prioritario resta Randal Kolo Muani: prosegue la trattativa a oltranza col Psg, alla Continassa attendono una nuova risposta dei parigini (Sorloth e Richarlison le alternative). Per il secondo attaccante, c\u2019\u00e8 Mateo Pellegrino in pole: i contatti proseguono, ma il Parma non fa sconti sulla valutazione (30 milioni). Pellegrino non \u00e8 alternativo a Kolo, lo sarebbe invece di Sorloth e Richarlison: questione di caratteristiche.\u00a0<\/p>\n<p>    in porta\u2014 \u00a0<\/p>\n<p class=\"paragraph is-inline\" spellcheck=\"true\">E il post Di Gregorio? La prima scelta resta Emiliano \u201cDibu\u201d Martinez: la Juventus ha offerto 6,5 milioni tra prestito e riscatto, l\u2019Aston Villa ne chiede 12 e fa muro. L\u2019argentino, per\u00f2, vuole la Signora a tutti i costi e al rientro dal Mondiale forzer\u00e0 la mano col club inglese. In caso di fumata nera, Carnevali chiuder\u00e0 per Guglielmo Vicario del Tottenham. Antenne dritte anche sul centrocampo, attualmente in sovrannumero: 8 giocatori per 2-3 posti. Spalletti vuole aggiungere personalit\u00e0 con uno svincolato di lusso: avviati i contatti per Franck Kessie, sullo sfondo Leon Goretzka, ex Bayern.\u00a0<\/p>\n","protected":false},"excerpt":{"rendered":"I bianconeri lavorano su due attaccanti: Kolo Muani resta la priorit\u00e0, l&#8217;argentino \u00e8 il favorito per completare il&hellip;\n","protected":false},"author":3,"featured_media":589014,"comment_status":"","ping_status":"","sticky":false,"template":"","format":"standard","meta":{"footnotes":"","_share_on_mastodon":"0"},"categories":[1452],"tags":[11611,562,585,721,6963,57055,475,4435,1740,1537,90,89,558,572,573,576,6301,28710,26060,5528,1434,39993,987,1739,127860,324647,24806,245,244,5392,4969],"class_list":["post-589013","post","type-post","status-publish","format-standard","has-post-thumbnail","category-calcio","tag-argentino","tag-attaccante","tag-bianconeri","tag-calcio","tag-carnevali","tag-celik","tag-chiede","tag-contatti","tag-football","tag-it","tag-italia","tag-italy","tag-juventus","tag-kolo","tag-kolo-muani","tag-muani","tag-parma","tag-pellegrino","tag-priorita","tag-reparto","tag-resta","tag-richarlison","tag-roma","tag-soccer","tag-sorloth","tag-sorloth-richarlison","tag-spalletti","tag-sport","tag-sports","tag-svincolato","tag-vuole"],"share_on_mastodon":{"url":"https:\/\/pubeurope.com\/@it\/116934598142062968","error":""},"_links":{"self":[{"href":"https:\/\/www.europesays.com\/it\/wp-json\/wp\/v2\/posts\/589013","targetHints":{"allow":["GET"]}}],"collection":[{"href":"https:\/\/www.europesays.com\/it\/wp-json\/wp\/v2\/posts"}],"about":[{"href":"https:\/\/www.europesays.com\/it\/wp-json\/wp\/v2\/types\/post"}],"author":[{"embeddable":true,"href":"https:\/\/www.europesays.com\/it\/wp-json\/wp\/v2\/users\/3"}],"replies":[{"embeddable":true,"href":"https:\/\/www.europesays.com\/it\/wp-json\/wp\/v2\/comments?post=589013"}],"version-history":[{"count":0,"href":"https:\/\/www.europesays.com\/it\/wp-json\/wp\/v2\/posts\/589013\/revisions"}],"wp:featuredmedia":[{"embeddable":true,"href":"https:\/\/www.europesays.com\/it\/wp-json\/wp\/v2\/media\/589014"}],"wp:attachment":[{"href":"https:\/\/www.europesays.com\/it\/wp-json\/wp\/v2\/media?parent=589013"}],"wp:term":[{"taxonomy":"category","embeddable":true,"href":"https:\/\/www.europesays.com\/it\/wp-json\/wp\/v2\/categories?post=589013"},{"taxonomy":"post_tag","embeddable":true,"href":"https:\/\/www.europesays.com\/it\/wp-json\/wp\/v2\/tags?post=589013"}],"curies":[{"name":"wp","href":"https:\/\/api.w.org\/{rel}","templated":true}]}}