{"id":589106,"date":"2026-07-17T10:46:14","date_gmt":"2026-07-17T10:46:14","guid":{"rendered":"https:\/\/www.europesays.com\/it\/589106\/"},"modified":"2026-07-17T10:46:14","modified_gmt":"2026-07-17T10:46:14","slug":"silvio-baldini-morta-a-30-anni-la-figlia-valentina-del-ct-della-nazionale-aveva-una-grave-tetraparesi-spastica","status":"publish","type":"post","link":"https:\/\/www.europesays.com\/it\/589106\/","title":{"rendered":"Silvio Baldini, morta a 30 anni la figlia Valentina del ct della Nazionale: aveva una grave tetraparesi spastica"},"content":{"rendered":"<p>    di<br \/>\n    Redazione Sport<\/p>\n<p class=\"summary-art is-line-h-12\">Tragedia per il commissario tecnico ad interim della Nazionale e titolare della Under 21. L&#8217;annuncio del Perugia Calcio<\/p>\n<p class=\"chapter-paragraph\">\u00c8 morta la<b> figlia<\/b> del tecnico e ct ad interim della Nazionale Silvio Baldini: lo si apprende da una nota ufficiale pubblicata nel sito del Perugia Calcio. \u00abAC Perugia Calcio\u00a0\u2014 si legge nella nota\u00a0\u2014 esprime cordoglio e sentita vicinanza, per la perdita della figlia Valentina, a <a href=\"https:\/\/www.corriere.it\/sport\/calcio\/mondiali\/26_giugno_08\/baldini-giovani-coraggio-riflessione-futuro-nazionale-condo-839cac52-156e-4238-8bce-9c465a50exlk.shtml\" title=\"Baldini e i giovani azzurri: coraggio e intelligenza insieme. E una riflessione sul futuro il c.t. se la merita\" target=\"_blank\" rel=\"nofollow noopener\">mister Silvio Baldini<\/a>, allenatore della nazionale Under 21 ed ex allenatore dei Grifoni. In questo momento di dolore, tutto l&#8217;ambiente del Perugia Calcio si stringe intorno al mister, alla moglie Paola ed alla famiglia Baldini\u00bb. Vicinanza e cordoglio sono giunti poi da tutto il mondo del calcio. Il ct diceva sempre di lei:\u00a0\u00abMi ha <b>insegnato ad amare<\/b> senza pretendere nulla in cambio\u00bb.<\/p>\n<p class=\"chapter-paragraph\">La giovane, nata con una grave tetraparesi spastica, era una ispirazione del commissario tecnico.\u00a0 Di lei raccontava: \u00ab<b>Ha rischiato di morire nella pancia della madre <\/b>(Paola, ndr)<b>. \u00c8 una bimba disabile al cento per cento. Doveva campare 6 mesi,<\/b> non parla. Non pu\u00f2 stare in piedi. Lo sapevo. L\u2019ho sentito. \u00bb.    &#13;<br \/>\n&#13;<br \/>\n&#13;<br \/>\n&#13;<br \/>\n&#13;<br \/>\n&#13;<br \/>\n&#13;<br \/>\n&#13;<br \/>\n&#13;<br \/>\n&#13;<br \/>\n&#13;<br \/>\n&#13;<br \/>\n&#13;<br \/>\n&#13;<br \/>\n&#13;<br \/>\n&#13;<br \/>\n&#13;<br \/>\n&#13;<br \/>\n&#13;<br \/>\n&#13;<br \/>\n&#13;<br \/>\n&#13;<br \/>\n&#13;<br \/>\n&#13;<br \/>\n&#13;<br \/>\n&#13;<br \/>\n&#13;<br \/>\n&#13;<br \/>\n&#13;<br \/>\n&#13;<br \/>\n&#13;<br \/>\n&#13;<br \/>\n&#13;<br \/>\n&#13;<br \/>\n&#13;<br \/>\n&#13;<br \/>\n&#13;<br \/>\n&#13;<br \/>\n&#13;<br \/>\n&#13;<br \/>\n&#13;<br \/>\n&#13;<br \/>\n&#13;<br \/>\n&#13;<br \/>\n&#13;<br \/>\n&#13;<br \/>\n&#13;<br \/>\n&#13;<br \/>\n&#13;<br \/>\n&#13;<br \/>\n&#13;<br \/>\n&#13;<br \/>\n&#13;\n<\/p>\n<p class=\"chapter-paragraph\">Baldini ha tenuto Valentina sempre vicino a s\u00e9: \u00abSapevamo che la nostra bimba non avrebbe avuto una vita lunga e per questo ha sempre dormito con me e mia moglie, perch\u00e9 il pensiero di alzarmi e trovarla morta mi angosciava. Tutt&#8217;oggi dormiamo sempre insieme, abbiamo un letto matrimoniale un po&#8217; pi\u00f9 grande e dormiamo sempre noi tre. Quando la notte sogna ride continuamente e se non lo fa significa che sta male, che ha l&#8217;influenza o un altro tipo di problema; per\u00f2 quando sogna lei ride sempre, ride, ride, ride e la sua risata \u00e8 veramente contagiosa. Quando ride, non lo fa come tutti noi, lo fa con la voce alta e quindi \u00e8 una cosa strana perch\u00e9 ti chiedi se \u00e8 sveglia, ma invece sta dormendo e continua a sognare&#8230;\u00bb.<\/p>\n<p class=\"is-last-update\" datetime=\"2026-07-17T12:15:02+02:00\">17 luglio 2026 ( modifica il 17 luglio 2026 | 12:15)<\/p>\n<p class=\"is-copyright\">\n            \u00a9 RIPRODUZIONE RISERVATA\n        <\/p>\n","protected":false},"excerpt":{"rendered":"di Redazione Sport Tragedia per il commissario tecnico ad interim della Nazionale e titolare della Under 21. L&#8217;annuncio&hellip;\n","protected":false},"author":3,"featured_media":589107,"comment_status":"","ping_status":"","sticky":false,"template":"","format":"standard","meta":{"footnotes":"","_share_on_mastodon":"0"},"categories":[1451],"tags":[1960,65204,2750,721,1621,1620,3758,11334,2287,5886,84623,203,3384,204,1537,90,89,3600,4056,129323,15420,324698,16640,65035,3375,7839],"class_list":["post-589106","post","type-post","status-publish","format-standard","has-post-thumbnail","category-celebrita","tag-allenatore","tag-baldini","tag-bimba","tag-calcio","tag-celebrita","tag-celebrities","tag-commissario","tag-commissario-tecnico","tag-cordoglio","tag-ct","tag-dormiamo","tag-entertainment","tag-figlia","tag-intrattenimento","tag-it","tag-italia","tag-italy","tag-morta","tag-perugia","tag-perugia-calcio","tag-ride","tag-ride-ride","tag-silvio","tag-silvio-baldini","tag-tecnico","tag-valentina"],"share_on_mastodon":{"url":"https:\/\/pubeurope.com\/@it\/116934920642770033","error":""},"_links":{"self":[{"href":"https:\/\/www.europesays.com\/it\/wp-json\/wp\/v2\/posts\/589106","targetHints":{"allow":["GET"]}}],"collection":[{"href":"https:\/\/www.europesays.com\/it\/wp-json\/wp\/v2\/posts"}],"about":[{"href":"https:\/\/www.europesays.com\/it\/wp-json\/wp\/v2\/types\/post"}],"author":[{"embeddable":true,"href":"https:\/\/www.europesays.com\/it\/wp-json\/wp\/v2\/users\/3"}],"replies":[{"embeddable":true,"href":"https:\/\/www.europesays.com\/it\/wp-json\/wp\/v2\/comments?post=589106"}],"version-history":[{"count":0,"href":"https:\/\/www.europesays.com\/it\/wp-json\/wp\/v2\/posts\/589106\/revisions"}],"wp:featuredmedia":[{"embeddable":true,"href":"https:\/\/www.europesays.com\/it\/wp-json\/wp\/v2\/media\/589107"}],"wp:attachment":[{"href":"https:\/\/www.europesays.com\/it\/wp-json\/wp\/v2\/media?parent=589106"}],"wp:term":[{"taxonomy":"category","embeddable":true,"href":"https:\/\/www.europesays.com\/it\/wp-json\/wp\/v2\/categories?post=589106"},{"taxonomy":"post_tag","embeddable":true,"href":"https:\/\/www.europesays.com\/it\/wp-json\/wp\/v2\/tags?post=589106"}],"curies":[{"name":"wp","href":"https:\/\/api.w.org\/{rel}","templated":true}]}}