{"id":589114,"date":"2026-07-17T10:51:13","date_gmt":"2026-07-17T10:51:13","guid":{"rendered":"https:\/\/www.europesays.com\/it\/589114\/"},"modified":"2026-07-17T10:51:13","modified_gmt":"2026-07-17T10:51:13","slug":"glocal-doc-alla-quarta-edizione-a-varese-dall8-al-12-novembre-2026","status":"publish","type":"post","link":"https:\/\/www.europesays.com\/it\/589114\/","title":{"rendered":"Glocal DOC alla quarta edizione, a Varese dall\u20198 al 12 Novembre 2026"},"content":{"rendered":"<p>\t\t\t\t\t\t\t\t\t\t\t\t\t\t\t\t\t\t\t\t\t\t\t\t\t\t\t\t\t<img decoding=\"async\" loading=\"lazy\" fetchpriority=\"low\" width=\"610\" height=\"431\" src=\"https:\/\/www.europesays.com\/it\/wp-content\/uploads\/2026\/07\/serata-finale-glocal-doc-2025-1977523.610x431.jpg\" alt=\"Serata finale Glocal DOC 2025\"\/>\t\t\t\t\t\t\t\t\t\t\t\t\t\t\t\t\t\t\t<\/p>\n<p>Quarta edizione per Glocal DOC, il festival del documentario che si terr\u00e0 a Varese dall\u20198 al 12 novembre 2026. Dopo il successo delle prime tre edizioni (con circa 5.000 spettatori), <b>Glocal DOC <\/b>ritorna con una selezione, in corso in queste settimane, ancora pi\u00f9 ricca e variegata, <b>con documentari provenienti da tutto il mondo,<\/b> pronti a raccontare storie che spaziano dal locale al globale.<\/p>\n<p>L\u2019iniziativa, organizzata da Varese Web, rientra anche quest\u2019anno nella collaborazione con <b>Festival Glocal, il festival di giornalismo<\/b> che da 15 anni si svolge a Varese con migliaia di giornalisti. L\u2019ultima serata di Glocal DOC, il 12 novembre, sar\u00e0 infatti anche la prima serata del festival di giornalismo. Il programma \u00e8 in via di definizione: <b>fino al 21 settembre \u00e8 possibile candidare le proprie opere <\/b><a href=\"https:\/\/filmfreeway.com\/GlocalDOC\" rel=\"nofollow noopener\" target=\"_blank\"><b>sulla piattaforma FilmFreeway<\/b><\/a>. Due le categorie: il <b>Concorso ufficiale<\/b> dedicato ai documentari lunghi (sopra i 52 minuti), e il <b>Premio Agostini<\/b>, dedicato ai piccoli documentari e reportage giornalistici. Per ulteriori richieste e possibile scrivere una mail a <a href=\"https:\/\/www.varesenews.it\/2026\/07\/glocal-doc-alla-quarta-edizione-a-varese-dall8-al-12-novembre-2026\/2637532\/mailto:glocaldoc@gmail.com\" rel=\"nofollow noopener\" target=\"_blank\">glocaldoc@gmail.com<\/a>\u00a0<\/p>\n<p><b>Le collaborazioni.<\/b> Contribuiscono all\u2019organizzazione e promozione di Glocal DOC anche due importanti realt\u00e0, dove si svolgeranno le proiezioni ufficiali: il <b>MIV \u2013 Multisala Impero Varese<\/b>, un motore culturale ricco di iniziative in pieno centro citt\u00e0; e <b>FilmStudio \u201990 APS<\/b> che gestisce il cinema Nuovo e punto di riferimento per la comunit\u00e0 di cinefili.<\/p>\n<p>Contribuiscono all\u2019organizzazione di Glocal DOC: <b>l\u2019Associazione Italiana Registi AIR3 <\/b>che assegner\u00e0 anche il premio alla miglior regia; <b>Cortisonici <\/b>e <b>BA Film Festival, <\/b>che da oltre vent\u2019anni organizzano gli omonimi festival cinematografici; e <b>l<\/b>\u2019<b>Istituto Cinematografico Michelangelo Antonioni.\u00a0<\/b><\/p>\n<p><b>Un Festival in Crescita.<\/b> Le passate edizioni di Glocal DOC hanno registrato oltre 5.000 spettatori, con decine di proiezioni nelle varie sale, oltre la presenza di diversi autori e produttori che hanno incontrato il pubblico. Tra gli ospiti degli eventi speciali ci sono stati, tra gli altri, <b>Kasia Smutniak, Luca Lucini, Giorgio Verdelli, Renzo Chiesa e molti altri.<\/b> Glocal DOC aspira a essere un evento per appassionati di cinema, professionisti del settore e curiosi che desiderano scoprire nuove prospettive attraverso il linguaggio del documentario.\u00a0<\/p>\n<p><b>Eventi e Workshop.<\/b> Oltre alle proiezioni, Glocal DOC offrir\u00e0 una serie di eventi collaterali, tra cui workshop e incontri. Questi momenti formativi saranno un\u2019opportunit\u00e0 unica per i partecipanti di apprendere nuove tecniche, discutere delle sfide del settore e creare connessioni con altri professionisti.<\/p>\n<p><b>\u00c8 possibile rimanere aggiornati <\/b>sulle attivit\u00e0 e l\u2019organizzazione del festival sul sito ufficiale <a href=\"http:\/\/www.festivalglocal.it\/glocaldoc\" rel=\"nofollow noopener\" target=\"_blank\">www.festivalglocal.it\/glocaldoc<\/a>, mentre per chiedere informazioni o <b>proporre collaborazioni<\/b> \u00e8 possibile inviare una mail a <a href=\"https:\/\/www.varesenews.it\/2026\/07\/glocal-doc-alla-quarta-edizione-a-varese-dall8-al-12-novembre-2026\/2637532\/mailto:glocaldoc@gmail.com\" rel=\"nofollow noopener\" target=\"_blank\">glocaldoc@gmail.com<\/a>\u00a0<\/p>\n","protected":false},"excerpt":{"rendered":"Quarta edizione per Glocal DOC, il festival del documentario che si terr\u00e0 a Varese dall\u20198 al 12 novembre&hellip;\n","protected":false},"author":3,"featured_media":589115,"comment_status":"","ping_status":"","sticky":false,"template":"","format":"standard","meta":{"footnotes":"","_share_on_mastodon":"0"},"categories":[1442],"tags":[204177,324699,33606,203,324700,454,183754,119166,324701,204,324702,1537,90,89,105673,1521],"class_list":["post-589114","post","type-post","status-publish","format-standard","has-post-thumbnail","category-film","tag-baff","tag-cortisonici","tag-documentari","tag-entertainment","tag-festival-glocal-2026","tag-film","tag-filmstudio-90","tag-glocal-doc","tag-glocal-doc-2026","tag-intrattenimento","tag-istituto-cinematografico-michelangelo-antonioni","tag-it","tag-italia","tag-italy","tag-miv-multisala-impero-di-varese","tag-movies"],"share_on_mastodon":{"url":"","error":""},"_links":{"self":[{"href":"https:\/\/www.europesays.com\/it\/wp-json\/wp\/v2\/posts\/589114","targetHints":{"allow":["GET"]}}],"collection":[{"href":"https:\/\/www.europesays.com\/it\/wp-json\/wp\/v2\/posts"}],"about":[{"href":"https:\/\/www.europesays.com\/it\/wp-json\/wp\/v2\/types\/post"}],"author":[{"embeddable":true,"href":"https:\/\/www.europesays.com\/it\/wp-json\/wp\/v2\/users\/3"}],"replies":[{"embeddable":true,"href":"https:\/\/www.europesays.com\/it\/wp-json\/wp\/v2\/comments?post=589114"}],"version-history":[{"count":0,"href":"https:\/\/www.europesays.com\/it\/wp-json\/wp\/v2\/posts\/589114\/revisions"}],"wp:featuredmedia":[{"embeddable":true,"href":"https:\/\/www.europesays.com\/it\/wp-json\/wp\/v2\/media\/589115"}],"wp:attachment":[{"href":"https:\/\/www.europesays.com\/it\/wp-json\/wp\/v2\/media?parent=589114"}],"wp:term":[{"taxonomy":"category","embeddable":true,"href":"https:\/\/www.europesays.com\/it\/wp-json\/wp\/v2\/categories?post=589114"},{"taxonomy":"post_tag","embeddable":true,"href":"https:\/\/www.europesays.com\/it\/wp-json\/wp\/v2\/tags?post=589114"}],"curies":[{"name":"wp","href":"https:\/\/api.w.org\/{rel}","templated":true}]}}