{"id":589206,"date":"2026-07-17T12:07:14","date_gmt":"2026-07-17T12:07:14","guid":{"rendered":"https:\/\/www.europesays.com\/it\/589206\/"},"modified":"2026-07-17T12:07:14","modified_gmt":"2026-07-17T12:07:14","slug":"cristiana-capotondi-la-maternita-a-42-anni-e-la-famiglia-allargata","status":"publish","type":"post","link":"https:\/\/www.europesays.com\/it\/589206\/","title":{"rendered":"Cristiana Capotondi: la maternit\u00e0 a 42 anni e la famiglia allargata"},"content":{"rendered":"<p>                                Cristiana Capotondi si confessa al Corriere. Dal legame con il pap\u00e0 biologico alla maternit\u00e0: &#8220;Lui \u00e8 molto presente&#8221;<\/p>\n<p>                    17 luglio &#8211; 12:11  &#8211; MILANO<\/p>\n<p class=\"paragraph\" spellcheck=\"true\">Una carriera artistica lunga trent&#8217;anni, iniziata quando era solo una bambina e costellata di grandi traguardi, ma anche di momenti in cui \u00e8 stato necessario premere il tasto pausa. Oggi, a 45 anni, <b>Cristiana Capotondi<\/b> si racconta in una lunga intervista al Corriere della Sera. L&#8217;attrice, impegnata a teatro come protagonista de L&#8217;Attrice, parla della scelta di diventare madre e del modello di famiglia che oggi circonda la\u00a0<b>figlia Anna<\/b>. Un&#8217;esperienza che si intreccia inevitabilmente con vicende private e riflessioni sulle trasformazioni sociali.<\/p>\n<p class=\"paragraph\" spellcheck=\"true\"><b>Leggi anche:\u00a0<a href=\"https:\/\/www.gazzetta.it\/spettacolo\/24-09-2025\/cristiana-capotondi-e-lucia-mascino-l-intervista-su-donne-e-famiglia.shtml?intcmp=hyperlink-articolo-gazit\" title=\"Cristiana Capotondi e Lucia Mascino: \" la=\"\" ricetta=\"\" della=\"\" felicit=\"\" aderire=\"\" a=\"\" se=\"\" stessi=\"\" target=\"_blank\" del rel=\"nofollow noopener\">Cristiana Capotondi e Lucia Mascino: &#8220;La ricetta della felicit\u00e0? Aderire a se stessi&#8221;<\/a><\/b><\/p>\n<p>        Cristiana Capotondi, la famiglia allargata\u2014 \u00a0<\/p>\n<p class=\"paragraph\" spellcheck=\"true\">Per quindici anni Cristiana Capotondi \u00e8 stata legata al compagno storico\u00a0<a href=\"https:\/\/www.gazzetta.it\/gossip\/14-04-2026\/andrea-pezzi-su-cristiana-capotondi-la-smentita-sul-ritorno-di-fiamma.shtml\" target=\"_blank\" rel=\"nofollow noopener\">Andrea Pezzi<\/a>. La loro relazione si \u00e8 conclusa nel 2021, prima della <a href=\"https:\/\/www.gazzetta.it\/Spettacoli\/04-10-2022\/capotondi-felice-essere-mamma-ma-anna-non-andrea-pezzi-450482851206.shtml\" target=\"_blank\" rel=\"nofollow noopener\">nascita della figlia Anna<\/a>, nata nel 2022 e concepita con un altro uomo, la cui identit\u00e0 non \u00e8 mai stata resa nota. I rapporti\u00a0costruiti negli anni, tuttavia, sono rimasti un punto di riferimento importante. &#8220;<b>Il padre di mia figlia ed io non siamo pi\u00f9 legati, ma lui \u00e8 molto presente<\/b>&#8220;, racconta l&#8217;<a href=\"https:\/\/www.gazzetta.it\/spettacolo\/24-09-2025\/cristiana-capotondi-e-lucia-mascino-l-intervista-su-donne-e-famiglia.shtml?refresh_ce\" target=\"_blank\" rel=\"nofollow noopener\">attrice 45enne<\/a> nell&#8217;intervista. &#8220;Anna ha una <b>grande famiglia allargata<\/b>, in cui ci sono i parenti, mia mamma purtroppo \u00e8 mancata da qualche anno, le mie amiche e i miei amici. Ha molti riferimenti, alcuni non condividono con lei il sangue, <b>ma bisogni e affetti<\/b>&#8220;.\u00a0<\/p>\n<p class=\"paragraph\" spellcheck=\"true\">Poi, lo sguardo di Cristiana Capotondi si spinge pi\u00f9 in l\u00e0, fino a contemplare\u00a0i cambiamenti della societ\u00e0. &#8220;Ci sono donne che scelgono di diventare <b>madri senza partner<\/b>, anche delle mie amiche lo hanno fatto. \u00c8 bellissimo, soprattutto in tempi di crisi della natalit\u00e0, certo pu\u00f2 essere faticoso [\u2026]. Ci sono anche sempre pi\u00f9 donne che fanno figli in et\u00e0 pi\u00f9 avanzata rispetto a un tempo. Si sgretolano tanti tab\u00f9&#8221;.<\/p>\n<p>        il rapporto con la maternit\u00e0\u2014 \u00a0<\/p>\n<p class=\"paragraph\" spellcheck=\"true\">Cristiana Capotondi \u00e8 diventata madre a 42 anni, un&#8217;esperienza che non poteva arrivare <a href=\"https:\/\/www.gazzetta.it\/active\/storie\/10-04-2022\/cristiana-capotondi-le-fate-ignoranti-calcio-andrea-pezzi-passioni-1649577056\/infaticabile.shtml\" target=\"_blank\" rel=\"nofollow noopener\">in un momento migliore<\/a>. &#8220;Sono stata fortunata, ma penso sia arrivata in un momento molto giusto per me&#8221;, racconta, spiegando come la maternit\u00e0 dipenda anche e soprattutto dalla <b>consapevolezza personale<\/b>. &#8220;Ho incontrato Anna nel momento in cui ero pronta&#8221;. L\u2019arrivo della figlia le ha per\u00f2 restituito una dimensione che credeva perduta: &#8220;Ha rotto molti argini e mi ha restituito l&#8217;infanzia e il gioco&#8221;.<\/p>\n<p><a class=\"is-partner-link\" href=\"https:\/\/abbonamenti.gazzetta.it\/de-promo-mondiali\/?pwcmp=cta&amp;forceBrowser=true\" rel=\"nofollow noopener\" target=\"_blank\">Gazzetta Mondiale: ogni notte un\u2019edizione straordinaria esclusiva. Non perdertela, abbonati a 1\u20ac\/mese!<\/a><\/p>\n<p>        la relazione tra cristiana capotondi e andrea pezzi\u2014 \u00a0<\/p>\n<p class=\"paragraph\" spellcheck=\"true\">La storia tra l&#8217;attrice e l&#8217;ex volto di MTV era iniziata praticamente per caso, tra il 2006 e il 2007, durante un volo in aereo. Per quindici anni sono stati una delle <a href=\"https:\/\/www.gazzetta.it\/gossip\/31-03-2026\/cristiana-capotondi-e-andrea-pezzi-ritorno-di-fiamma-in-vista.shtml?refresh_ce\" target=\"_blank\" rel=\"nofollow noopener\">coppie pi\u00f9 solide e riservate<\/a> del mondo dello spettacolo. Non si sono mai sposati e Capotondi aveva raccontato pubblicamente anche di avere chiesto al compagno un anno di castit\u00e0.\u00a0Nel 2022 Cristiana Capotondi aveva annunciato di essere diventata mamma di Anna e che il pap\u00e0 non era Andrea Pezzi. Nonostante non fossero pi\u00f9 una coppia, lui le \u00e8 rimasto <b>accanto durante la gravidanza<\/b>: &#8220;Mi \u00e8 venuto naturale cercare la protezione e la complicit\u00e0 di Andrea, tanto rimane forte il nostro affetto&#8221;, aveva confidato all&#8217;epoca Capotondi.<\/p>\n<p class=\"is-above-copyright is-mr-r-10\" spellcheck=\"true\">La Gazzetta dello Sport<\/p>\n<p class=\"is-copyright\">\u00a9 RIPRODUZIONE RISERVATA<\/p>\n","protected":false},"excerpt":{"rendered":"Cristiana Capotondi si confessa al Corriere. Dal legame con il pap\u00e0 biologico alla maternit\u00e0: &#8220;Lui \u00e8 molto presente&#8221;&hellip;\n","protected":false},"author":3,"featured_media":589207,"comment_status":"","ping_status":"","sticky":false,"template":"","format":"standard","meta":{"footnotes":"","_share_on_mastodon":"0"},"categories":[1451],"tags":[65288,223,2700,41631,6050,7738,40783,1621,1620,3340,4864,3042,40786,13035,2429,203,4876,1909,65463,3384,324740,1912,1282,204,1537,90,89,1258,4045,4002,6959,3608,55129,690,14332,492,7249,1989,1234],"class_list":["post-589206","post","type-post","status-publish","format-standard","has-post-thumbnail","category-celebrita","tag-allargata","tag-amiche","tag-andrea","tag-andrea-pezzi","tag-anna","tag-attrice","tag-capotondi","tag-celebrita","tag-celebrities","tag-compagno","tag-corriere","tag-cristiana","tag-cristiana-capotondi","tag-diventata","tag-donne","tag-entertainment","tag-esperienza","tag-famiglia","tag-famiglia-allargata","tag-figlia","tag-figlia-anna","tag-iniziata","tag-intervista","tag-intrattenimento","tag-it","tag-italia","tag-italy","tag-lunga","tag-madre","tag-mamma","tag-maternita","tag-padre","tag-padre-figlia","tag-papa","tag-pezzi","tag-presente","tag-quindici","tag-racconta","tag-relazione"],"share_on_mastodon":{"url":"https:\/\/pubeurope.com\/@it\/116935239116189713","error":""},"_links":{"self":[{"href":"https:\/\/www.europesays.com\/it\/wp-json\/wp\/v2\/posts\/589206","targetHints":{"allow":["GET"]}}],"collection":[{"href":"https:\/\/www.europesays.com\/it\/wp-json\/wp\/v2\/posts"}],"about":[{"href":"https:\/\/www.europesays.com\/it\/wp-json\/wp\/v2\/types\/post"}],"author":[{"embeddable":true,"href":"https:\/\/www.europesays.com\/it\/wp-json\/wp\/v2\/users\/3"}],"replies":[{"embeddable":true,"href":"https:\/\/www.europesays.com\/it\/wp-json\/wp\/v2\/comments?post=589206"}],"version-history":[{"count":0,"href":"https:\/\/www.europesays.com\/it\/wp-json\/wp\/v2\/posts\/589206\/revisions"}],"wp:featuredmedia":[{"embeddable":true,"href":"https:\/\/www.europesays.com\/it\/wp-json\/wp\/v2\/media\/589207"}],"wp:attachment":[{"href":"https:\/\/www.europesays.com\/it\/wp-json\/wp\/v2\/media?parent=589206"}],"wp:term":[{"taxonomy":"category","embeddable":true,"href":"https:\/\/www.europesays.com\/it\/wp-json\/wp\/v2\/categories?post=589206"},{"taxonomy":"post_tag","embeddable":true,"href":"https:\/\/www.europesays.com\/it\/wp-json\/wp\/v2\/tags?post=589206"}],"curies":[{"name":"wp","href":"https:\/\/api.w.org\/{rel}","templated":true}]}}