{"id":589273,"date":"2026-07-17T13:00:14","date_gmt":"2026-07-17T13:00:14","guid":{"rendered":"https:\/\/www.europesays.com\/it\/589273\/"},"modified":"2026-07-17T13:00:14","modified_gmt":"2026-07-17T13:00:14","slug":"roma-pellegrini-nel-mirino-della-juve-il-club-giallorosso-accelera","status":"publish","type":"post","link":"https:\/\/www.europesays.com\/it\/589273\/","title":{"rendered":"Roma, Pellegrini nel mirino della Juve: il club giallorosso accelera"},"content":{"rendered":"<p>                                I bianconeri ci hanno provato anche con il centrocampista: l&#8217;accordo saltato col terzino fa scattare l&#8217;emergenza\u00a0<\/p>\n<p class=\"paragraph\" spellcheck=\"true\">Celik lo hanno portato a casa, Pellegrini ci hanno invece provato. E forse ci riproveranno ancora, chiss\u00e0. Di certo c\u2019\u00e8 che lo smacco bianconero poteva (o potrebbe) essere doppio nei confronti della Roma, ancora ferma al palo per tante cose. E anche per molti motivi. La \u201clentezza\u201d giallorossa nel chiudere i due rinnovi in questioni \u00e8 stata letale per il difensore turco e potrebbe esserlo anche per l\u2019ex capitano.\u00a0<\/p>\n<p>        La corte\u2014 \u00a0<\/p>\n<p class=\"paragraph\" spellcheck=\"true\">Con il difensore turco che oggi ha festeggiato il suo passaggio in bianconero con un ulteriore post sul suo profilo Instagram (\u201cOnorato di vestire questi colori e pronto a dare tutto per questo club\u201d, le parole rivolte alla Juventus), la Roma adesso ha bisogno di chiudere il prima possibile il rinnovo di Lorenzo Pellegrini. Che nei giorni scorsi \u00e8 stato avvicinato da intermediari che gli hanno manifestato l\u2019interesse della Juventus e di Luciano Spalletti, uno che Pellegrini lo conosce bene, avendolo gi\u00e0 allenato in nazionale (con lui Lorenzo ha collezionato 8 presenze in azzurro). Solo che Pellegrini continua a sperare di poter chiudere con la Roma e, di conseguenza, ha ringraziato per l\u2019interesse e gentilmente declinato l\u2019offerta. Anche se poi i no possono anche non essere definitivi ed allora non \u00e8 detto che Ricky Massara non torni alla carica anche per lui. Del resto, prendere a parametro zero un giocatore come Pellegrini fa ovviamente gola. A Spalletti, ma forse anche a qualcun altro. Il mercato sta entrando nel vivo ora ed eventuali offerte potrebbero arrivare anche da altri club.\u00a0<\/p>\n<p><a class=\"is-partner-link\" href=\"https:\/\/aipredictor.gazzetta.it\/?intcmp=calciomercato\" rel=\"nofollow noopener\" target=\"_blank\">Promo Mondiale 1\u20ac al mese per 3 mesi &#8211; Scopri chi vince con Gazzetta AI Predictor!<\/a><\/p>\n<p>        La trattativa\u2014 \u00a0<\/p>\n<p class=\"paragraph\" spellcheck=\"true\">Certo, la <a href=\"https:\/\/www.gazzetta.it\/calcio\/squadre\/roma\/notizie\/\" rel=\"nofollow noopener\" target=\"_blank\">Roma<\/a> dopo aver perso Celik non si pu\u00f2 certo permettere di perdere anche Pellegrini. Sarebbe un colpo troppo grande a livello d\u2019immagine, dopo che lo stesso Gasperini era stato chiaro: \u201cRipartiamo dai rinnovi\u201d, riferendosi proprio alla sua richiesta di avere ancora con s\u00e9 i vari Dybala, Celik e Pellegrini. Ed allora oggi l\u2019entourage del giocatore \u00e8 in una posizione di forza ancora maggiore e probabilmente far\u00e0 pesare anche questo nell\u2019ambito della trattativa. Pellegrini dovrebbe rinnovare per due anni (con opzione per il terzo) a 2,5 milioni di euro, pi\u00f9 bonus vari che lo possono portare a guadagnare quasi 4 milioni di euro a stagione. Che poi, pi\u00f9 o meno, \u00e8 il tetto che il club giallorosso ha messo da quest\u2019anno agli ingaggi stagionali. Certo, adesso bisogna per\u00f2 accelerare anche qui. Per evitare brutte sorprese. E che la Juventus possa tornare alla carica. Del resto, nel calcio mai dire mai\u2026<\/p>\n<p class=\"is-copyright\">\u00a9 RIPRODUZIONE RISERVATA<\/p>\n","protected":false},"excerpt":{"rendered":"I bianconeri ci hanno provato anche con il centrocampista: l&#8217;accordo saltato col terzino fa scattare l&#8217;emergenza\u00a0 Celik lo&hellip;\n","protected":false},"author":3,"featured_media":589274,"comment_status":"","ping_status":"","sticky":false,"template":"","format":"standard","meta":{"footnotes":"","_share_on_mastodon":"0"},"categories":[1452],"tags":[10920,324778,10575,721,2204,324776,57055,5682,554,4053,324777,724,1740,564,5292,1537,90,89,558,3417,19089,3522,3672,11318,33876,987,1739,24806,245,244,2981,5268],"class_list":["post-589273","post","type-post","status-publish","format-standard","has-post-thumbnail","category-calcio","tag-accelerare","tag-accelerare-evitare","tag-bianconero","tag-calcio","tag-carica","tag-carica-resto","tag-celik","tag-chiudere","tag-club","tag-difensore","tag-difensore-turco","tag-euro","tag-football","tag-giocatore","tag-interesse","tag-it","tag-italia","tag-italy","tag-juventus","tag-lorenzo","tag-pellegrini","tag-possono","tag-provato","tag-resto","tag-rinnovi","tag-roma","tag-soccer","tag-spalletti","tag-sport","tag-sports","tag-trattativa","tag-turco"],"share_on_mastodon":{"url":"https:\/\/pubeurope.com\/@it\/116935447566933405","error":""},"_links":{"self":[{"href":"https:\/\/www.europesays.com\/it\/wp-json\/wp\/v2\/posts\/589273","targetHints":{"allow":["GET"]}}],"collection":[{"href":"https:\/\/www.europesays.com\/it\/wp-json\/wp\/v2\/posts"}],"about":[{"href":"https:\/\/www.europesays.com\/it\/wp-json\/wp\/v2\/types\/post"}],"author":[{"embeddable":true,"href":"https:\/\/www.europesays.com\/it\/wp-json\/wp\/v2\/users\/3"}],"replies":[{"embeddable":true,"href":"https:\/\/www.europesays.com\/it\/wp-json\/wp\/v2\/comments?post=589273"}],"version-history":[{"count":0,"href":"https:\/\/www.europesays.com\/it\/wp-json\/wp\/v2\/posts\/589273\/revisions"}],"wp:featuredmedia":[{"embeddable":true,"href":"https:\/\/www.europesays.com\/it\/wp-json\/wp\/v2\/media\/589274"}],"wp:attachment":[{"href":"https:\/\/www.europesays.com\/it\/wp-json\/wp\/v2\/media?parent=589273"}],"wp:term":[{"taxonomy":"category","embeddable":true,"href":"https:\/\/www.europesays.com\/it\/wp-json\/wp\/v2\/categories?post=589273"},{"taxonomy":"post_tag","embeddable":true,"href":"https:\/\/www.europesays.com\/it\/wp-json\/wp\/v2\/tags?post=589273"}],"curies":[{"name":"wp","href":"https:\/\/api.w.org\/{rel}","templated":true}]}}