{"id":589652,"date":"2026-07-17T18:08:15","date_gmt":"2026-07-17T18:08:15","guid":{"rendered":"https:\/\/www.europesays.com\/it\/589652\/"},"modified":"2026-07-17T18:08:15","modified_gmt":"2026-07-17T18:08:15","slug":"celik-alla-juve-roma-infastidita-con-massara-i-retroscena","status":"publish","type":"post","link":"https:\/\/www.europesays.com\/it\/589652\/","title":{"rendered":"Celik alla Juve, Roma infastidita con Massara: i retroscena"},"content":{"rendered":"<p>                                Quando sembrava pronto a restare nella capitale, il difensore turco va alla Juve. Che ha agito legittimamente, ma in giallorosso la cosa ha lasciato qualche sospetto<\/p>\n<p class=\"paragraph\" spellcheck=\"true\">\u00c8 stata una vendetta o meno? Questo \u00e8 difficile da dire o decifrare con esattezza. Di certo c\u2019\u00e8 che una piccola grande rivincita per Frederic Massara lo \u00e8 stata di sicuro. Perch\u00e9 portare Zeki Celik alla Juventus \u00e8 stato un colpo basso per la Roma, soprattutto perch\u00e9 la conferma del difensore turco era stata chiesta esplicitamente da Gian Piero Gasperini, il grande \u201cnemico\u201d lo scorso anno proprio di Massara. Ed allora, forse, nel chiudere Celik un po\u2019 di gusto in pi\u00f9 il nuovo chief football officer della Juventus l\u2019avr\u00e0 sicuramente provato\u2026\u00a0<\/p>\n<p>        il fastidio\u2014 \u00a0<\/p>\n<p class=\"paragraph\" spellcheck=\"true\">Gi\u00e0, ma come l\u2019ha presa la Roma? \u00c8 chiaro che a Trigoria non abbiano fatto i salti di gioia, anche se Celik veniva considerato un giocatore anche sostituibile, non certo un uno di quelli imprescindibili per la prossima stagione. Ma alla dirigenza giallorossa non \u00e8 ovviamente piaciuto l\u2019atteggiamento degli agenti del giocatore, che si erano impegnati per il suo rinnovo in giallorosso, esattamente come lo stesso Celik aveva dato la sua parola a fine campionato a Gasperini, con una stretta di mano che oggi resta solo agli archivi. Gi\u00e0, perch\u00e9 la sua conferma era una richiesta diretta proprio dell\u2019allenatore giallorosso e il fatto che a tessere la trama sia stato lo stesso Massara un po\u2019 di fastidio l\u2019ha dato. Detto che la Juventus e Massara hanno operato legittimamente, considerando che Celik dal 30 giugno era a tutti gli effetti un giocatore svincolato e libero di firmare con chiunque, c\u2019\u00e8 il sospetto che il nuovo dirigente bianconero abbia \u201csfruttato\u201d nella trattativa delle notizie privilegiate acquisite in precedenza, quando era ancora direttore sportivo della Roma (il rapporto si \u00e8 interrotto ufficialmente il 29 maggio scorso) e aveva gi\u00e0 intavolato dei discorsi con l\u2019entourage del giocatore per un eventuale rinnovo di contratto. Poi Massara e la Roma si sono detti addio e Ricky \u00e8 sbarcato a Torino. Dove come prima mossa ha portato proprio Celik, \u201cscippandolo\u201d di fatto a Gasperini. L\u2019uomo che lo aveva sempre rimproverato di essere lento nelle trattative. Ecco, forse la soddisfazione nasce pure da questo, anche se Massara non lo ammetter\u00e0 mai. Esattamente come quel pizzico di fastidio in pi\u00f9 in casa giallorossa resta eccome\u2026<\/p>\n","protected":false},"excerpt":{"rendered":"Quando sembrava pronto a restare nella capitale, il difensore turco va alla Juve. Che ha agito legittimamente, ma&hellip;\n","protected":false},"author":3,"featured_media":589653,"comment_status":"","ping_status":"","sticky":false,"template":"","format":"standard","meta":{"footnotes":"","_share_on_mastodon":"0"},"categories":[176],"tags":[150013,324914,57055,4385,1277,4053,324777,32017,37644,5301,43989,5288,564,1537,90,89,558,324913,5291,1434,21730,987,15837,245,244,5268,61001],"class_list":["post-589652","post","type-post","status-publish","format-standard","has-post-thumbnail","category-sport","tag-acquisite","tag-acquisite-precedenza","tag-celik","tag-conferma","tag-dato","tag-difensore","tag-difensore-turco","tag-esattamente","tag-fastidio","tag-gasperini","tag-giallorossa","tag-giallorosso","tag-giocatore","tag-it","tag-italia","tag-italy","tag-juventus","tag-legittimamente","tag-massara","tag-resta","tag-rinnovo","tag-roma","tag-sospetto","tag-sport","tag-sports","tag-turco","tag-vendetta"],"share_on_mastodon":{"url":"https:\/\/pubeurope.com\/@it\/116936658662615679","error":""},"_links":{"self":[{"href":"https:\/\/www.europesays.com\/it\/wp-json\/wp\/v2\/posts\/589652","targetHints":{"allow":["GET"]}}],"collection":[{"href":"https:\/\/www.europesays.com\/it\/wp-json\/wp\/v2\/posts"}],"about":[{"href":"https:\/\/www.europesays.com\/it\/wp-json\/wp\/v2\/types\/post"}],"author":[{"embeddable":true,"href":"https:\/\/www.europesays.com\/it\/wp-json\/wp\/v2\/users\/3"}],"replies":[{"embeddable":true,"href":"https:\/\/www.europesays.com\/it\/wp-json\/wp\/v2\/comments?post=589652"}],"version-history":[{"count":0,"href":"https:\/\/www.europesays.com\/it\/wp-json\/wp\/v2\/posts\/589652\/revisions"}],"wp:featuredmedia":[{"embeddable":true,"href":"https:\/\/www.europesays.com\/it\/wp-json\/wp\/v2\/media\/589653"}],"wp:attachment":[{"href":"https:\/\/www.europesays.com\/it\/wp-json\/wp\/v2\/media?parent=589652"}],"wp:term":[{"taxonomy":"category","embeddable":true,"href":"https:\/\/www.europesays.com\/it\/wp-json\/wp\/v2\/categories?post=589652"},{"taxonomy":"post_tag","embeddable":true,"href":"https:\/\/www.europesays.com\/it\/wp-json\/wp\/v2\/tags?post=589652"}],"curies":[{"name":"wp","href":"https:\/\/api.w.org\/{rel}","templated":true}]}}