{"id":589675,"date":"2026-07-17T18:29:15","date_gmt":"2026-07-17T18:29:15","guid":{"rendered":"https:\/\/www.europesays.com\/it\/589675\/"},"modified":"2026-07-17T18:29:15","modified_gmt":"2026-07-17T18:29:15","slug":"milan-i-giovani-e-il-progetto-di-cardinale","status":"publish","type":"post","link":"https:\/\/www.europesays.com\/it\/589675\/","title":{"rendered":"Milan, i giovani e il progetto di Cardinale"},"content":{"rendered":"<p>                                Il progetto rossonero passa anche dalla valorizzazione dei giovani cresciuti in casa propria: il modello \u00e8 Bartesaghi. Da Alphadjo Ciss\u00e9 a Ossola, i prossimi in rampa di lancio<\/p>\n<p class=\"paragraph\" spellcheck=\"true\">Nelle ultime settimane i tifosi rossoneri si stanno dando di gomito: quel centinaio di milioni messi sul tavolo per portare a casa nei tempi pi\u00f9 rapidi possibili Gon\u00e7alo Ramos e Gila hanno ingolosito la gente milanista e cambiato la percezione collettiva dopo anni in cui spesso gli obiettivi sfumavano dopo tira e molla estenuanti per qualche manciata di euro. Questo per\u00f2 non significa che il Milan sia diventato un club di Premier dal portafoglio illimitato: Cardinale ha cambiato marcia, ma la filosofia del creare valore in casa propria resta una linea guida da perseguire. Ed \u00e8 uno degli aspetti che il numero uno di RedBird ha sottolineato con vigore nei primi incontri con la nuova dirigenza: i giovani talenti vanno coltivati, presi per mano e non smarriti per strada. Cardinale, in particolare, <a href=\"https:\/\/video.gazzetta.it\/blitz\/calciomercato-liberali-le-telefonate-di-cardinale-poi-la-scelta-como-come-e-andata\/ce0868b0-af2e-4c20-9920-92e11d3b4xlk\" title=\"Liberali, dalle telefonate di Cardinale alla scelta Como: ecco come \u00e8 andata\" rel=\"nofollow noopener\" target=\"_blank\">non ha digerito il caso Liberali<\/a>, lasciato andare l&#8217;estate scorsa. Tant&#8217;\u00e8 vero che il club rossonero ha provato a riportarlo a casa, senza riuscirci nonostante il patron in persona lo abbia contattato per convincerlo.<\/p>\n<p>        potenzialit\u00e0\u2014 \u00a0<\/p>\n<p class=\"paragraph\" spellcheck=\"true\">D&#8217;altra parte la prosecuzione del progetto seconda squadra serve proprio a quello. E il cospicuo numero di ragazzi aggregati da Amorim in questa prima parte del lavoro estivo \u00e8 la prova del nove. Non \u00e8 solo una questione di arrivare a un numero congruo per poter svolgere gli allenamenti, ma proprio di verificare nello specifico le potenzialit\u00e0 di chi \u00e8 tornato a casa dai prestiti o di chi fa comunque parte della rosa di Milan Futuro. L&#8217;obiettivo \u00e8 semplice a dirsi, meno a farsi: creare altri Bartesaghi, che rimane l&#8217;esempio migliore della sinergia tra prima e seconda squadra. In questo momento Amorim ha a disposizione undici giocatori da valutare e, nel caso, trattenere. Una squadra intera. Non sono tutti di Milan Futuro. Camarda e Comotto per esempio sono tornati dai rispettivi prestiti e saranno fra i primi nomi a finire sotto il microscopio del tecnico. Partiranno in tourn\u00e9e e poi verr\u00e0 presa una decisione che dovr\u00e0 necessariamente essere la migliore per la loro crescita. Amorim \u00e8 particolarmente sensibile allo sviluppo dei giovani, ma \u00e8 anche vero che restare per fare il terzo attaccante o il quinto centrocampista potrebbe non avere molto senso.<\/p>\n<p><a class=\"is-partner-link\" href=\"https:\/\/abbonamenti.gazzetta.it\/de-promo-mondiali\/?pwcmp=cta&amp;forceBrowser=true\" rel=\"nofollow noopener\" target=\"_blank\">Gazzetta Mondiale: ogni notte un\u2019edizione straordinaria esclusiva. Non perdertela, abbonati a 1\u20ac\/mese!<\/a><\/p>\n<p>        modello\u2014 \u00a0<\/p>\n<p class=\"paragraph\" spellcheck=\"true\">Pi\u00f9 logico, allora, puntare magari su qualche elemento di Milan Futuro, che potrebbe quindi fare spola agevolmente tra prima e seconda squadra. A proposito di centravanti, in questi primi giorni per esempio si sta mettendo in luce Kostic: idee chiare, personalit\u00e0 e un profilo che potrebbe tornare utile per il Milan dei &#8220;grandi&#8221;. Lo stesso vale &#8211; non appena avr\u00e0 pienamente recuperato dal lungo stop &#8211; per Alphadjo Ciss\u00e8 (trequartista). Per Aurelien Guernier (esterno offensivo). Per\u00a0Yahya Idrissi (esterno d&#8217;attacco anche lui). Per Lorenzo Ossola (trequartista). Milan e Milan Futuro hanno due allenatori nuovi che dovranno collaborare e a cui \u00e8 stato affidato un progetto sportivo piuttosto preciso: fare in modo che il modello Bartesaghi sia solo il primo di una lunga serie.<\/p>\n<p class=\"is-copyright\">\u00a9 RIPRODUZIONE RISERVATA<\/p>\n","protected":false},"excerpt":{"rendered":"Il progetto rossonero passa anche dalla valorizzazione dei giovani cresciuti in casa propria: il modello \u00e8 Bartesaghi. Da&hellip;\n","protected":false},"author":3,"featured_media":589676,"comment_status":"","ping_status":"","sticky":false,"template":"","format":"standard","meta":{"footnotes":"","_share_on_mastodon":"0"},"categories":[1452],"tags":[30,273180,193723,50020,36017,721,2295,843,554,2665,3073,1740,1598,1537,90,89,30323,2051,553,2506,324932,1312,227507,160985,7298,3338,2851,9608,9611,2521,11379,1739,245,244,1857,7989,29740,5489],"class_list":["post-589675","post","type-post","status-publish","format-standard","has-post-thumbnail","category-calcio","tag-affidato","tag-affidato-progetto","tag-alphadjo","tag-amorim","tag-bartesaghi","tag-calcio","tag-cambiato","tag-cardinale","tag-club","tag-creare","tag-esterno","tag-football","tag-giovani","tag-it","tag-italia","tag-italy","tag-liberali","tag-migliore","tag-milan","tag-modello","tag-modello-bartesaghi","tag-numero","tag-ossola","tag-potenzialita","tag-prestiti","tag-primi","tag-progetto","tag-propria","tag-rossonero","tag-seconda","tag-seconda-squadra","tag-soccer","tag-sport","tag-sports","tag-squadra","tag-talenti","tag-trequartista","tag-vero"],"share_on_mastodon":{"url":"https:\/\/pubeurope.com\/@it\/116936740962185502","error":""},"_links":{"self":[{"href":"https:\/\/www.europesays.com\/it\/wp-json\/wp\/v2\/posts\/589675","targetHints":{"allow":["GET"]}}],"collection":[{"href":"https:\/\/www.europesays.com\/it\/wp-json\/wp\/v2\/posts"}],"about":[{"href":"https:\/\/www.europesays.com\/it\/wp-json\/wp\/v2\/types\/post"}],"author":[{"embeddable":true,"href":"https:\/\/www.europesays.com\/it\/wp-json\/wp\/v2\/users\/3"}],"replies":[{"embeddable":true,"href":"https:\/\/www.europesays.com\/it\/wp-json\/wp\/v2\/comments?post=589675"}],"version-history":[{"count":0,"href":"https:\/\/www.europesays.com\/it\/wp-json\/wp\/v2\/posts\/589675\/revisions"}],"wp:featuredmedia":[{"embeddable":true,"href":"https:\/\/www.europesays.com\/it\/wp-json\/wp\/v2\/media\/589676"}],"wp:attachment":[{"href":"https:\/\/www.europesays.com\/it\/wp-json\/wp\/v2\/media?parent=589675"}],"wp:term":[{"taxonomy":"category","embeddable":true,"href":"https:\/\/www.europesays.com\/it\/wp-json\/wp\/v2\/categories?post=589675"},{"taxonomy":"post_tag","embeddable":true,"href":"https:\/\/www.europesays.com\/it\/wp-json\/wp\/v2\/tags?post=589675"}],"curies":[{"name":"wp","href":"https:\/\/api.w.org\/{rel}","templated":true}]}}