{"id":589942,"date":"2026-07-17T22:11:16","date_gmt":"2026-07-17T22:11:16","guid":{"rendered":"https:\/\/www.europesays.com\/it\/589942\/"},"modified":"2026-07-17T22:11:16","modified_gmt":"2026-07-17T22:11:16","slug":"un-posto-al-sole-anticipazioni-upas-dal-20-al-24-luglio-2026","status":"publish","type":"post","link":"https:\/\/www.europesays.com\/it\/589942\/","title":{"rendered":"Un posto al sole: anticipazioni UPAS dal 20 al 24 luglio 2026"},"content":{"rendered":"<p class=\"paragraph\" spellcheck=\"true\">Proseguir\u00e0 da luned\u00ec 20 luglio l&#8217;appuntamento dal luned\u00ec al venerd\u00ec con<b> Un Posto al Sole<\/b>, in onda alle 20.45 su Rai 3 e in streaming su RaiPlay. Si sta ormai per concludere la trentesima stagione della storica serie tv che si \u00e8 concessa, nel corso dell&#8217;anno, la partecipazione dell&#8217;attrice premio Oscar Whoopy Goldberg che non ha fatto soltanto un cameo ma ha preso parte a un ciclo di puntate. Inoltre nelle puntate di questa settimana e fino al 3 agosto, <b>UPAS<\/b> sar\u00e0 in trasferta in Calabria dove sono andati in vacanza Rossella, Nunzio, Micaela, Samuel e Jimmy. Un modo per far sentire in vacanza anche il pubblico affezionato alla soap.\u00a0<\/p>\n<p class=\"paragraph\" spellcheck=\"true\">Prima di scoprire quello che ci aspetta nelle puntate <b>dal 20 al 24 luglio,<\/b> vediamo dove eravamo rimasti. Niko e Manuela hanno incontrato uno psicologo per capire come aiutare Jimmy, anche se un imprevisto complica tutta la situazione con il ragazzo. Gianluca \u00e8 sconvolto dall&#8217;aver scoperto la relazione tra Alberto e Anna. Giulia ha consigliato al Palladini di stare lontano dal figlio per dargli il tempo di assorbire la situazione. Inoltre nella puntata di venerd\u00ec abbiamo visto che Rossella e Nunzio sono partiti per la Sila dove Rossella deve partecipare a un convegno.<\/p>\n","protected":false},"excerpt":{"rendered":"Proseguir\u00e0 da luned\u00ec 20 luglio l&#8217;appuntamento dal luned\u00ec al venerd\u00ec con Un Posto al Sole, in onda alle&hellip;\n","protected":false},"author":3,"featured_media":589943,"comment_status":"","ping_status":"","sticky":false,"template":"","format":"standard","meta":{"footnotes":"","_share_on_mastodon":"0"},"categories":[1444],"tags":[1518,11536,6185,10509,203,204,1537,90,89,14848,426,1691,27068,128363,137838,169502,9167,57358,86024,1398,2124,8202,158174,8835,2848,57359,57360,23990,9638,55341,360,252,57361,253,4664],"class_list":["post-589942","post","type-post","status-publish","format-standard","has-post-thumbnail","category-tv","tag-anticipazioni","tag-anticipazioni-puntata","tag-calabria","tag-convegno","tag-entertainment","tag-intrattenimento","tag-it","tag-italia","tag-italy","tag-jimmy","tag-luglio","tag-lunedi","tag-manuela","tag-micaela","tag-niko","tag-nunzio","tag-onda","tag-onda-rai","tag-onda-rai-streaming","tag-proposta","tag-psicologo","tag-puntata","tag-puntata-upas","tag-puntate","tag-rai","tag-rai-streaming","tag-rai-streaming-raiplay","tag-raiplay","tag-roberto","tag-rossella","tag-sole","tag-streaming","tag-streaming-raiplay","tag-tv","tag-upas"],"share_on_mastodon":{"url":"https:\/\/pubeurope.com\/@it\/116937614040945433","error":""},"_links":{"self":[{"href":"https:\/\/www.europesays.com\/it\/wp-json\/wp\/v2\/posts\/589942","targetHints":{"allow":["GET"]}}],"collection":[{"href":"https:\/\/www.europesays.com\/it\/wp-json\/wp\/v2\/posts"}],"about":[{"href":"https:\/\/www.europesays.com\/it\/wp-json\/wp\/v2\/types\/post"}],"author":[{"embeddable":true,"href":"https:\/\/www.europesays.com\/it\/wp-json\/wp\/v2\/users\/3"}],"replies":[{"embeddable":true,"href":"https:\/\/www.europesays.com\/it\/wp-json\/wp\/v2\/comments?post=589942"}],"version-history":[{"count":0,"href":"https:\/\/www.europesays.com\/it\/wp-json\/wp\/v2\/posts\/589942\/revisions"}],"wp:featuredmedia":[{"embeddable":true,"href":"https:\/\/www.europesays.com\/it\/wp-json\/wp\/v2\/media\/589943"}],"wp:attachment":[{"href":"https:\/\/www.europesays.com\/it\/wp-json\/wp\/v2\/media?parent=589942"}],"wp:term":[{"taxonomy":"category","embeddable":true,"href":"https:\/\/www.europesays.com\/it\/wp-json\/wp\/v2\/categories?post=589942"},{"taxonomy":"post_tag","embeddable":true,"href":"https:\/\/www.europesays.com\/it\/wp-json\/wp\/v2\/tags?post=589942"}],"curies":[{"name":"wp","href":"https:\/\/api.w.org\/{rel}","templated":true}]}}