{"id":589968,"date":"2026-07-17T22:34:11","date_gmt":"2026-07-17T22:34:11","guid":{"rendered":"https:\/\/www.europesays.com\/it\/589968\/"},"modified":"2026-07-17T22:34:11","modified_gmt":"2026-07-17T22:34:11","slug":"infantino-conferenze-e-selfie-a-pagamento-ai-mondiali","status":"publish","type":"post","link":"https:\/\/www.europesays.com\/it\/589968\/","title":{"rendered":"Infantino, conferenze e selfie a pagamento ai Mondiali"},"content":{"rendered":"<p>                                Le ultime trovate del presidente Fifa in una edizione della Coppa del mondo caratterizzata dall&#8217;esasperata ricerca del denaro<\/p>\n<p class=\"paragraph\" spellcheck=\"true\">L\u2019ultima invenzione della Fifa: vendere biglietti al pubblico per le conferenze stampa. Oggi pomeriggio, la notte europea, prima Luis De la Fuente e poi Lionel Scaloni, entrambi accompagnati da un giocatore, terranno le abituali conferenze di presentazione della finale del Mondiale in programma domenica. Che di solito sono alla vigilia del match e negli stadi dove si giocano gli incontri, ma stavolta sono state anticipate di 24 ore e spostate in un grande auditorium, in questo caso il Javits Center, a Manhattan, non lontano dal Madison Squadre Garden. L\u2019evento si chiama Fanatics Fest Nyc, nome derivato dallo sponsor principale dell\u2019evento.<\/p>\n<p>    70 euro\u2014 \u00a0<\/p>\n<p class=\"paragraph is-inline\" spellcheck=\"true\">\u00a0Il pubblico poteva acquistare i tagliandi per assistere alle conferenze al prezzo di 81,54 dollari, poco pi\u00f9 di 70 euro. Il biglietto, per quanto si \u00e8 potuto sapere, d\u00e0 anche diritto a fare qualche domanda. Ricordiamo che con centinaia di giornalisti accreditati riuscire a farsi dare il microfono per fare una domanda \u00e8 gi\u00e0 un mezzo miracolo.\u00a0<\/p>\n<p><a class=\"is-partner-link\" href=\"https:\/\/abbonamenti.gazzetta.it\/de-promo-mondiali\/?pwcmp=cta&amp;forceBrowser=true\" rel=\"nofollow noopener\" target=\"_blank\">Gazzetta Mondiale: ogni notte un\u2019edizione straordinaria esclusiva. Non perdertela, abbonati a 1\u20ac\/mese!<\/a><\/p>\n<p>    selfie\u2014 \u00a0<\/p>\n<p class=\"paragraph is-inline\" spellcheck=\"true\">E tra una conferenza e l\u2019altra c\u2019\u00e8 anche una \u2018photo opportunity\u2019 ancora non specificata con precisione. Per quanto abbiamo potuto sapere mettendo sul tavolo altri 150 dollari si avr\u00e0 il privilegio di un selfie. Non \u00e8 ancora chiaro con chi, si parla del giocatore di baseball Alexis Rodriguez e di Rio Ferdinand, invitato speciale della Fifa. Il difensore inglese \u00e8 stato l\u2019unico a difendere la decisione di sospendere la squalifica di Balogun come da richiesta del presidente Donald Trump. Il suo appoggio a una causa scellerata \u00e8 stato immediatamente premiato.\u00a0L\u2019evento come di deduce dal nome \u00e8 organizzato da Fanatics, la piattaforma americana specializzata nella vendita di merchandising: ogni occasione \u00e8 buona per trasformare in show, a pagamento, qualsiasi appuntamento legato al calcio. No, scusate, al soccer.<\/p>\n<p class=\"is-copyright\">\u00a9 RIPRODUZIONE RISERVATA<\/p>\n","protected":false},"excerpt":{"rendered":"Le ultime trovate del presidente Fifa in una edizione della Coppa del mondo caratterizzata dall&#8217;esasperata ricerca del denaro&hellip;\n","protected":false},"author":3,"featured_media":589969,"comment_status":"","ping_status":"","sticky":false,"template":"","format":"standard","meta":{"footnotes":"","_share_on_mastodon":"0"},"categories":[1452],"tags":[721,33477,33478,3761,2341,724,451,229970,145717,32956,1740,564,1537,90,89,1693,7844,11045,325052,135,179,30255,228533,9595,20975,1739,245,244],"class_list":["post-589968","post","type-post","status-publish","format-standard","has-post-thumbnail","category-calcio","tag-calcio","tag-conferenze","tag-conferenze-stampa","tag-dollari","tag-domanda","tag-euro","tag-evento","tag-fanatics","tag-ferdinand","tag-fifa","tag-football","tag-giocatore","tag-it","tag-italia","tag-italy","tag-nome","tag-pagamento","tag-potuto","tag-potuto-sapere","tag-presidente","tag-pubblico","tag-rio","tag-rio-ferdinand","tag-sapere","tag-selfie","tag-soccer","tag-sport","tag-sports"],"share_on_mastodon":{"url":"https:\/\/pubeurope.com\/@it\/116937704659938229","error":""},"_links":{"self":[{"href":"https:\/\/www.europesays.com\/it\/wp-json\/wp\/v2\/posts\/589968","targetHints":{"allow":["GET"]}}],"collection":[{"href":"https:\/\/www.europesays.com\/it\/wp-json\/wp\/v2\/posts"}],"about":[{"href":"https:\/\/www.europesays.com\/it\/wp-json\/wp\/v2\/types\/post"}],"author":[{"embeddable":true,"href":"https:\/\/www.europesays.com\/it\/wp-json\/wp\/v2\/users\/3"}],"replies":[{"embeddable":true,"href":"https:\/\/www.europesays.com\/it\/wp-json\/wp\/v2\/comments?post=589968"}],"version-history":[{"count":0,"href":"https:\/\/www.europesays.com\/it\/wp-json\/wp\/v2\/posts\/589968\/revisions"}],"wp:featuredmedia":[{"embeddable":true,"href":"https:\/\/www.europesays.com\/it\/wp-json\/wp\/v2\/media\/589969"}],"wp:attachment":[{"href":"https:\/\/www.europesays.com\/it\/wp-json\/wp\/v2\/media?parent=589968"}],"wp:term":[{"taxonomy":"category","embeddable":true,"href":"https:\/\/www.europesays.com\/it\/wp-json\/wp\/v2\/categories?post=589968"},{"taxonomy":"post_tag","embeddable":true,"href":"https:\/\/www.europesays.com\/it\/wp-json\/wp\/v2\/tags?post=589968"}],"curies":[{"name":"wp","href":"https:\/\/api.w.org\/{rel}","templated":true}]}}