{"id":589979,"date":"2026-07-17T22:42:17","date_gmt":"2026-07-17T22:42:17","guid":{"rendered":"https:\/\/www.europesays.com\/it\/589979\/"},"modified":"2026-07-17T22:42:17","modified_gmt":"2026-07-17T22:42:17","slug":"lazienda-dona-un-ecografo-di-ultima-generazione-al-reparto-di-ostetricia-e-ginecologia-del-bufalini","status":"publish","type":"post","link":"https:\/\/www.europesays.com\/it\/589979\/","title":{"rendered":"L&#8217;azienda dona un ecografo di ultima generazione al reparto di Ostetricia e Ginecologia del Bufalini"},"content":{"rendered":"<p>Un importante gesto di solidariet\u00e0 e responsabilit\u00e0 sociale si traduce in un concreto investimento per la salute delle donne e dei nascituri. Grazie alla donazione dell\u2019azienda Paresa Spa, l&#8217;Unit\u00e0 operativa di Ostetricia e Ginecologia dell\u2019ospedale Bufalini potr\u00e0 contare su un ecografo di ultima generazione dedicato alla diagnostica ostetrico-ginecologica, uno strumento di alta fascia che consentir\u00e0 di elevare ulteriormente la qualit\u00e0 dell&#8217;assistenza e delle prestazioni offerte. Il nuovo ecografo integra tecnologie innovative che migliorano l&#8217;accuratezza diagnostica e favoriscono l&#8217;individuazione precoce di patologie attraverso sofisticati sistemi di intelligenza artificiale, capaci di riconoscere automaticamente le scansioni ecografiche, acquisire le principali misurazioni e supportare l&#8217;identificazione di malformazioni, riducendo i tempi di esecuzione degli esami e il rischio di errore.<\/p>\n<p>Questa nuova dotazione tecnologica rendendo possibile l\u2019esecuzione di ecografie ostetrico-ginecologiche di secondo livello secondo i pi\u00f9 avanzati standard qualitativi, rappresenta un significativo valore aggiunto per il percorso assistenziale delle pazienti, contribuendo a una diagnosi pi\u00f9 tempestiva e precisa, a una maggiore sicurezza clinica e a un&#8217;organizzazione ancora pi\u00f9 efficiente dell&#8217;attivit\u00e0 sanitaria.<\/p>\n<p>Alla cerimonia di donazione erano presenti l\u2019assessora ai Servizi per le Famiglie e le Persone del Comune di Cesena Carmelina Labruzzo, la direttrice del Presidio ospedaliero Marisa Bagnoli, la direttrice dell\u2019Uo Ostetricia e Ginecologia Gloria Giacomini con una rappresentanza del suo staff, la coordinatrice ostetrica Gilda Sottile, il direttore dell\u2019ingegneria Clinica Stefano Sanniti, la responsabile infermieristica del dipartimento Salute Donna, Infanzia e Adolescenza Martina Spiga, la direttrice dell\u2019Uo Accoglienza, Urp e Fundraising Elisabetta Montesi, la coordinatrice dell\u2019ufficio Fundraising Manuela Guido e i tre soci di Paresa: Dante Ravaioli, Enrico Sozzi e Raffaele Cedioli.<\/p>\n<p>\u201cDesidero esprimere un sincero ringraziamento a Paresa per questa importante donazione, che rappresenta un investimento strategico per il potenziamento della nostra attivit\u00e0 diagnostica in ambito ostetrico-ginecologico. Il nuovo ecografo ci consentir\u00e0 di offrire alle pazienti prestazioni ancora pi\u00f9 accurate, migliorando la qualit\u00e0 delle cure e la sicurezza clinica. Le tecnologie di ultima generazione di cui \u00e8 dotato permetteranno inoltre di ottimizzare i tempi di esecuzione degli esami e di supportare il lavoro dei professionisti, favorendo una maggiore efficienza organizzativa e consentendo di dedicare ancora pi\u00f9 attenzione alla presa in carico e alla relazione con le donne che si affidano ai nostri servizi. Investire nell&#8217;innovazione significa investire nella salute delle persone. Grazie a questa nuova dotazione tecnologica potremo consolidare ulteriormente il nostro impegno nel garantire un&#8217;assistenza sempre pi\u00f9 qualificata, tempestiva e in linea con i pi\u00f9 elevati standard diagnostici, a beneficio delle donne, dei loro bambini e delle loro famiglie\u201d. Sono le parole della direttrice dell&#8217;Unit\u00e0 operativa di Ostetricia e Ginecologia dell&#8217;ospedale Bufalini, Gloria Giacomini.\u00a0<\/p>\n<p>Anche l\u2019assessora Carmelina Labruzzo, si unisce ai ringraziamenti, sottolineando come un\u2019azienda di respiro internazionale come Paresa dimostri un forte senso di responsabilit\u00e0 e di restituzione nei confronti del territorio e rappresenti un esempio concreto di come la collaborazione tra il sistema sanitario e il tessuto imprenditoriale locale possa tradursi in un beneficio diretto per la comunit\u00e0 e in un investimento sul futuro della salute.<\/p>\n","protected":false},"excerpt":{"rendered":"Un importante gesto di solidariet\u00e0 e responsabilit\u00e0 sociale si traduce in un concreto investimento per la salute delle&hellip;\n","protected":false},"author":3,"featured_media":589980,"comment_status":"","ping_status":"","sticky":false,"template":"","format":"standard","meta":{"footnotes":"","_share_on_mastodon":"0"},"categories":[175],"tags":[239,1537,90,89,184725,240],"class_list":["post-589979","post","type-post","status-publish","format-standard","has-post-thumbnail","category-salute","tag-health","tag-it","tag-italia","tag-italy","tag-ospedale-bufalini","tag-salute"],"share_on_mastodon":{"url":"https:\/\/pubeurope.com\/@it\/116937736113577693","error":""},"_links":{"self":[{"href":"https:\/\/www.europesays.com\/it\/wp-json\/wp\/v2\/posts\/589979","targetHints":{"allow":["GET"]}}],"collection":[{"href":"https:\/\/www.europesays.com\/it\/wp-json\/wp\/v2\/posts"}],"about":[{"href":"https:\/\/www.europesays.com\/it\/wp-json\/wp\/v2\/types\/post"}],"author":[{"embeddable":true,"href":"https:\/\/www.europesays.com\/it\/wp-json\/wp\/v2\/users\/3"}],"replies":[{"embeddable":true,"href":"https:\/\/www.europesays.com\/it\/wp-json\/wp\/v2\/comments?post=589979"}],"version-history":[{"count":0,"href":"https:\/\/www.europesays.com\/it\/wp-json\/wp\/v2\/posts\/589979\/revisions"}],"wp:featuredmedia":[{"embeddable":true,"href":"https:\/\/www.europesays.com\/it\/wp-json\/wp\/v2\/media\/589980"}],"wp:attachment":[{"href":"https:\/\/www.europesays.com\/it\/wp-json\/wp\/v2\/media?parent=589979"}],"wp:term":[{"taxonomy":"category","embeddable":true,"href":"https:\/\/www.europesays.com\/it\/wp-json\/wp\/v2\/categories?post=589979"},{"taxonomy":"post_tag","embeddable":true,"href":"https:\/\/www.europesays.com\/it\/wp-json\/wp\/v2\/tags?post=589979"}],"curies":[{"name":"wp","href":"https:\/\/api.w.org\/{rel}","templated":true}]}}