{"id":589981,"date":"2026-07-17T22:43:16","date_gmt":"2026-07-17T22:43:16","guid":{"rendered":"https:\/\/www.europesays.com\/it\/589981\/"},"modified":"2026-07-17T22:43:16","modified_gmt":"2026-07-17T22:43:16","slug":"star-wars-la-spada-laser-di-luke-skywalker-venduta-allasta-per-la-cifra-record-di-375-milioni-di-dollari","status":"publish","type":"post","link":"https:\/\/www.europesays.com\/it\/589981\/","title":{"rendered":"\u00abStar Wars\u00bb, la spada laser di Luke Skywalker venduta all&#8217;asta per la cifra record di 3,75 milioni di dollari"},"content":{"rendered":"<p>    di<br \/>\n    Federica Maccotta<\/p>\n<p class=\"summary-art is-line-h-12\">\u00c8 l&#8217;arma usata nel duello finale con Darth Vader.  La somma \u00e8 la pi\u00f9 alta mai pagata per un oggetto di scena della saga creata da George Lucas<\/p>\n<p class=\"chapter-paragraph\">Star Wars colpisce ancora, stabilendo un nuovo record mondiale per il prezzo di un cimelio della saga creata da <a href=\"https:\/\/www.corriere.it\/spettacoli\/cinema-serie-tv\/festival-di-cannes\/24_maggio_24\/george-lucas-star-wars-cosi-cambio-hollywood-263e89c7-46f1-4162-9078-8e8d78dc6xlk.shtml\" target=\"_blank\" rel=\"nofollow noopener\">George Lucas<\/a> battuto all&#8217;asta.<b> \u00c8 stata infatti venduta per 3,75 milioni di dollari<\/b> (circa 3,28 milioni di euro) la <b>spada laser originale usata dall&#8217;attore Mark Hamill nei panni di Luke Skywalker in <\/b><b>Star Wars: Episodio V\u00a0<\/b>\u2013<b>\u00a0L&#8217;Impero colpisce <\/b>ancora del 1980.\u00a0<\/p>\n<p class=\"chapter-paragraph\">Il prezzo sborsato da chi si \u00e8 aggiudicato l&#8217;asta che si \u00e8 svolta\u00a0a Dallas, in Texas, ha sorpreso gli organizzatori della\u00a0Hollywood &amp; Entertainment Signature Auction voluta da Heritage Auctions, che avevano<b> stimato per l&#8217;oggetto di scena un valore tra uno e due milioni di dollari<\/b>. Il risultato finale ha battuto il precedente primato di\u00a03,135 milioni di dollari pagati nel 2023 per il modello originale, lungo circa 50 centimetri, dell&#8217;X-wing utilizzato nelle riprese della battaglia spaziale del primo <a href=\"https:\/\/www.corriere.it\/spettacoli\/20_maggio_03\/tanti-auguri-star-wars-bc2b8102-8d4d-11ea-876b-8ec8c59e51b8.shtml\" target=\"_blank\" rel=\"nofollow noopener\">Star Wars<\/a>.    &#13;<br \/>\n&#13;<br \/>\n&#13;<br \/>\n&#13;<br \/>\n&#13;<br \/>\n&#13;<br \/>\n&#13;<br \/>\n&#13;<br \/>\n&#13;<br \/>\n&#13;<br \/>\n&#13;<br \/>\n&#13;<br \/>\n&#13;<br \/>\n&#13;<br \/>\n&#13;<br \/>\n&#13;<br \/>\n&#13;<br \/>\n&#13;<br \/>\n&#13;<br \/>\n&#13;<br \/>\n&#13;<br \/>\n&#13;<br \/>\n&#13;<br \/>\n&#13;<br \/>\n&#13;<br \/>\n&#13;<br \/>\n&#13;<br \/>\n&#13;<br \/>\n&#13;<br \/>\n&#13;<br \/>\n&#13;<br \/>\n&#13;<br \/>\n&#13;<br \/>\n&#13;<br \/>\n&#13;<br \/>\n&#13;<br \/>\n&#13;<br \/>\n&#13;<br \/>\n&#13;<br \/>\n&#13;<br \/>\n&#13;<br \/>\n&#13;<br \/>\n&#13;<br \/>\n&#13;<br \/>\n&#13;<br \/>\n&#13;<br \/>\n&#13;<br \/>\n&#13;<br \/>\n&#13;<br \/>\n&#13;<br \/>\n&#13;<br \/>\n&#13;<br \/>\n&#13;\n<\/p>\n<p class=\"chapter-paragraph\">La spada laser da record \u00e8 protagonista di una delle scene pi\u00f9 celebri del cinema:<b> \u00e8 quella impugnata da Luke Skywalker nel duello finale contro Darth Vader<\/b>, nella scena in cui il cattivo di Guerre Stellari\u00a0pronuncia la famosa frase-choc \u00abIo sono tuo padre\u00bb, rivolto al giovane Jedi.\u00a0<\/p>\n<p class=\"chapter-paragraph\"><b>La cifra, la pi\u00f9 alta pagata per un oggetto di scena della saga<\/b>, non \u00e8 per\u00f2 la maggiore in assoluto mai sborsata quando si parla dell&#8217;universo di Star Wars. Per il dipinto originale del manifesto di Star Wars: Episodio IV \u2013 Una nuova speranza\u00a0(1977), realizzato dall&#8217;illustratore Tom Jung, sono stati infatti versati 3,875 milioni di dollari.\u00a0<\/p>\n<p class=\"is-last-update\" datetime=\"2026-07-17T17:34:46+02:00\">17 luglio 2026<\/p>\n<p class=\"is-copyright\">\n            \u00a9 RIPRODUZIONE RISERVATA\n        <\/p>\n","protected":false},"excerpt":{"rendered":"di Federica Maccotta \u00c8 l&#8217;arma usata nel duello finale con Darth Vader. La somma \u00e8 la pi\u00f9 alta&hellip;\n","protected":false},"author":3,"featured_media":589982,"comment_status":"","ping_status":"","sticky":false,"template":"","format":"standard","meta":{"footnotes":"","_share_on_mastodon":"0"},"categories":[174],"tags":[30861,3761,203,1426,204,1537,90,89,63397,84423,160351,20460,325053,12330,3421,8335,2986,325054,57872,325055,630,31638,82125],"class_list":["post-589981","post","type-post","status-publish","format-standard","has-post-thumbnail","category-intrattenimento","tag-asta","tag-dollari","tag-entertainment","tag-finale","tag-intrattenimento","tag-it","tag-italia","tag-italy","tag-laser","tag-luke","tag-luke-skywalker","tag-oggetto","tag-oggetto-scena","tag-originale","tag-record","tag-saga","tag-scena","tag-skywalker","tag-spada","tag-spada-laser","tag-star","tag-star-wars","tag-wars"],"share_on_mastodon":{"url":"https:\/\/pubeurope.com\/@it\/116937739985794072","error":""},"_links":{"self":[{"href":"https:\/\/www.europesays.com\/it\/wp-json\/wp\/v2\/posts\/589981","targetHints":{"allow":["GET"]}}],"collection":[{"href":"https:\/\/www.europesays.com\/it\/wp-json\/wp\/v2\/posts"}],"about":[{"href":"https:\/\/www.europesays.com\/it\/wp-json\/wp\/v2\/types\/post"}],"author":[{"embeddable":true,"href":"https:\/\/www.europesays.com\/it\/wp-json\/wp\/v2\/users\/3"}],"replies":[{"embeddable":true,"href":"https:\/\/www.europesays.com\/it\/wp-json\/wp\/v2\/comments?post=589981"}],"version-history":[{"count":0,"href":"https:\/\/www.europesays.com\/it\/wp-json\/wp\/v2\/posts\/589981\/revisions"}],"wp:featuredmedia":[{"embeddable":true,"href":"https:\/\/www.europesays.com\/it\/wp-json\/wp\/v2\/media\/589982"}],"wp:attachment":[{"href":"https:\/\/www.europesays.com\/it\/wp-json\/wp\/v2\/media?parent=589981"}],"wp:term":[{"taxonomy":"category","embeddable":true,"href":"https:\/\/www.europesays.com\/it\/wp-json\/wp\/v2\/categories?post=589981"},{"taxonomy":"post_tag","embeddable":true,"href":"https:\/\/www.europesays.com\/it\/wp-json\/wp\/v2\/tags?post=589981"}],"curies":[{"name":"wp","href":"https:\/\/api.w.org\/{rel}","templated":true}]}}