{"id":590088,"date":"2026-07-18T00:21:32","date_gmt":"2026-07-18T00:21:32","guid":{"rendered":"https:\/\/www.europesays.com\/it\/590088\/"},"modified":"2026-07-18T00:21:32","modified_gmt":"2026-07-18T00:21:32","slug":"pallacanestro-reggiana-firma-la-guardia-statunitense-rob-edwards-per-la-stagione-2026-2027","status":"publish","type":"post","link":"https:\/\/www.europesays.com\/it\/590088\/","title":{"rendered":"Pallacanestro Reggiana firma la guardia statunitense Rob Edwards per la stagione 2026-2027"},"content":{"rendered":"<p>Pallacanestro Reggiana comunica di aver raggiunto un accordo con la guardia statunitense Rob Edwards per la stagione sportiva 2026\/2027.<\/p>\n<p>Nativo di Detroit e alto 196 centimetri, Edwards si \u00e8 formato cestisticamente in NCAA, vestendo le maglie di Cleveland State e Arizona State. Tra il 2020 e il 2023 ha maturato diverse esperienze in G League con Oklahoma City Blue e Wisconsin Herd. La sua prima esperienza europea risale al marzo 2023, quando ha concluso la stagione in Germania con il BC G\u00f6ttingen.<br \/>Nell\u2019annata successiva \u00e8 tornato in G League, dividendosi tra Cleveland Charge, Maine Celtics e Delaware Blue Coats. Durante la stagione 2024\/2025 ha invece giocato in tre diversi continenti, indossando le maglie dei Cairns Taipans in Australia, degli Xinjiang Flying Tigers in Cina e degli Osos de Manat\u00ed a Porto Rico.<br \/>Nella scorsa stagione ha vestito prima la maglia degli Jiangsu Dragons, in Cina, e successivamente quella dell\u2019Ironi Kiryat Ata, in Israele, dove ha fatto registrare quasi 22 punti, 4 assist e 4 rimbalzi di media nelle sei partite disputate.<\/p>\n<p>Queste le parole di coach Dimitris Priftis in merito alla firma di Edwards:<br \/>\u00abRob Edwards \u00e8 un giocatore di talento, dotato di importanti qualit\u00e0 realizzative. Aggiunger\u00e0 sicuramente qualit\u00e0 e fisicit\u00e0 al nostro gioco, sia nella met\u00e0 campo offensiva che in quella difensiva. Siamo felici che abbia scelto di unirsi a noi e siamo certi che sar\u00e0 una parte importante della nostra squadra\u00bb.<\/p>\n<p>Queste, invece, le prime dichiarazioni di Rob Edwards da giocatore della UNA Hotels Reggio Emilia:<br \/>\u00abHo scelto Reggio Emilia perch\u00e9 il progetto mi ha convinto fin dalle prime conversazioni con il coach e il General Manager. Mi hanno fatto sentire subito a mio agio e sono molto contento di avere questa opportunit\u00e0, che mi permetter\u00e0 di mostrare le mie qualit\u00e0 e di aiutare la squadra a vincere il maggior numero possibile di partite. Vogliamo che la nostra stagione duri il pi\u00f9 a lungo possibile, sia in campionato che in Basketball Champions League. Sono felice di venire a giocare in Italia: non ci sono mai stato, ma ne ho sempre sentito parlare molto bene, anche attraverso i film e le serie televisive che ho visto. Naturalmente, una delle cose che crea maggiore curiosit\u00e0 quando si pensa all\u2019Italia \u00e8 il cibo. Non vedo l\u2019ora di arrivare in citt\u00e0, conoscere tutti i membri del club, i miei nuovi compagni, lo staff e, naturalmente, i tifosi. Sono sicuro che si divertiranno molto venendo a vederci giocare al PalaBigi\u00bb.<\/p>\n","protected":false},"excerpt":{"rendered":"Pallacanestro Reggiana comunica di aver raggiunto un accordo con la guardia statunitense Rob Edwards per la stagione sportiva&hellip;\n","protected":false},"author":3,"featured_media":590089,"comment_status":"","ping_status":"","sticky":false,"template":"","format":"standard","meta":{"footnotes":"","_share_on_mastodon":"0"},"categories":[1453],"tags":[1756,1757,1537,90,89,18452,324229,245,244],"class_list":["post-590088","post","type-post","status-publish","format-standard","has-post-thumbnail","category-basket","tag-basket","tag-basketball","tag-it","tag-italia","tag-italy","tag-pallacanestro-reggiana","tag-rob-edwards","tag-sport","tag-sports"],"share_on_mastodon":{"url":"https:\/\/pubeurope.com\/@it\/116938125404685318","error":""},"_links":{"self":[{"href":"https:\/\/www.europesays.com\/it\/wp-json\/wp\/v2\/posts\/590088","targetHints":{"allow":["GET"]}}],"collection":[{"href":"https:\/\/www.europesays.com\/it\/wp-json\/wp\/v2\/posts"}],"about":[{"href":"https:\/\/www.europesays.com\/it\/wp-json\/wp\/v2\/types\/post"}],"author":[{"embeddable":true,"href":"https:\/\/www.europesays.com\/it\/wp-json\/wp\/v2\/users\/3"}],"replies":[{"embeddable":true,"href":"https:\/\/www.europesays.com\/it\/wp-json\/wp\/v2\/comments?post=590088"}],"version-history":[{"count":0,"href":"https:\/\/www.europesays.com\/it\/wp-json\/wp\/v2\/posts\/590088\/revisions"}],"wp:featuredmedia":[{"embeddable":true,"href":"https:\/\/www.europesays.com\/it\/wp-json\/wp\/v2\/media\/590089"}],"wp:attachment":[{"href":"https:\/\/www.europesays.com\/it\/wp-json\/wp\/v2\/media?parent=590088"}],"wp:term":[{"taxonomy":"category","embeddable":true,"href":"https:\/\/www.europesays.com\/it\/wp-json\/wp\/v2\/categories?post=590088"},{"taxonomy":"post_tag","embeddable":true,"href":"https:\/\/www.europesays.com\/it\/wp-json\/wp\/v2\/tags?post=590088"}],"curies":[{"name":"wp","href":"https:\/\/api.w.org\/{rel}","templated":true}]}}