{"id":590272,"date":"2026-07-18T03:18:20","date_gmt":"2026-07-18T03:18:20","guid":{"rendered":"https:\/\/www.europesays.com\/it\/590272\/"},"modified":"2026-07-18T03:18:20","modified_gmt":"2026-07-18T03:18:20","slug":"paolo-belli-straziato-dal-dolore-per-il-pedone-investito-i-legali-vorrebbe-parlare-con-la-famiglia-della-vittima","status":"publish","type":"post","link":"https:\/\/www.europesays.com\/it\/590272\/","title":{"rendered":"Paolo Belli straziato dal dolore per il pedone investito. I legali: \u00abVorrebbe parlare con la famiglia della vittima\u00bb"},"content":{"rendered":"<p>    di<br \/>\n    Adriano Arati<\/p>\n<p class=\"summary-art is-line-h-12\">Il cantante e conduttore modenese ha manifestato pi\u00f9 volte la volont\u00e0 di parlare con la madre e con gli amici pi\u00f9 cari di Alessandro Magnani<\/p>\n<p class=\"chapter-paragraph\"><b>Paolo Belli vorrebbe incontrare i famigliari dell\u2019uomo morto nell\u2019incidente in cui \u00e8 rimasto coinvolto<\/b>. Il cantante e conduttore modenese, rinchiuso nella sua casa da luned\u00ec scorso, ha manifestato pi\u00f9 volte la volont\u00e0 di parlare con la madre e con gli amici pi\u00f9 cari di <a href=\"https:\/\/corrieredibologna.corriere.it\/notizie\/cronaca\/26_luglio_15\/alessandro-magnani-chi-era-bcad7fd8-6bf6-405e-b317-5c2c5a35axlk.shtml\" title=\"Chi era Alessandro Magnani, l&#039;allenatore di volley e tifoso del Napoli morto dopo l&#039;incidente con Paolo Belli\" rel=\"nofollow noopener\" target=\"_blank\">Alessandro Magnani<\/a>, deceduto marted\u00ec 14 luglio.\u00a0<\/p>\n<p>    L&#8217;incidente<\/p>\n<p class=\"chapter-paragraph\">Il41enne residente a Canolo di Reggio \u00e8 spirato per le conseguenze di un <a href=\"https:\/\/corrieredibologna.corriere.it\/notizie\/cronaca\/26_luglio_15\/incidente-bici-paolo-belli-pedone-morto-89159426-ba7c-46c4-9ea7-5d4db9505xlk.shtml\" title=\"Paolo Belli coinvolto in un incidente, morto il pedone investito in bici. Il cantante lo soccorre e finisce in ospedale sotto choc: \u00abAndava piano\u00bb\" rel=\"nofollow noopener\" target=\"_blank\">impatto con la bici condotta da Paolo Belli <\/a>avvenuto attorno al mezzogiorno di luned\u00ec 13 luglio in una piccola strada di Cognento di Campagnola Emilia, nella Bassa di Reggio Emilia. Magnani <b>stava uscendo a piedi dal cortile di un\u2019abitazione dove aveva consegnato una notifica<\/b> e stava dirigendosi all\u2019auto parcheggiata a pochi metri di distanza. L\u00ec si \u00e8 scontrato con Belli, impegnato in un <b>giro in bicicletta<\/b> nelle strade rurali della Bassa, non lontane dalla citt\u00e0 di Carpi in cui vive.\u00a0    &#13;<br \/>\n&#13;<br \/>\n&#13;<br \/>\n&#13;<br \/>\n&#13;<br \/>\n&#13;<br \/>\n&#13;<br \/>\n&#13;<br \/>\n&#13;<br \/>\n&#13;<br \/>\n&#13;<br \/>\n&#13;<br \/>\n&#13;<br \/>\n&#13;<br \/>\n&#13;<br \/>\n&#13;<br \/>\n&#13;<br \/>\n&#13;<br \/>\n&#13;<br \/>\n&#13;<br \/>\n&#13;<br \/>\n&#13;<br \/>\n&#13;<br \/>\n&#13;<br \/>\n&#13;<br \/>\n&#13;<br \/>\n&#13;<br \/>\n&#13;<br \/>\n&#13;<br \/>\n&#13;<br \/>\n&#13;<br \/>\n&#13;<br \/>\n&#13;<br \/>\n&#13;<br \/>\n&#13;<br \/>\n&#13;<br \/>\n&#13;<br \/>\n&#13;<br \/>\n&#13;<br \/>\n&#13;<br \/>\n&#13;<br \/>\n&#13;<br \/>\n&#13;<br \/>\n&#13;<br \/>\n&#13;<br \/>\n&#13;<br \/>\n&#13;<br \/>\n&#13;<br \/>\n&#13;<br \/>\n&#13;<br \/>\n&#13;<br \/>\n&#13;<br \/>\n&#13;\n<\/p>\n<p>    La dinamica<\/p>\n<p class=\"chapter-paragraph\"><b>Dalle prime testimonianze, Belli procedeva a bassa velocit\u00e0 quando ha colpito il 41enne<\/b>, che in quel momento si immetteva sulla carreggiata da una sorta di rientranza coperta da un cespuglio. <b>Dovr\u00e0 essere valutato se la massa della pianta sia stata capace di nascondere <\/b>sia al pedone sia al ciclista di accorgersi dell\u2019altro sino all\u2019ultimo. E <b>non \u00e8 ancora chiaro se a provocare la morte sia stato un trauma cranico o se Magnani stesse gi\u00e0 avendo problemi di salute, e stesse gi\u00e0 cadendo<\/b>, al momento della collisione.<\/p>\n<p>    Le indagini<\/p>\n<p class=\"chapter-paragraph\">Dal primo momento, <b>Belli ha chiesto ai soccorritori notizie sulle condizioni di Magnani<\/b>, portato all\u2019ospedale Maggiore di Parma in elicottero. Da quando ha saputo della morte, \u00e8 rimasto nella sua casa, non rivolgendo la parola a nessuno o quasi, <b>devastato dal dolore<\/b>. Il 64enne fondatore dei Ladri di Biciclette, da decenni solista di successo, <b>\u00e8 stato iscritto al registro degli indagati per omicidio stradale<\/b> dalla Procura del tribunale di Reggio Emilia, come normalmente accade in vicende simili. Ora \u00e8 seguito dai legali di Carpi Ruggero Fregni e Marco Vezzani.<\/p>\n<p>    L&#8217;autopsia<\/p>\n<p class=\"chapter-paragraph\">Il pm incaricato Valentina Salvi ha <b>disposto l\u2019autopsia<\/b>, che verr\u00e0 effettuata luned\u00ec <b>20 luglio<\/b> a Parma. I difensori di Belli hanno nominato un loro consulente tecnico, al procedimento si \u00e8 poi un avvocato di fiducia della famiglia di Magnani, un legale del foro di Nola in Campania indicato dalla madre dello scomparso, Lina, originaria di Somma Vesuviana. Solo al termine dell\u2019esame autoptico, la salma potr\u00e0 essere restituita ai parenti per le esequie, che con ogni probabilit\u00e0 verranno poi officiate a Reggio Emilia, nel quartiere dove vive la madre di Magnani.<\/p>\n<p>    Il conduttore<\/p>\n<p class=\"chapter-paragraph\">Belli continua a rimanere<b> blindato nel suo dolore <\/b>e a<b>vrebbe espresso un solo desiderio, quello di poter parlare con i parenti di Magnani<\/b>. <b>A riferirlo sono i suoi avvocati Fregni e Vezzani, che spiegano di aver per ora sconsigliato questo contatto<\/b>; meglio lasciar passare qualche tempo prima del tentativo con persone alle prese con un dolore enorme, hanno spiegato. I legali hanno anche<b> invitato Belli a isolarsi da telefoni, media e social<\/b>.<br \/>Ora si attende l\u2019autopsia, per avere dettagli precisi sulla causa del decesso, e non sono escluse successive perizie cinematiche. Gli avvocati di Belli ribadiscono come <b>con ogni probabilit\u00e0 si sia trattata di una sfortunatissima fatalit\u00e0, e rimandano all\u2019autopsia per capire se Magnani potesse essere stato colto da un malore<\/b>, forse provocato anche dalle altissime temperature che in quei giorni stavano martoriando la Pianura Padana.\u00a0<\/p>\n<p>    La famiglia della vittima<\/p>\n<p class=\"chapter-paragraph\"><b>Anche la famiglia di Magnani vuole avere risposte certe<\/b>, anche sull\u2019ipotesi di un malore, ritenuta poco probabile per una <b>persona in piena forma e da sempre molto allenato, impegnato in tanti sport<\/b>.<\/p>\n<p class=\"is-mr-t-20 is-mr-b-20\"><b><br \/>\n                    <a href=\"https:\/\/corrieredibologna.corriere.it\/?intcmp=Notizielocali_nd_010623_corriere_ss_bologna\" target=\"_blank\" rel=\"nofollow noopener\">Vai a tutte le notizie di Bologna<\/a><br \/>\n            <\/b><\/p>\n<p class=\"chapter-paragraph\"><b><a href=\"https:\/\/www.corriere.it\/newsletter\/?theme=38&amp;intcmp=NL-artic_nd_050624_corriere_ss_bologna\" target=\"_blank\" rel=\"nofollow noopener\">Iscriviti alla newsletter del Corriere di Bologna<\/a><\/b><\/p>\n<p class=\"is-last-update\" datetime=\"2026-07-17T18:04:58+02:00\">17 luglio 2026 ( modifica il 17 luglio 2026 | 18:04)<\/p>\n<p class=\"is-copyright\">\n            \u00a9 RIPRODUZIONE RISERVATA\n        <\/p>\n","protected":false},"excerpt":{"rendered":"di Adriano Arati Il cantante e conduttore modenese ha manifestato pi\u00f9 volte la volont\u00e0 di parlare con la&hellip;\n","protected":false},"author":3,"featured_media":590273,"comment_status":"","ping_status":"","sticky":false,"template":"","format":"standard","meta":{"footnotes":"","_share_on_mastodon":"0"},"categories":[6],"tags":[2535,322870,1266,325227,325228,8362,2550,21812,25909,2942,325229,325230,30359,325231,325232,4809,15948,325233,14,1905,7109,1909,325234,325235,8,27483,298,1537,90,89,11062,426,1691,6182,4045,325236,325237,75354,10715,7,15,82,9,83,10,652,54122,5775,7124,22326,13,11,80,84,12,81,85],"class_list":["post-590272","post","type-post","status-publish","format-standard","has-post-thumbnail","category-ultime-notizie","tag-alessandro","tag-alessandro-magnani","tag-amici","tag-amici-cari","tag-amici-cari-alessandro","tag-autopsia","tag-avvocati","tag-bassa","tag-belli","tag-cantante","tag-cantante-conduttore","tag-cantante-conduttore-modenese","tag-cari","tag-cari-alessandro","tag-cari-alessandro-magnani","tag-carpi","tag-conduttore","tag-conduttore-modenese","tag-cronaca","tag-dolore","tag-emilia","tag-famiglia","tag-famiglia-magnani","tag-fregni","tag-headlines","tag-impegnato","tag-incidente","tag-it","tag-italia","tag-italy","tag-legali","tag-luglio","tag-lunedi","tag-lunedi-luglio","tag-madre","tag-madre-amici","tag-madre-amici-cari","tag-magnani","tag-malore","tag-news","tag-notizie","tag-notizie-di-cronaca","tag-notizie-principali","tag-notiziedicronaca","tag-notizieprincipali","tag-paolo","tag-paolo-belli","tag-parlare","tag-reggio","tag-reggio-emilia","tag-titoli","tag-ultime-notizie","tag-ultime-notizie-di-cronaca","tag-ultime-notizie-e-news-di-oggi","tag-ultimenotizie","tag-ultimenotiziedicronaca","tag-ultimenotizieenewsdioggi"],"share_on_mastodon":{"url":"","error":"Validation failed: Text character limit of 500 exceeded"},"_links":{"self":[{"href":"https:\/\/www.europesays.com\/it\/wp-json\/wp\/v2\/posts\/590272","targetHints":{"allow":["GET"]}}],"collection":[{"href":"https:\/\/www.europesays.com\/it\/wp-json\/wp\/v2\/posts"}],"about":[{"href":"https:\/\/www.europesays.com\/it\/wp-json\/wp\/v2\/types\/post"}],"author":[{"embeddable":true,"href":"https:\/\/www.europesays.com\/it\/wp-json\/wp\/v2\/users\/3"}],"replies":[{"embeddable":true,"href":"https:\/\/www.europesays.com\/it\/wp-json\/wp\/v2\/comments?post=590272"}],"version-history":[{"count":0,"href":"https:\/\/www.europesays.com\/it\/wp-json\/wp\/v2\/posts\/590272\/revisions"}],"wp:featuredmedia":[{"embeddable":true,"href":"https:\/\/www.europesays.com\/it\/wp-json\/wp\/v2\/media\/590273"}],"wp:attachment":[{"href":"https:\/\/www.europesays.com\/it\/wp-json\/wp\/v2\/media?parent=590272"}],"wp:term":[{"taxonomy":"category","embeddable":true,"href":"https:\/\/www.europesays.com\/it\/wp-json\/wp\/v2\/categories?post=590272"},{"taxonomy":"post_tag","embeddable":true,"href":"https:\/\/www.europesays.com\/it\/wp-json\/wp\/v2\/tags?post=590272"}],"curies":[{"name":"wp","href":"https:\/\/api.w.org\/{rel}","templated":true}]}}