{"id":590324,"date":"2026-07-18T04:32:26","date_gmt":"2026-07-18T04:32:26","guid":{"rendered":"https:\/\/www.europesays.com\/it\/590324\/"},"modified":"2026-07-18T04:32:26","modified_gmt":"2026-07-18T04:32:26","slug":"bucchioni-sullinter-spence-avete-visto-la-cattiveria-chi-parla-male-dellinter","status":"publish","type":"post","link":"https:\/\/www.europesays.com\/it\/590324\/","title":{"rendered":"Bucchioni sull&#8217;Inter: &#8220;Spence? Avete visto la cattiveria? Chi parla male dell&#8217;Inter&#8230;&#8221;"},"content":{"rendered":"<p>\nEcco come <strong>Enzo Bucchioni<\/strong> ha parlato dell&#8217;obiettivo di mercato dell&#8217;<strong>Inter<\/strong>: &#8220;Cosa penso della valutazione di <strong>Spence<\/strong>? Ha 26 anni, sta entrando ora in una maturit\u00e0 che ci si aspettava. Che fosse un talento si era visto. Ha fatto fatica a trovare continuit\u00e0. Sta arrivando in una fase in cui stanno uscendo le sue qualit\u00e0. Avete vista lo strappo, la corsa, le qualit\u00e0 fisiche, la cattiveria con cui gioca? Al di l\u00e0 del valore, \u00e8 una valutazione congrua. Messo in un contesto del gioco in un&#8217;organizzazione come quella dell&#8217;Inter penso possa esprimersi ancora meglio. Sulle diagonali ci si pu\u00f2 lavorare, ancora non \u00e8 perfetto in certe movenze. Penso possa essere una spesa congrua, con qualche margine di dubbio che per\u00f2 c&#8217;\u00e8 sempre&#8221;.\n<\/p>\n<p>        <img src=\"https:\/\/www.europesays.com\/it\/wp-content\/uploads\/2026\/07\/Spence-1-28e83cb86b98-1200x777.jpg\"   width=\"1400\" height=\"906\" alt=\"Spence (1)\" title=\"Spence (1)\" loading=\"eager\" fetchpriority=\"high\" decoding=\"sync\" class=\"w-full h-auto aspect-3\/2 object-cover object-top rounded-lg\"\/><\/p>\n<p>        <img src=\"https:\/\/www.europesays.com\/it\/wp-content\/uploads\/2026\/07\/bucchioni-b5352bafb350-480x284.jpg\"   width=\"1024\" height=\"606\" alt=\"bucchioni\" title=\"bucchioni\" loading=\"lazy\" decoding=\"async\" class=\"w-full h-auto rounded-lg\"\/><\/p>\n<p>\nE a proposito della negativit\u00e0 di alcuni opinionisti nei confronti dell&#8217;operato dell&#8217;Inter, Enzo Bucchioni ha precisato: &#8220;Chi parla male dell&#8217;Inter penso non sia in buona fede. Lasciamoli parlare. Bisogna analizzare con serenit\u00e0 questi anni dell&#8217;Inter, che ha dovuto comprare parametri zero e non ha potuto spendere. Da Spalletti, Conte, Inzaghi che forse ha sbagliato qualcosa ma ha consolidato il lavoro precedente. Squadra con forte personalit\u00e0. E tutti gli anni aggiungi qualcosa, qualcuno va via. Difensori? Li faranno. Non hai disponibilit\u00e0 economiche come altri club. Hai i tuoi paletti. Penso che questo ciclo sia stato fatto benissimo da Marotta e Ausilio&#8221;.\n<\/p>\n<p>\n(Radio Sportiva)<\/p>\n","protected":false},"excerpt":{"rendered":"Ecco come Enzo Bucchioni ha parlato dell&#8217;obiettivo di mercato dell&#8217;Inter: &#8220;Cosa penso della valutazione di Spence? Ha 26&hellip;\n","protected":false},"author":3,"featured_media":590325,"comment_status":"","ping_status":"","sticky":false,"template":"","format":"standard","meta":{"footnotes":"","_share_on_mastodon":"0"},"categories":[176],"tags":[141470,57300,325251,16936,305937,5478,141471,5360,350,325252,325253,325250,1537,90,89,1412,809,325254,4966,245,244],"class_list":["post-590324","post","type-post","status-publish","format-standard","has-post-thumbnail","category-sport","tag-bucchioni","tag-cattiveria","tag-cattiveria-gioca","tag-ciclo","tag-congrua","tag-enzo","tag-enzo-bucchioni","tag-gioca","tag-inter","tag-inter-enzo","tag-inter-enzo-bucchioni","tag-inter-penso","tag-it","tag-italia","tag-italy","tag-mercato","tag-obiettivo","tag-obiettivo-mercato","tag-penso","tag-sport","tag-sports"],"share_on_mastodon":{"url":"https:\/\/pubeurope.com\/@it\/116939112729005949","error":""},"_links":{"self":[{"href":"https:\/\/www.europesays.com\/it\/wp-json\/wp\/v2\/posts\/590324","targetHints":{"allow":["GET"]}}],"collection":[{"href":"https:\/\/www.europesays.com\/it\/wp-json\/wp\/v2\/posts"}],"about":[{"href":"https:\/\/www.europesays.com\/it\/wp-json\/wp\/v2\/types\/post"}],"author":[{"embeddable":true,"href":"https:\/\/www.europesays.com\/it\/wp-json\/wp\/v2\/users\/3"}],"replies":[{"embeddable":true,"href":"https:\/\/www.europesays.com\/it\/wp-json\/wp\/v2\/comments?post=590324"}],"version-history":[{"count":0,"href":"https:\/\/www.europesays.com\/it\/wp-json\/wp\/v2\/posts\/590324\/revisions"}],"wp:featuredmedia":[{"embeddable":true,"href":"https:\/\/www.europesays.com\/it\/wp-json\/wp\/v2\/media\/590325"}],"wp:attachment":[{"href":"https:\/\/www.europesays.com\/it\/wp-json\/wp\/v2\/media?parent=590324"}],"wp:term":[{"taxonomy":"category","embeddable":true,"href":"https:\/\/www.europesays.com\/it\/wp-json\/wp\/v2\/categories?post=590324"},{"taxonomy":"post_tag","embeddable":true,"href":"https:\/\/www.europesays.com\/it\/wp-json\/wp\/v2\/tags?post=590324"}],"curies":[{"name":"wp","href":"https:\/\/api.w.org\/{rel}","templated":true}]}}