{"id":590414,"date":"2026-07-18T06:09:16","date_gmt":"2026-07-18T06:09:16","guid":{"rendered":"https:\/\/www.europesays.com\/it\/590414\/"},"modified":"2026-07-18T06:09:16","modified_gmt":"2026-07-18T06:09:16","slug":"ciclabile-crema-lodi-lavori-al-via-ad-inizio-2027-conclusione-prevista-in-primavera","status":"publish","type":"post","link":"https:\/\/www.europesays.com\/it\/590414\/","title":{"rendered":"Ciclabile Crema-Lodi: lavori al via ad inizio 2027, conclusione prevista in primavera"},"content":{"rendered":"<p><strong>Prosegue l\u2019iter per la realizzazione della nuova pista ciclopedonale Crema-Lodi.<\/strong> Il primo stralcio dell\u2019opera, gi\u00e0 finanziato con 1 milione e 550 mila euro, collegher\u00e0 Ombriano con la localit\u00e0 Gattolino. L\u2019obiettivo \u00e8 approvare il progetto entro la fine dell\u2019anno, cos\u00ec da avviare all\u2019inizio del prossimo anno le procedure di gara, l\u2019affidamento dei lavori e l\u2019apertura del cantiere. La conclusione del primo lotto \u00e8 prevista per la primavera successiva.<\/p>\n<p>Ad annunciare le tempistiche \u00e8 stato <strong>il presidente della Provincia di Cremona, Roberto Mariani<\/strong>, che ha illustrato anche il ruolo dell\u2019ente provinciale nella realizzazione dell\u2019infrastruttura.<\/p>\n<p>\u201cLa Provincia \u2013 ha spiegato \u2013 sta lavorando alla messa in rete dei percorsi ciclopedonali dell\u2019intero territorio provinciale. La ciclabile Crema-Lodi si inserisce pienamente in questa strategia perch\u00e9 collega le due citt\u00e0 e rientra nelle politiche di promozione del turismo lento\u201d.<\/p>\n<p><strong>La Provincia metter\u00e0 inoltre gratuitamente a disposizione del Comune di Crema<\/strong>, ente capofila del progetto, le aree di propria competenza e collaborer\u00e0 nella gestione delle procedure di esproprio necessarie alla realizzazione dell\u2019opera.<\/p>\n<p><strong>Tra le novit\u00e0 illustrate durante la conferenza stampa figura anche il protocollo aperto<\/strong>, gi\u00e0 approvato da Provincia, Comune di Crema e Comune di Bagnolo Cremasco. L\u2019accordo consentir\u00e0 ad altri Comuni del territorio di aderire successivamente al progetto, realizzando collegamenti ciclopedonali con l\u2019asse principale Crema-Lodi.<\/p>\n<p>\u201cL\u2019obiettivo \u2013 ha sottolineato Mariani \u2013 <strong>\u00e8 mettere in rete tutto il territorio attraverso questa infrastruttura portante<\/strong>, offrendo ai Comuni la possibilit\u00e0 di entrare nel protocollo e sviluppare nuovi collegamenti\u201d.<\/p>\n<p>Il progetto del primo lotto prevede inoltre<strong> l\u2019installazione di un semaforo a chiamata pedonale<\/strong> per garantire un attraversamento in sicurezza lungo il percorso.<\/p>\n<p>\n                \u00a9 Riproduzione riservata\n              <\/p>\n","protected":false},"excerpt":{"rendered":"Prosegue l\u2019iter per la realizzazione della nuova pista ciclopedonale Crema-Lodi. Il primo stralcio dell\u2019opera, gi\u00e0 finanziato con 1&hellip;\n","protected":false},"author":3,"featured_media":590415,"comment_status":"","ping_status":"","sticky":false,"template":"","format":"standard","meta":{"footnotes":"","_share_on_mastodon":"0"},"categories":[1456],"tags":[692,1824,10320,96583,9360,1825,1537,90,89,438,245,244],"class_list":["post-590414","post","type-post","status-publish","format-standard","has-post-thumbnail","category-ciclismo","tag-ciclabile","tag-ciclismo","tag-crema","tag-cremaschi","tag-cremasco","tag-cycling","tag-it","tag-italia","tag-italy","tag-provincia","tag-sport","tag-sports"],"share_on_mastodon":{"url":"https:\/\/pubeurope.com\/@it\/116939493653680638","error":""},"_links":{"self":[{"href":"https:\/\/www.europesays.com\/it\/wp-json\/wp\/v2\/posts\/590414","targetHints":{"allow":["GET"]}}],"collection":[{"href":"https:\/\/www.europesays.com\/it\/wp-json\/wp\/v2\/posts"}],"about":[{"href":"https:\/\/www.europesays.com\/it\/wp-json\/wp\/v2\/types\/post"}],"author":[{"embeddable":true,"href":"https:\/\/www.europesays.com\/it\/wp-json\/wp\/v2\/users\/3"}],"replies":[{"embeddable":true,"href":"https:\/\/www.europesays.com\/it\/wp-json\/wp\/v2\/comments?post=590414"}],"version-history":[{"count":0,"href":"https:\/\/www.europesays.com\/it\/wp-json\/wp\/v2\/posts\/590414\/revisions"}],"wp:featuredmedia":[{"embeddable":true,"href":"https:\/\/www.europesays.com\/it\/wp-json\/wp\/v2\/media\/590415"}],"wp:attachment":[{"href":"https:\/\/www.europesays.com\/it\/wp-json\/wp\/v2\/media?parent=590414"}],"wp:term":[{"taxonomy":"category","embeddable":true,"href":"https:\/\/www.europesays.com\/it\/wp-json\/wp\/v2\/categories?post=590414"},{"taxonomy":"post_tag","embeddable":true,"href":"https:\/\/www.europesays.com\/it\/wp-json\/wp\/v2\/tags?post=590414"}],"curies":[{"name":"wp","href":"https:\/\/api.w.org\/{rel}","templated":true}]}}