{"id":590416,"date":"2026-07-18T06:13:17","date_gmt":"2026-07-18T06:13:17","guid":{"rendered":"https:\/\/www.europesays.com\/it\/590416\/"},"modified":"2026-07-18T06:13:17","modified_gmt":"2026-07-18T06:13:17","slug":"bernardeschi-sono-rimasto-al-bologna-per-riconoscenza-vogliamo-leuropa","status":"publish","type":"post","link":"https:\/\/www.europesays.com\/it\/590416\/","title":{"rendered":"Bernardeschi: &#8220;Sono rimasto al Bologna per riconoscenza. Vogliamo l&#8217;Europa&#8221;"},"content":{"rendered":"<p>                                Dopo l&#8217;ottima prima stagione in rossobl\u00f9, Federico ha deciso di restare: &#8220;Bologna mi ha dato tanto. La Nazionale? Normalissimo che l\u2019azzurro sia sempre nei pensieri di un giocatore&#8221;<\/p>\n<p class=\"paragraph\" spellcheck=\"true\">Un altro anno. E dopo aver dimostrato che qui &#8211; ancora qui, in Serie A &#8211; ci pu\u00f2 stare eccome. Il numero 10 viene accolto da trenta tifosi e fa la prima chiacchierata dell\u2019anno: si chiama Federico Bernardeschi ed \u00e8 stata la scommessa vinta dal Bologna, quella che \u00e8 andata strabene (anche per merito suo) a differenza di quella targata-Immobile (finita nel gennaio 2026). Secondo anno a Bologna, nella sua prima stagione ha realizzato 4 gol in campionato e 5 in Europa League oltre a due assist e giocate belle, fini, anche decisive. Oggi \u00e8 un multitasking: Domenico Tedesco lo sta utilizzando anche mezzala, ma con vista sulla trequarti e la porta altrui. &#8220;L\u2019obiettivo? Visto il cammino fatto in questi anni e anche l\u2019anno scorso, beh, il Bologna deve tornare in Europa. Pensare alla nazionale? Prima si lavora per il club poi \u00e8 normalissimo che l\u2019azzurro sia sempre nei pensieri di un giocatore&#8221;.<\/p>\n<p>    rinnovo\u2014 \u00a0<\/p>\n<p class=\"paragraph is-inline\" spellcheck=\"true\">Berna si \u00e8 inserito a tal punto a Bologna che nonostante alcune richieste non c\u2019\u00e8 stata storia. &#8220;Di questa citt\u00e0 mi ha colpito l\u2019affetto &#8211; riprende il numero dieci -. Se quella della passata stagione \u00e8 stata una rivincita per tutto lo scetticismo che c\u2019era sul mio ritorno in Italia? Se c\u2019\u00e8 stata, beh, solo con me stesso. Se ho avuto richieste da altre squadre? Ci sono state, qualcosa \u00e8 emerso ma io ho scelto di restare qui perch\u00e9 sto bene, perch\u00e9 il Bologna mi ha dato tanto e il senso di riconoscenza non lo metto mai in secondo piano. Se penso ad allungare anche il contratto (in scadenza nel 2027, ndr.)? Il pensiero di proseguire ulteriormente oltre a questa annata c\u2019\u00e8, ma ora serve pensare al campo, a suo tempo ne parleremo con la societ\u00e0&#8221;. Pratico Berna. E mai scontato.<\/p>\n<p><a class=\"is-partner-link\" href=\"https:\/\/abbonamenti.gazzetta.it\/de-promo-mondiali\/?pwcmp=cta&amp;forceBrowser=true\" rel=\"nofollow noopener\" target=\"_blank\">Gazzetta Mondiale: ogni notte un\u2019edizione straordinaria esclusiva. Non perdertela, abbonati a 1\u20ac\/mese!<\/a><\/p>\n<p>        <img decoding=\"async\" loading=\"lazy\" alt=\"Bologna's  Federico Bernardeschi during the Serie A soccer match between Bologna and Inter at the Renato Dall?Ara  Stadium in Bologna, Italy - Saturday, May 23 , 2026. Sport - Soccer . (Photo by Gianni Santandrea\/Lapresse)\" src=\"https:\/\/dimages2.gazzettaobjects.it\/files\/image_527_789_h\/files\/fp\/uploads\/2026\/07\/17\/6a5a959ddf964.r_d.1643-627.jpeg\" data-full-src=\"https:\/\/www.europesays.com\/it\/wp-content\/uploads\/2026\/07\/6a5a959ddf964.jpeg\"\/><\/p>\n<p>    nazionale e orsolini\u2014 \u00a0<\/p>\n<p class=\"paragraph is-inline\" spellcheck=\"true\">Mezzala, dicevamo. &#8220;Tedesco mi ha chiesto questa variante, io ho detto &#8216;Proviamo&#8217; e per ora andiamo avanti in questo modo: il mio compito, oggi, \u00e8 da mezzala che sfocia nella trequarti, con ovvia idea di riconquista palla nel momento in cui la perdiamo. Tedesco vuole che molto passi dal centro del campo per poi sfogare il gioco sugli esterni, fa un bel calcio, offensivo, a livello aerobico stiamo lavorando tanto ma rispetto allo scorso anno nella prossima stagione dovremo riprenderci&#8230; casa. Quando arrivai c\u2019era un Bologna che faceva del Dall\u2019Ara la propria certezza e l\u2019anno scorso ne abbiamo perse troppe in casa e pure facilmente: vero che poi abbiamo fatto tante vittorie fuori, ma diciamo che dovremo tornare ad essere fortissimi in casa&#8221;. Poi, un pensiero sulla Nazionale non qualificatasi per il Mondiale: lui pu\u00f2 esprimersi eccome, essendo un campione d\u2019Europa. &#8220;Vivendola da fuori posso essermi fatto solo un\u2019idea &#8211; conclude Fede -, ma di certo il gruppo c\u2019era e credo che il peso di dover andare ai Mondiali per forza e delle ferite precedenti, vuoi o non vuoi, nella testa pesa&#8221;. E Orsolini? &#8220;E\u2019 sereno, io e lui abbiamo un rapporto bellissimo ed \u00e8 fondamentale per il Bologna. Queste cose succedono, bisogna avere pazienza: quando due persone si vogliono, beh, prima o poi si congiungono&#8221;.<\/p>\n<p class=\"is-copyright\">\u00a9 RIPRODUZIONE RISERVATA<\/p>\n","protected":false},"excerpt":{"rendered":"Dopo l&#8217;ottima prima stagione in rossobl\u00f9, Federico ha deciso di restare: &#8220;Bologna mi ha dato tanto. La Nazionale?&hellip;\n","protected":false},"author":3,"featured_media":590417,"comment_status":"","ping_status":"","sticky":false,"template":"","format":"standard","meta":{"footnotes":"","_share_on_mastodon":"0"},"categories":[1452],"tags":[7920,325361,325362,42561,23714,62379,586,325363,721,921,1277,5184,184945,3085,7217,1740,564,128,1537,90,89,31169,325364,325365,325366,1312,65244,5385,2095,325367,21720,14751,325368,325369,1320,1739,245,244,577,8233,325370],"class_list":["post-590416","post","type-post","status-publish","format-standard","has-post-thumbnail","category-calcio","tag-azzurro","tag-azzurro-pensieri","tag-azzurro-pensieri-giocatore","tag-beh","tag-berna","tag-bernardeschi","tag-bologna","tag-bologna-dato","tag-calcio","tag-campo","tag-dato","tag-dovremo","tag-eccome","tag-europa","tag-federico","tag-football","tag-giocatore","tag-idea","tag-it","tag-italia","tag-italy","tag-mezzala","tag-normalissimo","tag-normalissimo-azzurro","tag-normalissimo-azzurro-pensieri","tag-numero","tag-orsolini","tag-pensare","tag-pensieri","tag-pensieri-giocatore","tag-pensiero","tag-restare","tag-restare-bologna","tag-restare-bologna-dato","tag-richieste","tag-soccer","tag-sport","tag-sports","tag-stagione","tag-tedesco","tag-tedesco-vuole"],"share_on_mastodon":{"url":"","error":"Validation failed: Text character limit of 500 exceeded"},"_links":{"self":[{"href":"https:\/\/www.europesays.com\/it\/wp-json\/wp\/v2\/posts\/590416","targetHints":{"allow":["GET"]}}],"collection":[{"href":"https:\/\/www.europesays.com\/it\/wp-json\/wp\/v2\/posts"}],"about":[{"href":"https:\/\/www.europesays.com\/it\/wp-json\/wp\/v2\/types\/post"}],"author":[{"embeddable":true,"href":"https:\/\/www.europesays.com\/it\/wp-json\/wp\/v2\/users\/3"}],"replies":[{"embeddable":true,"href":"https:\/\/www.europesays.com\/it\/wp-json\/wp\/v2\/comments?post=590416"}],"version-history":[{"count":0,"href":"https:\/\/www.europesays.com\/it\/wp-json\/wp\/v2\/posts\/590416\/revisions"}],"wp:featuredmedia":[{"embeddable":true,"href":"https:\/\/www.europesays.com\/it\/wp-json\/wp\/v2\/media\/590417"}],"wp:attachment":[{"href":"https:\/\/www.europesays.com\/it\/wp-json\/wp\/v2\/media?parent=590416"}],"wp:term":[{"taxonomy":"category","embeddable":true,"href":"https:\/\/www.europesays.com\/it\/wp-json\/wp\/v2\/categories?post=590416"},{"taxonomy":"post_tag","embeddable":true,"href":"https:\/\/www.europesays.com\/it\/wp-json\/wp\/v2\/tags?post=590416"}],"curies":[{"name":"wp","href":"https:\/\/api.w.org\/{rel}","templated":true}]}}