{"id":590430,"date":"2026-07-18T06:23:26","date_gmt":"2026-07-18T06:23:26","guid":{"rendered":"https:\/\/www.europesays.com\/it\/590430\/"},"modified":"2026-07-18T06:23:26","modified_gmt":"2026-07-18T06:23:26","slug":"il-cold-blob-del-nord-dellatlantico-causa-davvero-le-ondate-di-caldo-in-europa","status":"publish","type":"post","link":"https:\/\/www.europesays.com\/it\/590430\/","title":{"rendered":"Il \u2018Cold Blob\u2019\u00a0del Nord dell&#8217;Atlantico causa davvero le ondate di caldo in Europa?"},"content":{"rendered":"<p><strong>Che cos\u2019\u00e8 esattamente il fenomeno del \u2018Cold Blob\u2019?<\/strong><\/p>\n<p>\u201cIl \u2018Cold Blob\u2019, anche chiamato \u2018Warming Hole\u2019\u00a0\u00e8 un fenomeno che osserviamo anche analizzando il riscaldamento del passato. Il pianeta si \u00e8 riscaldato praticamente ovunque, ma non in modo uniforme: ci sono regioni dove la temperatura sale di pi\u00f9. E poi esiste questa zona del Nord Atlantico che non si \u00e8 riscaldata e che, anzi, ha registrato persino un leggero raffreddamento. Ci sono diverse possibili spiegazioni, ma quella pi\u00f9 probabile \u00e8 il rallentamento della circolazione profonda dell&#8217;oceano (AMOC). Il rallentamento di questo meccanismo comporta un minore trasporto di calore verso nord e, di conseguenza, un deficit di riscaldamento in questa regione del Nord Atlantico&#8221;.<\/p>\n<p>Approfondisci:<\/p>\n<p><a href=\"https:\/\/www.quotidiano.net\/cronaca\/il-nesso-tra-cold-blob-lunico-punto-al-mondo-che-si-raffredda-e-le-ondate-di-caldo-68a7cba9\" class=\"ArticleEmbed_article__embed__content__Jzqnz\" rel=\"nofollow noopener\" target=\"_blank\">Il nesso tra \u2018Cold Blob\u2019, l\u2019unico punto al mondo che si raffredda, e le ondate di caldo<img alt=\"Il nesso tra \u2018Cold Blob\u2019, l\u2019unico punto al mondo che si raffredda, e le ondate di caldo\" loading=\"lazy\" width=\"140\" height=\"78\" decoding=\"async\" data-nimg=\"1\" style=\"color:transparent\"  src=\"https:\/\/www.europesays.com\/it\/wp-content\/uploads\/2026\/07\/l-atlantico-nell-aerea-compresa-tra-la-groenlandia-e-l-europa-ansa.webp\"\/><\/a> <\/p>\n<p><strong>Perch\u00e9 se ne parla cos\u00ec tanto?<\/strong><\/p>\n<p>\u201c\u00c8 positivo che si parli sempre pi\u00f9 di clima, ma per una qualche ragione specifica tutto ci\u00f2 che riguarda il Nord Atlantico suscita grande interesse. Forse perch\u00e9 tocca l\u2019Europa da vicino. Ci troviamo in un contesto di forte aumento delle temperature estreme nell&#8217;Europa occidentale. Per questo motivo vengono studiate tutte le possibili cause dinamiche, anche quelle pi\u00f9 remote, come i fenomeni che si verificano nell&#8217;Atlantico e che, pur essendo molto lontani, possono influenzare il clima dell&#8217;Europa occidentale. L&#8217;obiettivo \u00e8 capire se questo aumento delle temperature estreme sia in parte riconducibile anche a questi meccanismi\u201d.<\/p>\n<p><strong>Esiste un chiaro legame tra il \u2018Cold Blob\u2019\u00a0e le ondate di caldo che colpiscono l\u2019Europa?<\/strong><\/p>\n<p>&#8221;\u00a0uno dei temi al centro del dibattito scientifico attuale: c\u2019\u00e8 chi ipotizza di s\u00ec e chi sostiene il contrario. Ed \u00e8 cos\u00ec che procede la scienza. Esistono diverse teorie come quella per cui la presenza di acque pi\u00f9 fredde favorisce la formazione di aree di bassa pressione e altera l\u2019ondulazione del Jet Stream. Questo Jet Stream infatti non segue una traiettoria rettilinea, ma presenta dei meandri: pu\u00f2 spostarsi leggermente verso nord e poi verso sud, proprio come il letto di un fiume. Questi meandri sono in realt\u00e0 delle onde e, dal punto di vista matematico, li trattiamo come le onde elettromagnetiche. Quando uno di questi meandri si spinge verso sud, la corrente risale successivamente verso nord, delimitando un&#8217;area di bassa pressione. La presenza di acque fredde pu\u00f2 favorire questo tipo di configurazione. Per questo motivo una parte della comunit\u00e0 scientifica ritiene che essa possa, a sua volta, favorire la formazione di aree anticicloniche, cio\u00e8 di alta pressione, sull&#8217;Europa occidentale. E quindi creare le cosiddette situazioni di blocco, chiamate dalla stampa \u2018heat domes\u2019\u201d.<\/p>\n<p> <img alt=\"Parigi, a caccia di refrigerio sulla Senna durante l'ultima ondata di caldo (Ansa)\" loading=\"lazy\" width=\"3072\" height=\"2048\" decoding=\"async\" data-nimg=\"1\" style=\"color:transparent;max-width:100%;height:auto\"   src=\"https:\/\/www.europesays.com\/it\/wp-content\/uploads\/2026\/07\/parigi-a-caccia-di-refrigerio-sulla-senna-durante-l-ultima-ondata-di-caldo-ansa.webp\"\/><\/p>\n<p>Parigi, a caccia di refrigerio sulla Senna durante l&#8217;ultima ondata di caldo (Ansa)<\/p>\n<p><strong>Si tratta per\u00f2 solo di una teoria. Perch\u00e9?<\/strong><\/p>\n<p><strong>&#8220;<\/strong>Perch\u00e9 ci\u00f2 che osserviamo \u00e8 che, in alcuni casi \u2013 ma non sempre \u2013 quando si verifica un&#8217;ondata di caldo \u00e8 presente anche questo tipo di configurazione atmosferica, di queste condizioni meteorologiche, in particolare della circolazione atmosferica del Jet Stream. Ma non accade sempre e quindi, dal punto di vista statistico, le prove non sono sufficientemente solide. Si tratta di teorie che hanno una plausibilit\u00e0 fisica, perch\u00e9 si basano sulla teoria della dinamica dell&#8217;atmosfera, ma la loro conferma attraverso le osservazioni non \u00e8 ancora particolarmente robusta\u201d.<\/p>\n<p>Approfondisci:<\/p>\n<p><a href=\"https:\/\/www.quotidiano.net\/cronaca\/ghiacciaio-perito-moreno-si-ritira-83ad58c3\" class=\"ArticleEmbed_article__embed__content__Jzqnz\" rel=\"nofollow noopener\" target=\"_blank\">Il Perito Moreno alza bandiera bianca. Anche l\u2019immenso ghiacciaio della Patagonia, sino ad ora stabile, si ritira<img alt=\"Il Perito Moreno alza bandiera bianca. Anche l\u2019immenso ghiacciaio della Patagonia, sino ad ora stabile, si ritira\" loading=\"lazy\" width=\"140\" height=\"78\" decoding=\"async\" data-nimg=\"1\" style=\"color:transparent\"  src=\"https:\/\/www.europesays.com\/it\/wp-content\/uploads\/2026\/07\/1784355806_862_image.webp\"\/><\/a> <\/p>\n<p><strong>Ci sono altre cause che spiegano il riscaldamento pi\u00f9 rapido dell\u2019Europa?<\/strong><\/p>\n<p><strong>&#8220;<\/strong>Questo aumento particolarmente marcato delle temperature nell&#8217;Europa occidentale sappiamo spiegarlo solo in parte, non completamente. Un po\u2019 \u00e8 dovuto al fatto che il pianeta si sta riscaldando nel suo insieme. Ma, oltre a questo, bisogna considerare che le terre emerse si riscaldano pi\u00f9 rapidamente degli oceani e che l\u2019Europa ha una particolarit\u00e0: la riduzione dell&#8217;inquinamento atmosferico, per cui la radiazione solare viene riflessa in misura minore verso l&#8217;alta atmosfera e si scalda\u00a0di pi\u00f9 la superficie. I modelli climatici riescono a riprodurre questo riscaldamento eccezionale dell&#8217;Europa, prevedono l&#8217;aumento delle ondate di caldo e delle temperature estreme, ma tendono ancora a sottostimarne l\u2019intensit\u00e0. Ci sono altri cambiamenti nella dinamica dell&#8217;atmosfera, cio\u00e8 nei meccanismi che determinano il meteo, che stiamo ancora studiando\u201d.<\/p>\n<p> Fabio D&#8217;Andrea \u00e8 direttore del Dipartimento di Geoscienze dell&#8217;\u00c9cole normale sup\u00e9rieure (ENS-PSL) di Parigi, specialista della dinamica degli eventi climatici estremi nel contesto del cambiamento climatico. \u00a0<\/p>\n","protected":false},"excerpt":{"rendered":"Che cos\u2019\u00e8 esattamente il fenomeno del \u2018Cold Blob\u2019? \u201cIl \u2018Cold Blob\u2019, anche chiamato \u2018Warming Hole\u2019\u00a0\u00e8 un fenomeno che&hellip;\n","protected":false},"author":3,"featured_media":590431,"comment_status":"","ping_status":"","sticky":false,"template":"","format":"standard","meta":{"footnotes":"","_share_on_mastodon":"0"},"categories":[173],"tags":[359,125585,1048,183345,1278,3085,1537,90,89,101,38674,195,198,199,197,200,201,194,196],"class_list":["post-590430","post","type-post","status-publish","format-standard","has-post-thumbnail","category-scienza-e-tecnologia","tag-atlantico","tag-blob","tag-causa","tag-cold","tag-davvero","tag-europa","tag-it","tag-italia","tag-italy","tag-nord","tag-ondate","tag-science","tag-science-and-technology","tag-scienceandtechnology","tag-scienza","tag-scienza-e-tecnologia","tag-scienzaetecnologia","tag-technology","tag-tecnologia"],"share_on_mastodon":{"url":"https:\/\/pubeurope.com\/@it\/116939549354196619","error":""},"_links":{"self":[{"href":"https:\/\/www.europesays.com\/it\/wp-json\/wp\/v2\/posts\/590430","targetHints":{"allow":["GET"]}}],"collection":[{"href":"https:\/\/www.europesays.com\/it\/wp-json\/wp\/v2\/posts"}],"about":[{"href":"https:\/\/www.europesays.com\/it\/wp-json\/wp\/v2\/types\/post"}],"author":[{"embeddable":true,"href":"https:\/\/www.europesays.com\/it\/wp-json\/wp\/v2\/users\/3"}],"replies":[{"embeddable":true,"href":"https:\/\/www.europesays.com\/it\/wp-json\/wp\/v2\/comments?post=590430"}],"version-history":[{"count":0,"href":"https:\/\/www.europesays.com\/it\/wp-json\/wp\/v2\/posts\/590430\/revisions"}],"wp:featuredmedia":[{"embeddable":true,"href":"https:\/\/www.europesays.com\/it\/wp-json\/wp\/v2\/media\/590431"}],"wp:attachment":[{"href":"https:\/\/www.europesays.com\/it\/wp-json\/wp\/v2\/media?parent=590430"}],"wp:term":[{"taxonomy":"category","embeddable":true,"href":"https:\/\/www.europesays.com\/it\/wp-json\/wp\/v2\/categories?post=590430"},{"taxonomy":"post_tag","embeddable":true,"href":"https:\/\/www.europesays.com\/it\/wp-json\/wp\/v2\/tags?post=590430"}],"curies":[{"name":"wp","href":"https:\/\/api.w.org\/{rel}","templated":true}]}}