{"id":590465,"date":"2026-07-18T06:53:16","date_gmt":"2026-07-18T06:53:16","guid":{"rendered":"https:\/\/www.europesays.com\/it\/590465\/"},"modified":"2026-07-18T06:53:16","modified_gmt":"2026-07-18T06:53:16","slug":"vittorio-feltri-non-ho-amato-nessuno-come-mia-moglie-enoe-lei-mi-ha-salvato-le-ho-dato-fino-allultimo-il-bacio-della-buona-notte","status":"publish","type":"post","link":"https:\/\/www.europesays.com\/it\/590465\/","title":{"rendered":"Vittorio Feltri: \u00abNon ho amato nessuno come mia moglie Enoe, lei mi ha salvato. Le ho dato fino all&#8217;ultimo il bacio della buona notte\u00bb"},"content":{"rendered":"<p>    di<br \/>\n    Elvira Serra<\/p>\n<p class=\"summary-art is-line-h-12\">Il giornalista e il lutto dopo 58 anni insieme: \u00abLei mi ha salvato\u00bb<\/p>\n<p class=\"chapter-paragraph\">\u00abSono demoralizzato. Ho scoperto di amare mia moglie quando \u00e8 morta: ho sentito come un tonfo nel mio animo, non mi riprender\u00f2 pi\u00f9\u00bb.<\/p>\n<p class=\"chapter-paragraph\"><b>Non dica cos\u00ec. Ci sono i suoi figli, i nipoti. Ci sono Ciccio e Rosso, i suoi amati gatti.<\/b><br \/>\u00abQuesto \u00e8 vero, ho degli affetti. Ma non ho mai amato nessuno come mia moglie. E ora lei non c\u2019\u00e8 pi\u00f9\u00bb.    &#13;<br \/>\n&#13;<br \/>\n&#13;<br \/>\n&#13;<br \/>\n&#13;<br \/>\n&#13;<br \/>\n&#13;<br \/>\n&#13;<br \/>\n&#13;<br \/>\n&#13;<br \/>\n&#13;<br \/>\n&#13;<br \/>\n&#13;<br \/>\n&#13;<br \/>\n&#13;<br \/>\n&#13;<br \/>\n&#13;<br \/>\n&#13;<br \/>\n&#13;<br \/>\n&#13;<br \/>\n&#13;<br \/>\n&#13;<br \/>\n&#13;<br \/>\n&#13;<br \/>\n&#13;<br \/>\n&#13;<br \/>\n&#13;<br \/>\n&#13;<br \/>\n&#13;<br \/>\n&#13;<br \/>\n&#13;<br \/>\n&#13;<br \/>\n&#13;<br \/>\n&#13;<br \/>\n&#13;<br \/>\n&#13;<br \/>\n&#13;<br \/>\n&#13;<br \/>\n&#13;<br \/>\n&#13;<br \/>\n&#13;<br \/>\n&#13;<br \/>\n&#13;<br \/>\n&#13;<br \/>\n&#13;<br \/>\n&#13;<br \/>\n&#13;<br \/>\n&#13;<br \/>\n&#13;<br \/>\n&#13;<br \/>\n&#13;<br \/>\n&#13;<br \/>\n&#13;\n<\/p>\n<p class=\"chapter-paragraph\"><b><a href=\"https:\/\/www.corriere.it\/cronache\/26_giugno_10\/vittorio-feltri-fallaci-intervista-b7fba113-65c8-48a8-8568-f96ee89e1xlk.shtml\" target=\"_blank\" rel=\"nofollow noopener\">Vittorio Feltri<\/a><\/b> \u00e8 seduto nella poltrona all\u2019angolo della sua sala da pranzo, i figli Mattia e Saba sono in un\u2019altra stanza. Parla con un filo di voce, che si spezza quando il ricordo \u00e8 pi\u00f9 luminoso e pungente. Ci teneva a questa conversazione, che restituisce <a href=\"https:\/\/www.corriere.it\/cronache\/26_luglio_16\/enoe-bonfanti-moglie-feltri-intervista-2023-07cd6a2e-ffeb-40b6-86b4-127ba3923xlk.shtml\" target=\"_blank\" rel=\"nofollow noopener\">alla moglie <b>Enoe Bonfanti<\/b><\/a>, scomparsa gioved\u00ec a 88 anni, un poco di quello che lei gli ha dato in 58 anni di matrimonio.<\/p>\n<p class=\"chapter-paragraph\"><b>Di cosa le \u00e8 pi\u00f9 grato?<\/b><br \/>\u00abLa Bonfanti mi ha salvato la vita. E l\u2019ha salvata alle mie gemelle, che erano rimaste orfane piccolissime, e che lei ha amato come fossero sue. E poi ha fatto altri due figli con me, che hanno tutti studiato, bravissimi. Il merito \u00e8 stato suo, che era migliore di me\u00bb.<\/p>\n<p class=\"chapter-paragraph\"><b>Dove l\u2019aveva incontrata?<\/b><br \/>\u00abAl Brefotrofio di Bergamo, dove avevo portato le gemelline: ai tempi lavoravo l\u00ec e avevo chiesto aiuto al direttore. Quando la loro madre era morta io ero disperato, credevo di morire anche io. Ma dovevo pensare alle bambine\u00bb.<\/p>\n<p class=\"chapter-paragraph\"><b>Cosa la colp\u00ec di Enoe?<\/b><br \/>\u00abEra una signora educata, raffinata, aveva delle belle gambe. Ed era molto affettuosa con le mie piccole. Cominciai a corteggiarla, ma lei mi mand\u00f2 al diavolo. Una volta, due volte, tre volte, finch\u00e9 non la convinsi a uscire a cena\u00bb.<\/p>\n<p class=\"chapter-paragraph\"><b>Cosa la tratteneva?<\/b><br \/>\u00abSua madre non era contenta di me. Lei aveva un altro spasimante facoltoso, mentre io ero vedovo, con due bambine, e povero in canna. Saba e Laura hanno fatto con Enoe la vita che forse con l\u2019altra mamma non avrebbero avuto. Infatti vogliono pi\u00f9 bene a lei che a me\u00bb.<\/p>\n<p class=\"chapter-paragraph\"><b>Era spesso via per lavoro. Sua moglie ne soffriva?<\/b><br \/>\u00abS\u00ec, ma non mi ha mai messo limiti. Quando lavoravo al Corriere della Sera potevo stare via un mese intero. Al mio rientro preparava la casa come a carnevale, con i nastri. Io le portavo sempre un regalino, si accontentava di tutto\u00bb.<\/p>\n<p class=\"chapter-paragraph\"><b>Un\u2019altra carineria?<\/b><br \/>\u00abUna volta al mese la portavo a cena fuori, io e lei da soli, come due fidanzati. Le piaceva prepararsi e mettersi un bel vestito. Non amava fare acquisti per s\u00e9, ma quando la costringevo ad andare in un negozio lei provava tutto e io glielo compravo felice\u00bb.<\/p>\n<p class=\"chapter-paragraph\"><b>Faceva osservazioni sui suoi articoli?<\/b><br \/>\u00abMai. Per\u00f2 li leggeva tutti. Non commentava nemmeno quando andavo in televisione, ma le faceva piacere. Era di una curiosit\u00e0 immensa\u00bb.<\/p>\n<p class=\"chapter-paragraph\"><b>Litigavate?<\/b><br \/>\u00abDiscutevamo quando non eravamo d\u2019accordo, ma sempre con rispetto. Ho anche smesso di bestemmiare in sua presenza, perch\u00e9 le dava fastidio. Il suo linguaggio era sempre misurato e appropriato. Mi piaceva ascoltarla. Avevamo un rito: la nostra chiacchierata serale. Eravamo come due vecchissimi compagni di scuola che possono parlare di qualsiasi cosa\u00bb.<\/p>\n<p class=\"chapter-paragraph\"><b>Si aspettava che se ne andasse?<\/b><br \/>\u00abNo. Era gi\u00e0 stata male, ma si era ripresa benissimo. Quando l\u2019hanno ricoverata sono andato all\u2019ospedale e, guardandola, ho capito che non ce l\u2019avrebbe fatta. Ma non volevo crederci. Quando poi \u00e8 arrivato il peggio, mi sono chiuso in bagno per un\u2019ora a piangere. Mi consola che la raggiunger\u00f2 presto\u00bb.<\/p>\n<p class=\"chapter-paragraph\"><b>Ha tanti ricordi belli: me ne racconti un altro.<\/b><br \/>\u00abQualche volta, per divertirci, ci scambiavamo qualche frase in dialetto bergamasco, che \u00e8 come il tedesco. Le piaceva passeggiare con me. Andavamo dal Salumaio, vicino al Baretto, per fare l\u2019aperitivo. La sera, invece, guardavamo la tv. Abbiamo sempre dormito insieme. E fino all\u2019ultimo giorno in casa, ci siamo dati il bacio della buonanotte\u00bb.<\/p>\n<p class=\"chapter-paragraph\"><b>Un complimento?<\/b><br \/>\u00abCon la Bonfanti abbiamo comprato sette case. In occasione di una vendita, vedendo come mi ero mosso, disse che ero una persona onesta. Quelle parole mi hanno confortato: la sua stima era importante per me. Ed era ricambiata, perch\u00e9 lei \u00e8 stata capace di superare ogni problema, sempre lavorando\u00bb.<\/p>\n<p class=\"chapter-paragraph\"><b>Non aveva mai detto ai colleghi di Rete 4 che era sua moglie. Lo fece Berlusconi.<\/b><br \/>\u00abEra riservata, di una timidezza tipicamente seriana, dei bergamaschi pi\u00f9 bergamaschi. Non voleva mai mettersi in mostra\u00bb.<\/p>\n<p class=\"chapter-paragraph\"><b>Il regalo pi\u00f9 bello?<\/b><br \/>\u00abLa pazienza, su molte cose. Teneva i miei abiti come fossero reliquie, voleva che fossi sempre perfetto. Si \u00e8 presa cura di me e mi ha assistito pi\u00f9 di un medico, di un confessore, di un\u2019amica\u00bb.<\/p>\n<p class=\"chapter-paragraph\">I funerali di Enoe Bonfanti si svolgeranno oggi alle 14.45 nella Chiesa di San Luca Evangelista a Milano. Buon viaggio, dolcissima signora.<\/p>\n<p class=\"is-last-update\" datetime=\"2026-07-17T21:26:42+02:00\">18 luglio 2026<\/p>\n<p class=\"is-copyright\">\n            \u00a9 RIPRODUZIONE RISERVATA\n        <\/p>\n","protected":false},"excerpt":{"rendered":"di Elvira Serra Il giornalista e il lutto dopo 58 anni insieme: \u00abLei mi ha salvato\u00bb \u00abSono demoralizzato.&hellip;\n","protected":false},"author":3,"featured_media":590466,"comment_status":"","ping_status":"","sticky":false,"template":"","format":"standard","meta":{"footnotes":"","_share_on_mastodon":"0"},"categories":[79],"tags":[7646,325443,325444,74225,325445,325446,579,325447,325448,5881,325449,325450,28974,325451,325452,71841,325453,325454,24,325455,2537,5466,325441,20156,11970,7198,7433,14257,14,93,94,1277,111055,323991,81708,2731,1537,90,89,31808,4045,3783,45325,1229,111060,3600,7,15,16498,296164,72212,40538,13287,2372,325442,11,84,91,12,85,92,10023,89459,13027],"class_list":["post-590465","post","type-post","status-publish","format-standard","has-post-thumbnail","category-italia","tag-abiti","tag-abiti-reliquie","tag-abiti-reliquie-voleva","tag-accontentava","tag-accontentava-altra","tag-accontentava-altra-carineria","tag-accordo","tag-accordo-rispetto","tag-accordo-rispetto-smesso","tag-acquisti","tag-acquisti-se","tag-acquisti-se-costringevo","tag-affetti","tag-affetti-amato","tag-affetti-amato-moglie","tag-affettuosa","tag-affettuosa-piccole","tag-affettuosa-piccole-cominciai","tag-aiuto","tag-aiuto-direttore","tag-altra","tag-amato","tag-amato-moglie","tag-bacio","tag-bambine","tag-bergamaschi","tag-bonfanti","tag-cena","tag-cronaca","tag-cronaca-italiana","tag-cronacaitaliana","tag-dato","tag-enoe","tag-enoe-bonfanti","tag-feltri","tag-figli","tag-it","tag-italia","tag-italy","tag-lavoravo","tag-madre","tag-mese","tag-mettersi","tag-moglie","tag-moglie-enoe","tag-morta","tag-news","tag-notizie","tag-piaceva","tag-portavo","tag-saba","tag-salvato","tag-sera","tag-signora","tag-teneva","tag-ultime-notizie","tag-ultime-notizie-e-news-di-oggi","tag-ultime-notizie-italia","tag-ultimenotizie","tag-ultimenotizieenewsdioggi","tag-ultimenotizieitalia","tag-vittorio","tag-vittorio-feltri","tag-voleva"],"share_on_mastodon":{"url":"","error":"Validation failed: Text character limit of 500 exceeded"},"_links":{"self":[{"href":"https:\/\/www.europesays.com\/it\/wp-json\/wp\/v2\/posts\/590465","targetHints":{"allow":["GET"]}}],"collection":[{"href":"https:\/\/www.europesays.com\/it\/wp-json\/wp\/v2\/posts"}],"about":[{"href":"https:\/\/www.europesays.com\/it\/wp-json\/wp\/v2\/types\/post"}],"author":[{"embeddable":true,"href":"https:\/\/www.europesays.com\/it\/wp-json\/wp\/v2\/users\/3"}],"replies":[{"embeddable":true,"href":"https:\/\/www.europesays.com\/it\/wp-json\/wp\/v2\/comments?post=590465"}],"version-history":[{"count":0,"href":"https:\/\/www.europesays.com\/it\/wp-json\/wp\/v2\/posts\/590465\/revisions"}],"wp:featuredmedia":[{"embeddable":true,"href":"https:\/\/www.europesays.com\/it\/wp-json\/wp\/v2\/media\/590466"}],"wp:attachment":[{"href":"https:\/\/www.europesays.com\/it\/wp-json\/wp\/v2\/media?parent=590465"}],"wp:term":[{"taxonomy":"category","embeddable":true,"href":"https:\/\/www.europesays.com\/it\/wp-json\/wp\/v2\/categories?post=590465"},{"taxonomy":"post_tag","embeddable":true,"href":"https:\/\/www.europesays.com\/it\/wp-json\/wp\/v2\/tags?post=590465"}],"curies":[{"name":"wp","href":"https:\/\/api.w.org\/{rel}","templated":true}]}}