{"id":590473,"date":"2026-07-18T07:06:15","date_gmt":"2026-07-18T07:06:15","guid":{"rendered":"https:\/\/www.europesays.com\/it\/590473\/"},"modified":"2026-07-18T07:06:15","modified_gmt":"2026-07-18T07:06:15","slug":"lumos-e-la-t-gema-sara-come-una-maratona-stagione-infinita-con-nove-infrasettimanali","status":"publish","type":"post","link":"https:\/\/www.europesays.com\/it\/590473\/","title":{"rendered":"Lumos e La T Gema: sar\u00e0 come una maratona. Stagione infinita con nove infrasettimanali"},"content":{"rendered":"<p>Sar\u00e0 una vera e propria stagione-maratona quella che attende <strong>Lumos Pistoia<\/strong> e <strong>La T Tecnica Gema Montecatini<\/strong>. Dopo 18 lunghi anni torner\u00e0 uno dei <strong>derby pi\u00f9 belli della storia della pallacanestro italiana<\/strong>, ma il confronto Pistoia-Montecatini sar\u00e0 solo la ciliegina sulla torta di una stagione di A2 gustosissima, da vivere con il fiato sospeso da settembre non solo nei weekend, ma anche nei nove turni infrasettimanali che sono stati disposti lungo un tortuosissimo percorso lungo il qualche chi sbaglier\u00e0 meno avr\u00e0 pi\u00f9 chance di raggiungere l\u2019obiettivo, che siano i playoff o la salvezza.<\/p>\n<p>Ora che il dado \u00e8 tratto non resta dunque che mettersi comodi e aspettare l\u2019uscita del calendario ufficiale per cerchiare di rosso la data fatidica del derby, o meglio le date dei due confronti a cavallo del Serravalle, prossimo step della lunga marcia di avvicinamento alla prima giornata di campionato, prevista a fine settembre. Su formula e partecipanti alla nuova Serie A2 c\u2019erano ben pochi segreti: niente sorprese dell\u2019ultim\u2019ora, nessuna suddivisione di gironi da analizzare.<\/p>\n<p>Ci\u00f2 che appare subito chiaro \u00e8 che sar\u00e0 una lunghissima e complessa maratona: trentotto giornate condensate in nemmeno sette mesi (dal 27 settembre al 25 aprile), con partite compresse fino allo spasmo in alcuni periodi dell\u2019anno, come a dicembre, quando ci saranno tre turni infrasettimanali consecutivi (16, 23 e 30 dicembre) anche per compensare la pausa nazionali del 29 novembre e il turno di riposo per le festivit\u00e0 natalizie in programma domenica 27 dicembre. Gli altri turni infrasettimanali, nove in totale, cadranno il 21 ottobre, l\u201911 novembre, il 20 gennaio, il 3 febbraio, il 7 e il 14 aprile, mentre saranno previste soste anche nel weekend del 13-14 marzo per le Final Four di Coppa Italia e da luned\u00ec 22 febbraio al 2 marzo per la seconda finestra FIBA, con la possibilit\u00e0 di spostare le gare al 18 novembre o al 24 marzo per le squadre che avranno giocatori convocati in Nazionale.<\/p>\n<p>La squadra prima classificata al termine della regular season sar\u00e0 promossa in Serie A, mentre le formazioni arrivate fra il secondo e il settimo posto si giocheranno ai playoff il secondo pass per la massima serie, insieme alle due che emergeranno dalla tonnara dei play-in. Due le retrocessioni, la prima diretta riservata a chi chiuder\u00e0 il campionato all\u2019ultimo posto, l\u2019altra per chi uscir\u00e0 sconfitto dalle due serie playout che vedranno coinvolte le franchigie piazzatesi dal 16esimo al 19esimo posto.<\/p>\n<p>Maggio sar\u00e0 come ogni anno il mese della resa dei conti: gli spareggi salvezza prenderanno il via gi\u00e0 da domenica 2 e si snoderanno nei successivi dieci giorni, mentre la post-season nobile inizier\u00e0 qualche giorno pi\u00f9 tardi (gara-1 del primo turno \u00e8 in programma gioved\u00ec 6 o venerd\u00ec 7 maggio) con confronti al meglio delle cinque partite. Quarti e semifinali saranno praticamente consequenziali l\u2019uno all\u2019altro, con soli tre giorni a separare l\u2019eventuale gara-5 dal primo atto della serie successiva. La finalissima invece partir\u00e0 da domenica 6 giugno, con l\u2019eventuale bella per il passaggio in Serie A1 come ultimo atto della stagione, il 16 giugno.<\/p>\n<p>La nuova Serie A2: Avellino Basket, Fortitudo Bologna, Brindisi, Caserta, Cento, Cividale, Juvi Cremona, Forl\u00ec, Libertas Livorno, Mestre, Urania Milano, La T Tecnica Gema Montecatini, VL Pesaro, Lumos Pistoia, Rieti, Rimini, Ruvo di Puglia, Dinamo Sassari, Torino e Vigevano.<\/p>\n<p>Filippo Palazzoni<\/p>\n","protected":false},"excerpt":{"rendered":"Sar\u00e0 una vera e propria stagione-maratona quella che attende Lumos Pistoia e La T Tecnica Gema Montecatini. Dopo&hellip;\n","protected":false},"author":3,"featured_media":590474,"comment_status":"","ping_status":"","sticky":false,"template":"","format":"standard","meta":{"footnotes":"","_share_on_mastodon":"0"},"categories":[1453],"tags":[1756,1757,300439,36371,325458,1537,90,89,325457,15344,8283,245,244,577],"class_list":["post-590473","post","type-post","status-publish","format-standard","has-post-thumbnail","category-basket","tag-basket","tag-basketball","tag-gema","tag-infinita","tag-infrasettimanali","tag-it","tag-italia","tag-italy","tag-lumos","tag-maratona","tag-sara","tag-sport","tag-sports","tag-stagione"],"share_on_mastodon":{"url":"https:\/\/pubeurope.com\/@it\/116939717884102600","error":""},"_links":{"self":[{"href":"https:\/\/www.europesays.com\/it\/wp-json\/wp\/v2\/posts\/590473","targetHints":{"allow":["GET"]}}],"collection":[{"href":"https:\/\/www.europesays.com\/it\/wp-json\/wp\/v2\/posts"}],"about":[{"href":"https:\/\/www.europesays.com\/it\/wp-json\/wp\/v2\/types\/post"}],"author":[{"embeddable":true,"href":"https:\/\/www.europesays.com\/it\/wp-json\/wp\/v2\/users\/3"}],"replies":[{"embeddable":true,"href":"https:\/\/www.europesays.com\/it\/wp-json\/wp\/v2\/comments?post=590473"}],"version-history":[{"count":0,"href":"https:\/\/www.europesays.com\/it\/wp-json\/wp\/v2\/posts\/590473\/revisions"}],"wp:featuredmedia":[{"embeddable":true,"href":"https:\/\/www.europesays.com\/it\/wp-json\/wp\/v2\/media\/590474"}],"wp:attachment":[{"href":"https:\/\/www.europesays.com\/it\/wp-json\/wp\/v2\/media?parent=590473"}],"wp:term":[{"taxonomy":"category","embeddable":true,"href":"https:\/\/www.europesays.com\/it\/wp-json\/wp\/v2\/categories?post=590473"},{"taxonomy":"post_tag","embeddable":true,"href":"https:\/\/www.europesays.com\/it\/wp-json\/wp\/v2\/tags?post=590473"}],"curies":[{"name":"wp","href":"https:\/\/api.w.org\/{rel}","templated":true}]}}