{"id":590534,"date":"2026-07-18T08:00:16","date_gmt":"2026-07-18T08:00:16","guid":{"rendered":"https:\/\/www.europesays.com\/it\/590534\/"},"modified":"2026-07-18T08:00:16","modified_gmt":"2026-07-18T08:00:16","slug":"virtus-ora-la-parola-dordine-e-duttilita-alston-junior-e-uno-degli-interpreti-migliori","status":"publish","type":"post","link":"https:\/\/www.europesays.com\/it\/590534\/","title":{"rendered":"Virtus, ora la parola d\u2019ordine \u00e8 duttilit\u00e0. Alston Junior \u00e8 uno degli interpreti migliori"},"content":{"rendered":"<p>La nuova <strong>Virtus<\/strong> prende forma seguendo un principio ben preciso: la <strong>duttilit\u00e0<\/strong>. \u00c8 questa la traccia che coach <strong>Alex Mumbr\u00f9<\/strong> sta disegnando insieme all\u2019area tecnica bianconera, con l\u2019obiettivo di costruire una squadra sempre pi\u00f9 versatile, capace di cambiare pelle senza dovere cambiare interpreti. Un\u2019idea di pallacanestro, nella quale le posizioni diventano sempre pi\u00f9 fluide e i quintetti possono trasformarsi da un possesso all\u2019altro.<\/p>\n<p>In quest\u2019ottica si inseriscono perfettamente <strong>Derrick Alston Junior<\/strong>, confermato dopo l\u2019ottima stagione disputata e in questi giorni al lavoro tra palestra e sala pesi nella sua Houston, <strong>Kessler Edwards<\/strong> e <strong>Bobi Klintman<\/strong>. Tre ali con caratteristiche diverse, ma accomunate dalla possibilit\u00e0 di alternarsi indifferentemente tra lo spot di ala piccola e quello di ala grande.<\/p>\n<p>Una soluzione che consentir\u00e0 a Mumbr\u00f9 di variare assetti, aumentare il dinamismo e aprire il campo, facendo della versatilit\u00e0 uno dei tratti distintivi della Virtus che verr\u00e0.<\/p>\n<p>Il cantiere, per\u00f2, \u00e8 tutt\u2019altro che concluso. Restano infatti da inserire due pedine e la priorit\u00e0 resta la guardia titolare. \u00c8 proprio su questo investimento che la Virtus vuole prendersi tutto il tempo necessario. Nessuna fretta, perch\u00e9 si tratta probabilmente della scelta pi\u00f9 delicata dell\u2019estate.<\/p>\n<p>Gli occhi sono puntati sulla <strong>Summer League Nba<\/strong>, dove ogni anno emerge qualche occasione interessante, ma anche sull\u2019<strong>Eurolega<\/strong>, aspettando l\u2019eventuale &#8220;scontento&#8221; di turno: giocatori ai quali stanno stretti i minuti concessi nelle grandi potenze europee e che potrebbero decidere di cambiare aria per ritagliarsi un ruolo pi\u00f9 importante.<\/p>\n<p>Sono giorni di studio e confronti continui tra il direttivo bianconero e Mumbr\u00f9, chiamato a tracciare la vera e propria &#8220;linea editoriale&#8221; del mercato.<\/p>\n<p>Parallelamente la Virtus continua a guardare anche al proprio vivaio. Si avvia alla conclusione l\u2019Europeo Under 20 con i classe 2007 <strong>Matteo Accorsi<\/strong> e Baiocchi, mentre a fine mese scatter\u00e0 a Trento quello Under 18 che vedr\u00e0 protagonista il gioiellino bianconero <strong>Livio Berlingeri<\/strong>.<\/p>\n<p>Sul talento del 2008 il club \u00e8 pronto a investire con decisione e l\u2019idea \u00e8 quella di aggregarlo stabilmente alla prima squadra, valutando se affidargli il ruolo di sesto o settimo italiano del roster. Anche qui, per\u00f2, senza preclusioni: se il mercato dovesse regalare la classica &#8220;bazza&#8221;, la Virtus la coglierebbe al volo. Altrimenti spazio alla soluzione interna.<\/p>\n<p>Di certo, per l\u2019ultimo italiano non verranno fatti investimenti su giocatori con tanto chilometraggio alle spalle e la necessit\u00e0 di avere minuti garantiti. La filosofia \u00e8 chiara: qualit\u00e0, prospettiva e flessibilit\u00e0. Il resto arriver\u00e0 quando si presenter\u00e0 l\u2019occasione giusta.<\/p>\n","protected":false},"excerpt":{"rendered":"La nuova Virtus prende forma seguendo un principio ben preciso: la duttilit\u00e0. \u00c8 questa la traccia che coach&hellip;\n","protected":false},"author":3,"featured_media":590535,"comment_status":"","ping_status":"","sticky":false,"template":"","format":"standard","meta":{"footnotes":"","_share_on_mastodon":"0"},"categories":[1453],"tags":[70622,1756,1757,23536,12473,1537,90,89,20580,2052,6183,7793,245,244,5284],"class_list":["post-590534","post","type-post","status-publish","format-standard","has-post-thumbnail","category-basket","tag-alston","tag-basket","tag-basketball","tag-duttilita","tag-interpreti","tag-it","tag-italia","tag-italy","tag-junior","tag-migliori","tag-ordine","tag-parola","tag-sport","tag-sports","tag-virtus"],"share_on_mastodon":{"url":"https:\/\/pubeurope.com\/@it\/116939930254239661","error":""},"_links":{"self":[{"href":"https:\/\/www.europesays.com\/it\/wp-json\/wp\/v2\/posts\/590534","targetHints":{"allow":["GET"]}}],"collection":[{"href":"https:\/\/www.europesays.com\/it\/wp-json\/wp\/v2\/posts"}],"about":[{"href":"https:\/\/www.europesays.com\/it\/wp-json\/wp\/v2\/types\/post"}],"author":[{"embeddable":true,"href":"https:\/\/www.europesays.com\/it\/wp-json\/wp\/v2\/users\/3"}],"replies":[{"embeddable":true,"href":"https:\/\/www.europesays.com\/it\/wp-json\/wp\/v2\/comments?post=590534"}],"version-history":[{"count":0,"href":"https:\/\/www.europesays.com\/it\/wp-json\/wp\/v2\/posts\/590534\/revisions"}],"wp:featuredmedia":[{"embeddable":true,"href":"https:\/\/www.europesays.com\/it\/wp-json\/wp\/v2\/media\/590535"}],"wp:attachment":[{"href":"https:\/\/www.europesays.com\/it\/wp-json\/wp\/v2\/media?parent=590534"}],"wp:term":[{"taxonomy":"category","embeddable":true,"href":"https:\/\/www.europesays.com\/it\/wp-json\/wp\/v2\/categories?post=590534"},{"taxonomy":"post_tag","embeddable":true,"href":"https:\/\/www.europesays.com\/it\/wp-json\/wp\/v2\/tags?post=590534"}],"curies":[{"name":"wp","href":"https:\/\/api.w.org\/{rel}","templated":true}]}}