{"id":590741,"date":"2026-07-18T11:11:14","date_gmt":"2026-07-18T11:11:14","guid":{"rendered":"https:\/\/www.europesays.com\/it\/590741\/"},"modified":"2026-07-18T11:11:14","modified_gmt":"2026-07-18T11:11:14","slug":"roma-su-kessie-vendetta-sulla-juve-per-celik","status":"publish","type":"post","link":"https:\/\/www.europesays.com\/it\/590741\/","title":{"rendered":"Roma su Kessie, vendetta sulla Juve per Celik"},"content":{"rendered":"<p>                                I giallorossi possono riscattare la beffa sul laterale destro con il centrocampista: Gasperini lo conosce bene e lo ha fatto diventare un giocatore di spessore internazionale<\/p>\n<p class=\"paragraph\" spellcheck=\"true\">Ma come potrebbe \u201cvendicarsi\u201d adesso la Roma? Difficile pensare che i giallorossi possano andare a dar fastidio a qualche giocatore bianconero, anche se poi uno che potrebbe interessare c\u2019\u00e8 e si chiama Francisco Concei\u00e7ao, il folletto portoghese di 23 anni che potrebbe fare al caso di Gasperini nella sua ricerca di quei giocatori offensivi capaci di saltare l\u2019uomo, spaccare le difese in due, creare occasioni e superiorit\u00e0 numerica. Solo che tra prestito iniziale, acquisto della scorsa estate e bonus e oneri vari la Juventus ha investito finora su Concei\u00e7ao ben 42 milioni di euro. Insomma, costa tanto e non sembra una pista facile da praticare. Pi\u00f9 semplice, invece, che la Roma possa andare a dar fastidio alla <a href=\"https:\/\/www.gazzetta.it\/calcio\/squadre\/juventus\/calciomercato\/\" rel=\"nofollow noopener\" target=\"_blank\">Juventus<\/a> su alcuni obiettivi condivisi, per cos\u00ec dire. Come Franck Kessie, ad esempio, che proprio in questi giorni sta trattando con Massara e Carnevali il suo possibile ritorno in Italia.\u00a0<\/p>\n<p>        l&#8217;idea\u2014 \u00a0<\/p>\n<p class=\"paragraph\" spellcheck=\"true\">Kessie si \u00e8 infatti svincolato da poco dall\u2019Al Ahli, il club saudita con cui ha giocato nelle ultime tre stagioni. Massara lo conosce bene, per averci vinto insieme lo scudetto al Milan nel 2022. Ma lo conosce molto bene anche Gian Piero Gasperini, che lo ha lanciato all\u2019Atalanta, facendolo diventare un giocatore di spessore internazionale. Il centrocampista ivoriano chiede uno stipendio da 5-6 milioni di euro. La Juve ci sta pensando, la Roma potrebbe farlo nel caso di cessione di Manu Kon\u00e9, uno che sembra sempre pi\u00f9 destinato a finire in Premier League. Ecco, in quel caso Kessie potrebbe essere una buona soluzione per i giallorossi: perch\u00e9 non costerebbe nulla a livello di cartellino e perch\u00e9 ha gi\u00e0 un rapporto con Gasp, conoscendo un po\u2019 tutto dei suoi meccanismi di gioco. In parte, sarebbe una piccola vendetta per un rapporto &#8211; quello tra <a href=\"https:\/\/www.gazzetta.it\/calcio\/squadre\/roma\/notizie\/\" rel=\"nofollow noopener\" target=\"_blank\">Roma<\/a> e Juventus &#8211; che nella storia del calcio \u00e8 sempre stato tempestoso. Fin dall\u2019estate del 1970, quando per esigenze economiche la Roma fu costretta a cedere alla Juve i gioiellini di casa: Capello, Spinosi e Landini. Una tripla cessione che non fu ben accolta dalla piazza, nonostante il cospicuo conguaglio economico e il passaggio inverso di Del Sol, Zigoni e Roberto Vieri. Poi ci fu Zib\u00ec Boniek, il polacco che nel 1982 venne \u201cscippato\u201d dalla Juve alla Roma dopo che aveva gi\u00e0 visitato Trigoria (dove torn\u00f2 per\u00f2 tre anni dopo, nel 1985). Altro giro, altro sgarbo. Questa volta fu Luciano Moggi (all\u2019epoca consigliere di mercato della Roma) ad essere incaricato da Franco Sensi di prendere Paulo Sousa, che per\u00f2 fini alla Juve. Con Moggi. La Roma allora si consol\u00f2 nel 2002 con Cassano: \u00abHo fregato la Juve\u00bb, disse il presidente giallorosso. Che per\u00f2 poco dopo dovette incassare il colpo basso di Fabio Capello. Era l\u2019estate 2004, il tecnico giallorosso \u201cscapp\u00f2\u201d da Roma di notte e con lui si port\u00f2 successivamente anche Emerson e Zebina. Negli anni pi\u00f9 recenti, invece, hanno fatto clamore i passaggi di Pjanic e Vucinic in bianconero, la scelta di Iturbe di sbarcare a Roma e non in bianconero (con tanto di dimissioni di Antonio Conte) e il rifiuto eterno di Nainggolan: \u00abAlla Juventus non andr\u00f2 mai. A me piacciono le sfide\u00bb, disse il belga. Che amava (e ama) Roma. E la Roma.<\/p>\n","protected":false},"excerpt":{"rendered":"I giallorossi possono riscattare la beffa sul laterale destro con il centrocampista: Gasperini lo conosce bene e lo&hellip;\n","protected":false},"author":3,"featured_media":590742,"comment_status":"","ping_status":"","sticky":false,"template":"","format":"standard","meta":{"footnotes":"","_share_on_mastodon":"0"},"categories":[1452],"tags":[14359,32,325695,325696,391,10575,721,30465,3153,571,7801,4022,47999,325697,10407,1533,724,37644,1740,5301,5290,5288,564,325698,325699,832,1537,90,89,565,558,14653,5291,26953,899,987,1739,74683,325700,245,244,61001],"class_list":["post-590741","post","type-post","status-publish","format-standard","has-post-thumbnail","category-calcio","tag-accolta","tag-andare","tag-andare-dar","tag-andare-dar-fastidio","tag-ben","tag-bianconero","tag-calcio","tag-capello","tag-centrocampista","tag-cessione","tag-conceicao","tag-conosce","tag-dar","tag-dar-fastidio","tag-disse","tag-estate","tag-euro","tag-fastidio","tag-football","tag-gasperini","tag-giallorossi","tag-giallorosso","tag-giocatore","tag-giocatore-spessore","tag-giocatore-spessore-internazionale","tag-internazionale","tag-it","tag-italia","tag-italy","tag-juve","tag-juventus","tag-kessie","tag-massara","tag-moggi","tag-rapporto","tag-roma","tag-soccer","tag-spessore","tag-spessore-internazionale","tag-sport","tag-sports","tag-vendetta"],"share_on_mastodon":{"url":"","error":"Validation failed: Text character limit of 500 exceeded"},"_links":{"self":[{"href":"https:\/\/www.europesays.com\/it\/wp-json\/wp\/v2\/posts\/590741","targetHints":{"allow":["GET"]}}],"collection":[{"href":"https:\/\/www.europesays.com\/it\/wp-json\/wp\/v2\/posts"}],"about":[{"href":"https:\/\/www.europesays.com\/it\/wp-json\/wp\/v2\/types\/post"}],"author":[{"embeddable":true,"href":"https:\/\/www.europesays.com\/it\/wp-json\/wp\/v2\/users\/3"}],"replies":[{"embeddable":true,"href":"https:\/\/www.europesays.com\/it\/wp-json\/wp\/v2\/comments?post=590741"}],"version-history":[{"count":0,"href":"https:\/\/www.europesays.com\/it\/wp-json\/wp\/v2\/posts\/590741\/revisions"}],"wp:featuredmedia":[{"embeddable":true,"href":"https:\/\/www.europesays.com\/it\/wp-json\/wp\/v2\/media\/590742"}],"wp:attachment":[{"href":"https:\/\/www.europesays.com\/it\/wp-json\/wp\/v2\/media?parent=590741"}],"wp:term":[{"taxonomy":"category","embeddable":true,"href":"https:\/\/www.europesays.com\/it\/wp-json\/wp\/v2\/categories?post=590741"},{"taxonomy":"post_tag","embeddable":true,"href":"https:\/\/www.europesays.com\/it\/wp-json\/wp\/v2\/tags?post=590741"}],"curies":[{"name":"wp","href":"https:\/\/api.w.org\/{rel}","templated":true}]}}