{"id":590775,"date":"2026-07-18T11:42:18","date_gmt":"2026-07-18T11:42:18","guid":{"rendered":"https:\/\/www.europesays.com\/it\/590775\/"},"modified":"2026-07-18T11:42:18","modified_gmt":"2026-07-18T11:42:18","slug":"la-promessa-le-anticipazioni-di-sabato-18-luglio-in-prima-serata","status":"publish","type":"post","link":"https:\/\/www.europesays.com\/it\/590775\/","title":{"rendered":"La Promessa, le anticipazioni di sabato 18 luglio in prima serata"},"content":{"rendered":"<p class=\"paragraph\" spellcheck=\"true\">Sabato 18luglio 2026 torner\u00e0 l&#8217;appuntamento con<b> La Promessa <\/b>in prima serata su Rete 4. La telenovela spagnola, nonostante sia arrivata alla quarta stagione, continua ad avere un buon nucleo di fedeli appassionati, ed \u00e8 ormai uno dei programmi pi\u00f9 seguiti della rete. Anche per questo si \u00e8 ritagliata lo spazio della prima serata del sabato\u00a0 continuando a raccontare le storie di questa ricca dimora nella Spagna del primo dopoguerra.\u00a0<\/p>\n<p class=\"paragraph\" spellcheck=\"true\">Prima di scoprire quello che ci aspetta nelle puntate de <b>La Promessa<\/b> in onda sabato 18 luglio alle 19.45 e in prima serata dalle 21.30, vediamo dove eravamo rimasti. Lorenzo ha confessato di aver rapito Angela e ha detto a Leocadia che la liberer\u00e0 soltanto se acconsentir\u00e0 al loro matrimonio.\u00a0 Alonso \u00e8 andato dal barone de Valladares per cercare un accordo. Tono ha detto a Enora che ha fatto un passo verso Simona soltanto per lei. Curro ha chiesto a don Cristobal di poter partecipare alle ricerche di Angela ottenendo un rifiuto, cos\u00ec \u00e8 andato a cercarla con Maria e Samuel nella grotta dove era stata tenuta Maria.\u00a0<\/p>\n","protected":false},"excerpt":{"rendered":"Sabato 18luglio 2026 torner\u00e0 l&#8217;appuntamento con La Promessa in prima serata su Rete 4. La telenovela spagnola, nonostante&hellip;\n","protected":false},"author":3,"featured_media":590776,"comment_status":"","ping_status":"","sticky":false,"template":"","format":"standard","meta":{"footnotes":"","_share_on_mastodon":"0"},"categories":[1444],"tags":[8911,32,10639,325717,1518,45530,325718,35689,203,204,1537,90,89,11975,5240,8835,2518,2841,9065,253],"class_list":["post-590775","post","type-post","status-publish","format-standard","has-post-thumbnail","category-tv","tag-alonso","tag-andare","tag-angela","tag-angela-alonso","tag-anticipazioni","tag-anticipazioni-puntate","tag-bartolome","tag-curro","tag-entertainment","tag-intrattenimento","tag-it","tag-italia","tag-italy","tag-martina","tag-promessa","tag-puntate","tag-rete","tag-sabato","tag-serata","tag-tv"],"share_on_mastodon":{"url":"","error":""},"_links":{"self":[{"href":"https:\/\/www.europesays.com\/it\/wp-json\/wp\/v2\/posts\/590775","targetHints":{"allow":["GET"]}}],"collection":[{"href":"https:\/\/www.europesays.com\/it\/wp-json\/wp\/v2\/posts"}],"about":[{"href":"https:\/\/www.europesays.com\/it\/wp-json\/wp\/v2\/types\/post"}],"author":[{"embeddable":true,"href":"https:\/\/www.europesays.com\/it\/wp-json\/wp\/v2\/users\/3"}],"replies":[{"embeddable":true,"href":"https:\/\/www.europesays.com\/it\/wp-json\/wp\/v2\/comments?post=590775"}],"version-history":[{"count":0,"href":"https:\/\/www.europesays.com\/it\/wp-json\/wp\/v2\/posts\/590775\/revisions"}],"wp:featuredmedia":[{"embeddable":true,"href":"https:\/\/www.europesays.com\/it\/wp-json\/wp\/v2\/media\/590776"}],"wp:attachment":[{"href":"https:\/\/www.europesays.com\/it\/wp-json\/wp\/v2\/media?parent=590775"}],"wp:term":[{"taxonomy":"category","embeddable":true,"href":"https:\/\/www.europesays.com\/it\/wp-json\/wp\/v2\/categories?post=590775"},{"taxonomy":"post_tag","embeddable":true,"href":"https:\/\/www.europesays.com\/it\/wp-json\/wp\/v2\/tags?post=590775"}],"curies":[{"name":"wp","href":"https:\/\/api.w.org\/{rel}","templated":true}]}}