{"id":590783,"date":"2026-07-18T11:47:15","date_gmt":"2026-07-18T11:47:15","guid":{"rendered":"https:\/\/www.europesays.com\/it\/590783\/"},"modified":"2026-07-18T11:47:15","modified_gmt":"2026-07-18T11:47:15","slug":"posso-cantare-per-voi-a-bari-la-sorpresa-di-alfa-a-una-coppia-di-sposi-e-parte-la-hit-filo-rosso","status":"publish","type":"post","link":"https:\/\/www.europesays.com\/it\/590783\/","title":{"rendered":"\u00abPosso cantare per voi?\u00bb A Bari la sorpresa di Alfa a una coppia di sposi. E parte la hit \u00abFilo Rosso\u00bb"},"content":{"rendered":"<p class=\"chapter-paragraph\">Alfa passeggia tra le vie di Bari e, quasi per caso, si ritrova protagonista di un momento destinato a restare nella memoria di una coppia di sposi.\u00a0<br \/><b>Il cantante si \u00e8 imbattuto nel matrimonio di Carlo Narcisi e Natasha Damiani<\/b> proprio mentre la cerimonia stava per concludersi\u00a0 in Cattedrale nel centro storico. A quel punto \u00e8 arrivata una richiesta inattesa: dedicare una canzone ai novelli sposi. Il cantante genovese 26enne \u00e8 arrivato in citt\u00e0 per il suo concerto, nella serata di venerd\u00ec 17 luglio, sul palco della Fiera del Levante.\u00a0<b>Chitarra alla mano, Alfa ha accolto l&#8217;invito senza esitazioni, regalando un&#8217;esibizione improvvisata sulle note de &#8220;Il filo rosso&#8221;, uno dei suoi brani pi\u00f9 apprezzati<\/b>.\u00a0Un fuori programma che ha sorpreso gli invitati, trasformando il matrimonio in un evento ancora pi\u00f9 speciale.\u00a0<\/p>\n<p class=\"chapter-paragraph\">La scena \u00e8 stata ripresa dagli smartphone dei presenti ed \u00e8 rapidamente diventata virale sui social. <b>Il video \u00e8 stato condiviso dal profilo &#8220;Carillon.c&#8221;, in collaborazione con la wedding planner Valentina Carella<\/b>, raccogliendo migliaia di visualizzazioni e commenti. Un episodio insolito che ha unito la spontaneit\u00e0 dell&#8217;artista all&#8217;emozione di un giorno gi\u00e0 indimenticabile per gli sposi, confermando ancora una volta il forte legame di Alfa con il suo pubblico e la capacit\u00e0 di trasformare un incontro casuale in un ricordo destinato a durare nel tempo.    &#13;<br \/>\n&#13;<br \/>\n&#13;<br \/>\n&#13;<br \/>\n&#13;<br \/>\n&#13;<br \/>\n&#13;<br \/>\n&#13;<br \/>\n&#13;<br \/>\n&#13;<br \/>\n&#13;<br \/>\n&#13;<br \/>\n&#13;<br \/>\n&#13;<br \/>\n&#13;<br \/>\n&#13;<br \/>\n&#13;<br \/>\n&#13;<br \/>\n&#13;<br \/>\n&#13;<br \/>\n&#13;<br \/>\n&#13;<br \/>\n&#13;<br \/>\n&#13;<br \/>\n&#13;<br \/>\n&#13;<br \/>\n&#13;<br \/>\n&#13;<br \/>\n&#13;<br \/>\n&#13;<br \/>\n&#13;<br \/>\n&#13;<br \/>\n&#13;<br \/>\n&#13;<br \/>\n&#13;<br \/>\n&#13;<br \/>\n&#13;<br \/>\n&#13;<br \/>\n&#13;<br \/>\n&#13;<br \/>\n&#13;<br \/>\n&#13;<br \/>\n&#13;<br \/>\n&#13;<br \/>\n&#13;<br \/>\n&#13;<br \/>\n&#13;<br \/>\n&#13;<br \/>\n&#13;<br \/>\n&#13;<br \/>\n&#13;<br \/>\n&#13;<br \/>\n&#13;\n<\/p>\n<p class=\"is-last-update\" datetime=\"2026-07-18T11:56:43+02:00\">18 luglio 2026 ( modifica il 18 luglio 2026 | 11:56)<\/p>\n<p class=\"is-copyright\">\n            \u00a9 RIPRODUZIONE RISERVATA\n        <\/p>\n","protected":false},"excerpt":{"rendered":"Alfa passeggia tra le vie di Bari e, quasi per caso, si ritrova protagonista di un momento destinato&hellip;\n","protected":false},"author":3,"featured_media":590784,"comment_status":"","ping_status":"","sticky":false,"template":"","format":"standard","meta":{"footnotes":"","_share_on_mastodon":"0"},"categories":[174],"tags":[11234,1682,2942,1569,2235,325719,12683,203,22017,124477,3385,63235,204,1537,90,89,31424,8866,11835,32080],"class_list":["post-590783","post","type-post","status-publish","format-standard","has-post-thumbnail","category-intrattenimento","tag-alfa","tag-bari","tag-cantante","tag-concerto","tag-coppia","tag-coppia-sposi","tag-destinato","tag-entertainment","tag-fiera","tag-fiera-levante","tag-filo","tag-filo-rosso","tag-intrattenimento","tag-it","tag-italia","tag-italy","tag-levante","tag-matrimonio","tag-rosso","tag-sposi"],"share_on_mastodon":{"url":"https:\/\/pubeurope.com\/@it\/116940822801463567","error":""},"_links":{"self":[{"href":"https:\/\/www.europesays.com\/it\/wp-json\/wp\/v2\/posts\/590783","targetHints":{"allow":["GET"]}}],"collection":[{"href":"https:\/\/www.europesays.com\/it\/wp-json\/wp\/v2\/posts"}],"about":[{"href":"https:\/\/www.europesays.com\/it\/wp-json\/wp\/v2\/types\/post"}],"author":[{"embeddable":true,"href":"https:\/\/www.europesays.com\/it\/wp-json\/wp\/v2\/users\/3"}],"replies":[{"embeddable":true,"href":"https:\/\/www.europesays.com\/it\/wp-json\/wp\/v2\/comments?post=590783"}],"version-history":[{"count":0,"href":"https:\/\/www.europesays.com\/it\/wp-json\/wp\/v2\/posts\/590783\/revisions"}],"wp:featuredmedia":[{"embeddable":true,"href":"https:\/\/www.europesays.com\/it\/wp-json\/wp\/v2\/media\/590784"}],"wp:attachment":[{"href":"https:\/\/www.europesays.com\/it\/wp-json\/wp\/v2\/media?parent=590783"}],"wp:term":[{"taxonomy":"category","embeddable":true,"href":"https:\/\/www.europesays.com\/it\/wp-json\/wp\/v2\/categories?post=590783"},{"taxonomy":"post_tag","embeddable":true,"href":"https:\/\/www.europesays.com\/it\/wp-json\/wp\/v2\/tags?post=590783"}],"curies":[{"name":"wp","href":"https:\/\/api.w.org\/{rel}","templated":true}]}}