{"id":590827,"date":"2026-07-18T12:33:17","date_gmt":"2026-07-18T12:33:17","guid":{"rendered":"https:\/\/www.europesays.com\/it\/590827\/"},"modified":"2026-07-18T12:33:17","modified_gmt":"2026-07-18T12:33:17","slug":"anna-valle-ai-miei-figli-insegno-lo-spirito-critico-e-quello-che-serve-per-affrontare-il-mondo-oggi-i-maschi-sono-piu-insicuri-delle-ragazze-serve-piu-dialogo-a-scuola-e-in-famiglia","status":"publish","type":"post","link":"https:\/\/www.europesays.com\/it\/590827\/","title":{"rendered":"Anna Valle: &#8220;Ai miei figli insegno lo spirito critico: \u00e8 quello che serve per affrontare il mondo. Oggi i maschi sono pi\u00f9 insicuri delle ragazze, serve pi\u00f9 dialogo a scuola e in famiglia&#8221;"},"content":{"rendered":"<p>C&#8217;\u00e8 un ricordo nitido, quasi cinematografico, che Anna Valle custodisce gelosamente. Lei, giovanissima, fresca del titolo di Miss Italia, che muove i primi passi nella moda e si ritrova a sfilare per Giorgio Armani nella cornice monumentale di Piazza Navona. &#8220;Ricorder\u00f2 sempre il primo incontro nella sua sede per provare i vestiti&#8221;, racconta l&#8217;attrice. &#8220;Lui fu incredibilmente accogliente, mai sbrigativo. E tutte le volte successive che ci siamo incontrati, persino incrociandoci per caso nei dintorni di casa sua, mi diceva sempre con assoluta naturalezza: &#8216;Se hai bisogno di noi, contattaci quando vuoi&#8217;. Forse in me vedeva delle assonanze: quella sobriet\u00e0 tipicamente sua, quel non urlare mai la propria personalit\u00e0, \u00e8 un modo di essere che sento mio. Per me, questa \u00e8 la vera eleganza&#8221;.<\/p>\n<p>Oggi quel legame ideale si completa sul palcoscenico. Sabato 18 luglio, nell&#8217;ambito della rassegna La Milanesiana ideata e diretta da Elisabetta Sgarbi, andr\u00e0 in scena lo spettacolo &#8220;Essere Armani&#8221;, tratto dal libro di Renata Molho. Sar\u00e0 proprio Valle, 51 anni, a raccontare l&#8217;evoluzione professionale e, soprattutto, umana di uno dei simboli assoluti del Made in Italy. Un ritratto intimo che promette di svelare l&#8217;uomo dietro il mito. E c&#8217;\u00e8 una cosa, in particolare, che l&#8217;ha colpita di Re Giorgio: &#8220;La sua parte pi\u00f9 sensibile, nascosta dietro il volto da uomo invincibile&#8221;.<\/p>\n<p><strong>Ci spieghi meglio. Che cosa l&#8217;ha conquistata dell\u2019Armani \u201cuomo\u201d?<\/strong><\/p>\n<p>&#8220;La parte vulnerabile di un personaggio che siamo abituati a percepire come granitico. Devo ammettere che oggi provo un pizzico di dispiacere per non averlo conosciuto in modo pi\u00f9 approfondito&#8221;.<\/p>\n<p><strong>Che ricordo ha dei vostri incontri?<\/strong><\/p>\n<p>&#8220;Ci siamo incontrati diverse volte agli inizi, anche se non avevamo un&#8217;amicizia stretta; io ero appena un\u2019esordiente. Negli anni ci siamo incrociati di nuovo, anche se meno spesso di quanto mi sarebbe piaciuto. \u00c8 sempre stato un uomo caparbio e categorico, impermeabile al dubbio e all\u2019errore agli occhi del mondo, doti su cui ha costruito un impero. Eppure, dietro quella facciata, ho sempre intravisto un guizzo di dolcezza, qualcosa che anche il libro conferma&#8221;.<\/p>\n<p><strong>Ha percepito questo senso di accoglienza fin da giovanissima. \u00c8 una dote rara in quel mondo?<\/strong><\/p>\n<p>&#8220;A me \u00e8 successo, in particolare, con lui e con Gianfranco Ferr\u00e9, che poi ho vestito per dieci anni. Il signor Armani si proponeva sempre in modo semplice: credo che il suo approccio al lavoro sia qualcosa in cui posso rispecchiarmi. Spesso le persone mi associano a un\u2019idea di eleganza, ma non \u00e8 certo studiata a tavolino: \u00e8 semplicemente il mio modo di essere. Non ho mai amato gli eccessi o i toni urlati&#8221;.<\/p>\n<p><strong>Se aprissimo il suo armadio adesso, nella vita di tutti i giorni, che cosa ci troveremmo dentro?<\/strong><\/p>\n<p>&#8220;Professionalmente sei sempre guidata dagli stylist, e pu\u00f2 capitare che ci\u00f2 che indossi non rispecchi al cento per cento chi sei. Nel quotidiano, invece, cerco un equilibrio ideale tra comodit\u00e0 ed eleganza: il mio look cult \u00e8 un jeans con una camicia lineare. Poi, certo, mi piace giocare con i tagli e i dettagli, perch\u00e9 la moda resta una bellissima forma di espressione, ma non voglio essere schiava dei vestiti. Ed \u00e8 esattamente quello che Armani, prima degli altri, ha capito del corpo femminile&#8221;.<\/p>\n<p><strong>Cio\u00e8?<\/strong><\/p>\n<p>&#8220;Che bisogna togliere la scomodit\u00e0 dall&#8217;eleganza. La donna ha una vita identica a quella dell\u2019uomo, lavora quanto l&#8217;uomo e non pu\u00f2 farlo tutto il giorno su dodici centimetri di tacco. La donna di Armani era inattaccabile, anche sul posto di lavoro: non doveva trovarsi nella condizione di doversi continuamente sistemare la camicetta, o aggiustare il tiro di una gonna troppo stretta o \u00a0una camminata incerta per colpa di un tacco proibitivo. Doveva essere a suo agio nel mondo e non funzionale al mondo stesso&#8221;.<\/p>\n<p><strong>Lei ha due figli nell&#8217;et\u00e0 delicata dell\u2019adolescenza: Ginevra, 18 anni, e Leonardo, 13. Si parla molto di pressioni estetiche sulle ragazze, ma oggi anche i maschi affrontano sfide enormi. Come li aiuta a difendersi?<\/strong><\/p>\n<p>&#8220;Per assurdo, oggi vedo una fragilit\u00e0 persino maggiore nei ragazzi. Le ragazze subiscono un\u2019aggressivit\u00e0 evidente, sia fisica che verbale, da cui devono difendersi. Ma nei maschi la vulnerabilit\u00e0 \u00e8 pi\u00f9 nascosta e subdola. La societ\u00e0 e le coetanee oggi si aspettano da loro cose quasi contraddittorie: devono essere brillanti, intelligenti, &#8216;fighi&#8217; ma al tempo stesso un po&#8217; ribelli. Questo cortocircuito li rende insicuri&#8221;.<\/p>\n<p><strong>I suoi figli come la vivono?<\/strong><\/p>\n<p>&#8220;Entrambi, incrociando le dita, sono ragazzi sani, con le loro vulnerabilit\u00e0 e le incertezze proprie della loro et\u00e0, ma riescono a guardare il mondo con spirito critico. Qualcosa che si sta un po&#8217; perdendo: siamo circondati da stimoli che ci dicono esattamente cosa fare, come e quando. Ho saputo, ad esempio, che alcuni figli di mie amiche si rivolgono all&#8217;Intelligenza Artificiale per chiedere come comportarsi in determinate situazioni sociali o affettive. Ai ragazzi, in particolare, non perdoniamo ancora la vulnerabilit\u00e0&#8221;.<\/p>\n<p><strong>\u00c8 un problema di comunicazione? Eppure il dibattito pubblico sul superamento degli stereotipi \u00e8 centralissimo.<\/strong><\/p>\n<p>&#8220;Parlarne non significa averlo superato. Sono reduce da uno spettacolo teatrale che affronta proprio i tab\u00f9 tra uomo e donna &#8211; la differenza d&#8217;et\u00e0, il desiderio sessuale femminile &#8211; e sviscerando il testo ci siamo resi conto di quanti clich\u00e9 resistano ancora. Crediamo di essere avanti, ma i luoghi comuni sono duri a morire&#8221;.<\/p>\n<p><strong>Chi pu\u00f2 fare davvero la differenza?<\/strong><\/p>\n<p>&#8220;La famiglia, prima di tutto. Il dialogo in casa \u00e8 fondamentale: noi genitori dobbiamo imparare a parlare di tutto con i nostri figli, senza perdere la nostra autorit\u00e0 ma anche senza farli sentire giudicati. Certo, non si pu\u00f2 fare solo gli &#8216;amiconi&#8217;, ma io e mio marito (il regista Ulisse Lendaro, a cui \u00e8 legata da vent&#8217;anni, ndr) ci impegniamo molto nel dialogo, e i nostri figli sembrano recepirlo. Poi va detto che ci vuole anche molta fortuna&#8221;.<\/p>\n<p><strong>La scuola dovrebbe investire di pi\u00f9 nell&#8217;educazione affettiva?<\/strong><\/p>\n<p>&#8220;Assolutamente s\u00ec. Tutti noi ci ricordiamo i professori che sono stati un &#8216;tesoro&#8217; per noi, non tanto per la materia che insegnavano, quanto perch\u00e9 avevano instaurato con la classe un rapporto da essere umano a essere umano. Oggi i ragazzi hanno un bisogno disperato di strumenti per sviluppare il proprio senso critico, perch\u00e9 tendono a prendere tutto per buono, soprattutto sul web. L&#8217;Intelligenza Artificiale, in questo senso, rischia di essere un inganno: se poni la domanda in modo sbagliato, rischi di viziare la risposta. Insomma, bisognerebbe insegnare loro l&#8217;approfondimento, il ritorno alla fonte. \u00c8 un richiamo che faccio anche a me stessa e agli adulti in generale&#8221;.<\/p>\n<p><strong>Che rapporto ha con la tecnologia?<\/strong><\/p>\n<p>&#8220;Pessimo! Non ne sono attratta, anche se ne riconosco l&#8217;utilit\u00e0. Insomma, sto prendendo le misure&#8221;.<\/p>\n<p><strong>Su Instagram \u00e8 arrivata molto tardi: lo scorso settembre, per l&#8217;esattezza.<\/strong><\/p>\n<p>&#8220;Praticamente l\u2019altroieri! (ride, ndr). Sui social mi faccio aiutare da un team per i contenuti, perch\u00e9 vorrei avere il tempo di selezionare messaggi che abbiano un senso reale. Il mondo social fraintende facilmente: devi calibrare non solo quello che pubblichi, ma anche come verr\u00e0 recepito dall&#8217;altra parte dello schermo. Io preferisco vivere le cose nella realt\u00e0 pratica, toccando e guardando. Per\u00f2 capisco che stare completamente fuori dai social ti rende anacronistica. Bisogna conoscere gli strumenti per poter scegliere, consapevolmente, se usarli o meno&#8221;.<\/p>\n<p><img loading=\"lazy\" decoding=\"async\" style=\"aspect-ratio:761\/1200;\" src=\"https:\/\/www.europesays.com\/it\/wp-content\/uploads\/2026\/07\/la-rosa-2026.jpg\" alt=\"La Rosa 2026\" width=\"761\" height=\"1200\" title=\"La Rosa 2026\"\/>La Rosa de La Milanesiana \u00e8 il simbolo ufficiale del celebre festival culturale italiano ideato e diretto da Elisabetta Sgarbi <\/p>\n","protected":false},"excerpt":{"rendered":"C&#8217;\u00e8 un ricordo nitido, quasi cinematografico, che Anna Valle custodisce gelosamente. Lei, giovanissima, fresca del titolo di Miss&hellip;\n","protected":false},"author":3,"featured_media":590828,"comment_status":"","ping_status":"","sticky":false,"template":"","format":"standard","meta":{"footnotes":"","_share_on_mastodon":"0"},"categories":[1451],"tags":[148264,1621,1620,203,325724,204,1537,90,89],"class_list":["post-590827","post","type-post","status-publish","format-standard","has-post-thumbnail","category-celebrita","tag-anna-valle","tag-celebrita","tag-celebrities","tag-entertainment","tag-intervista-anna-valle","tag-intrattenimento","tag-it","tag-italia","tag-italy"],"share_on_mastodon":{"url":"https:\/\/pubeurope.com\/@it\/116941003534189715","error":""},"_links":{"self":[{"href":"https:\/\/www.europesays.com\/it\/wp-json\/wp\/v2\/posts\/590827","targetHints":{"allow":["GET"]}}],"collection":[{"href":"https:\/\/www.europesays.com\/it\/wp-json\/wp\/v2\/posts"}],"about":[{"href":"https:\/\/www.europesays.com\/it\/wp-json\/wp\/v2\/types\/post"}],"author":[{"embeddable":true,"href":"https:\/\/www.europesays.com\/it\/wp-json\/wp\/v2\/users\/3"}],"replies":[{"embeddable":true,"href":"https:\/\/www.europesays.com\/it\/wp-json\/wp\/v2\/comments?post=590827"}],"version-history":[{"count":0,"href":"https:\/\/www.europesays.com\/it\/wp-json\/wp\/v2\/posts\/590827\/revisions"}],"wp:featuredmedia":[{"embeddable":true,"href":"https:\/\/www.europesays.com\/it\/wp-json\/wp\/v2\/media\/590828"}],"wp:attachment":[{"href":"https:\/\/www.europesays.com\/it\/wp-json\/wp\/v2\/media?parent=590827"}],"wp:term":[{"taxonomy":"category","embeddable":true,"href":"https:\/\/www.europesays.com\/it\/wp-json\/wp\/v2\/categories?post=590827"},{"taxonomy":"post_tag","embeddable":true,"href":"https:\/\/www.europesays.com\/it\/wp-json\/wp\/v2\/tags?post=590827"}],"curies":[{"name":"wp","href":"https:\/\/api.w.org\/{rel}","templated":true}]}}