{"id":590833,"date":"2026-07-18T12:39:23","date_gmt":"2026-07-18T12:39:23","guid":{"rendered":"https:\/\/www.europesays.com\/it\/590833\/"},"modified":"2026-07-18T12:39:23","modified_gmt":"2026-07-18T12:39:23","slug":"messi-e-la-foto-con-yamal-neonato-una-follia-incredibile-ora-giocarci-contro-un-mondiale","status":"publish","type":"post","link":"https:\/\/www.europesays.com\/it\/590833\/","title":{"rendered":"Messi e la foto con Yamal neonato: \u00abUna follia, incredibile ora giocarci contro un Mondiale\u00bb"},"content":{"rendered":"<p>    di<br \/>\n    Redazione Sport<\/p>\n<p class=\"summary-art is-line-h-12\">Alla vigilia della finale contro la Spagna, Messi ricorda lo scatto del 2007 con Yamal appena nato: diciannove anni dopo i due si sfidano per il titolo mondiale. \u00abUna locura\u00bb, il commento del capitano sudamericano<\/p>\n<p class=\"chapter-paragraph\">\u00abLa verit\u00e0 \u00e8 che <a href=\"https:\/\/www.corriere.it\/sport\/calcio\/24_luglio_08\/messi-yamal-foto-a4013ab3-91e9-45ca-b1af-85cc421aaxlk.shtml\" title=\"Messi con Yamal beb\u00e8: le foto per l&#039;Unicef fanno il giro del mondo\" target=\"_blank\" rel=\"nofollow noopener\">quella fotografia \u00e8 una locura, una follia<\/a>. Ho scattato una foto con lui quando era un bambino e <a href=\"https:\/\/www.corriere.it\/sport\/calcio\/mondiali\/partita\/spagna-argentina\/2608362\/\" title=\"Spagna-Argentina, finale dei Mondiali 2026: le statistiche\" target=\"_blank\" rel=\"nofollow noopener\">ora ci ritroviamo ad affrontarci in una finale del Mondiale<\/a>\u00bb. Lionel Messi racconta cos\u00ec la sfida generazionale con Lamine Yamal, alla vigilia della <a href=\"https:\/\/www.corriere.it\/sport\/calcio\/mondiali\/26_luglio_18\/trump-finale-mondiale-commento-cazzullo-dc2ac6af-f433-416a-9754-7964b1d43xlk.shtml\" title=\"L&#039;incubo di Trump: consegnare la coppa alla Spagna. E dir\u00e0 che il Mondiale \u00e8 tutto merito suo e Infantino far\u00e0 di s\u00ec con la testa\" target=\"_blank\" rel=\"nofollow noopener\">finale dei Mondiali 2026 tra Argentina e Spagna<\/a>, in programma domani.<\/p>\n<p class=\"chapter-paragraph\"><a href=\"https:\/\/www.corriere.it\/sport\/calcio\/mondiali\/26_luglio_17\/yamal-messi-spagna-argentina-finale-due-mondi-e8d0862e-fad5-4c83-aac4-21179156cxlk.shtml\" title=\"\u00abEgo Yamal\u00bb contro l&#039;ex \u00abEnano\u00bb Messi: Spagna-Argentina \u00e8 la finale dei due mondi\" target=\"_blank\" rel=\"nofollow noopener\">Il fuoriclasse sudamericano ha parlato del talento delle Furie Rosse<\/a>\u00a0durante un panel organizzato a New York, che ha riunito capitani e commissari tecnici delle due finaliste, <b>condotto da Tom Brady, Rio Ferdinand, Novak Djokovic e Kevin Durant<\/b>. Il riferimento \u00e8 alla celebre fotografia del 2007 che ritrae il neonato Yamal insieme a Messi, diventata virale nel 2024 alla vigilia della sfida per il titolo europeo tra le due nazionali e oggi tornata d&#8217;attualit\u00e0.    &#13;<br \/>\n&#13;<br \/>\n&#13;<br \/>\n&#13;<br \/>\n&#13;<br \/>\n&#13;<br \/>\n&#13;<br \/>\n&#13;<br \/>\n&#13;<br \/>\n&#13;<br \/>\n&#13;<br \/>\n&#13;<br \/>\n&#13;<br \/>\n&#13;<br \/>\n&#13;<br \/>\n&#13;<br \/>\n&#13;<br \/>\n&#13;<br \/>\n&#13;<br \/>\n&#13;<br \/>\n&#13;<br \/>\n&#13;<br \/>\n&#13;<br \/>\n&#13;<br \/>\n&#13;<br \/>\n&#13;<br \/>\n&#13;<br \/>\n&#13;<br \/>\n&#13;<br \/>\n&#13;<br \/>\n&#13;<br \/>\n&#13;<br \/>\n&#13;<br \/>\n&#13;<br \/>\n&#13;<br \/>\n&#13;<br \/>\n&#13;<br \/>\n&#13;<br \/>\n&#13;<br \/>\n&#13;<br \/>\n&#13;<br \/>\n&#13;<br \/>\n&#13;<br \/>\n&#13;<br \/>\n&#13;<br \/>\n&#13;<br \/>\n&#13;<br \/>\n&#13;<br \/>\n&#13;<br \/>\n&#13;<br \/>\n&#13;<br \/>\n&#13;<br \/>\n&#13;\n<\/p>\n<p class=\"chapter-paragraph\">Lo scatto, come raccontato all&#8217;epoca dallo stesso quotidiano che lo realizz\u00f2, nacque da <b>un calendario benefico organizzato nel 2007 dal giornale spagnolo \u00abSport\u00bb<\/b> insieme a <b>Unicef<\/b>, allora sponsor di maglia del Barcellona. <b>La famiglia di Yamal<\/b>, residente nel quartiere di Rocafonda a Matar\u00f3, <b>fu sorteggiata <\/b>tra i nuclei familiari che avevano avuto contatti assistenziali con l&#8217;organismo dell&#8217;Onu, e <b>port\u00f2 il piccolo Lamine, nato a luglio di quell&#8217;anno, al Camp Nou<\/b> per le foto: fu, ovviamente, la sua prima volta nello stadio che poi lo avrebbe visto protagonista precoce.<\/p>\n<p>        <img decoding=\"async\" class=\"is_full_image\" loading=\"lazy\" alt=\"Messi con Yamal beb\u00e8: le foto per l'Unicef fanno il giro del mondo\" src=\"https:\/\/www.europesays.com\/it\/wp-content\/uploads\/2026\/07\/668e3b4f818d9.jpeg\" data-full-src=\"https:\/\/www.europesays.com\/it\/wp-content\/uploads\/2026\/07\/668e3b4f818d9.jpeg\"\/><\/p>\n<p class=\"chapter-paragraph\">Un&#8217;immagine che oggi assume un significato ancora pi\u00f9 speciale: <b>19 anni dopo quello scatto, i due si ritroveranno uno contro l&#8217;altro <\/b>nella partita pi\u00f9 importante del calcio mondiale. <b>\u00abLamine \u00e8 un giocatore straordinario, che ho seguito molto da vicino perch\u00e9 gioca in un club che amo<\/b> e a cui auguro sempre il meglio. A 19 anni \u00e8 gi\u00e0 un riferimento mondiale e ha tutta la carriera davanti a s\u00e9. Ha una grande opportunit\u00e0 di realizzare qualcosa di storico, ma noi daremo il massimo affinch\u00e9 non accada questa volta. Gli auguro tutto il meglio. \u00c8 uno dei migliori giocatori del mondo in questo momento\u00bb, ha aggiunto il capitano argentino.<\/p>\n<p class=\"chapter-paragraph\">Messi ha poi parlato della pressione in vista della finale: \u00abCercheremo di fare una grande partita affinch\u00e9 non riesca a mostrare la sua miglior versione. Sappiamo che sar\u00e0 difficile, ma ci proveremo. Anche la Spagna ha giocatori di enorme qualit\u00e0 e gioca un ottimo calcio. Anche noi abbiamo le nostre armi\u00bb.<\/p>\n<p>        <img decoding=\"async\" class=\"is_full_image\" loading=\"lazy\" alt=\"Messi con Yamal beb\u00e8: le foto per l'Unicef fanno il giro del mondo\" src=\"https:\/\/www.europesays.com\/it\/wp-content\/uploads\/2026\/07\/668e3b06a6253.jpeg\" data-full-src=\"https:\/\/www.europesays.com\/it\/wp-content\/uploads\/2026\/07\/668e3b06a6253.jpeg\"\/><\/p>\n<p class=\"is-last-update\" datetime=\"2026-07-18T12:46:23+02:00\">18 luglio 2026 ( modifica il 18 luglio 2026 | 12:46)<\/p>\n<p class=\"is-copyright\">\n            \u00a9 RIPRODUZIONE RISERVATA\n        <\/p>\n","protected":false},"excerpt":{"rendered":"di Redazione Sport Alla vigilia della finale contro la Spagna, Messi ricorda lo scatto del 2007 con Yamal&hellip;\n","protected":false},"author":3,"featured_media":590834,"comment_status":"","ping_status":"","sticky":false,"template":"","format":"standard","meta":{"footnotes":"","_share_on_mastodon":"0"},"categories":[176],"tags":[7953,6589,721,8230,1426,5378,228,4663,5360,3412,1537,90,89,50737,48091,59,1353,2737,15991,42160,66,1290,10226,21876,3461,6059,245,244,6524,53637],"class_list":["post-590833","post","type-post","status-publish","format-standard","has-post-thumbnail","category-sport","tag-affinche","tag-auguro","tag-calcio","tag-capitano","tag-finale","tag-follia","tag-foto","tag-fotografia","tag-gioca","tag-giocatori","tag-it","tag-italia","tag-italy","tag-lamine","tag-locura","tag-messi","tag-mondiale","tag-nato","tag-neonato","tag-organizzato","tag-parlato","tag-partita","tag-riferimento","tag-scatto","tag-sfida","tag-spagna","tag-sport","tag-sports","tag-vigilia","tag-yamal"],"share_on_mastodon":{"url":"https:\/\/pubeurope.com\/@it\/116941027972763076","error":""},"_links":{"self":[{"href":"https:\/\/www.europesays.com\/it\/wp-json\/wp\/v2\/posts\/590833","targetHints":{"allow":["GET"]}}],"collection":[{"href":"https:\/\/www.europesays.com\/it\/wp-json\/wp\/v2\/posts"}],"about":[{"href":"https:\/\/www.europesays.com\/it\/wp-json\/wp\/v2\/types\/post"}],"author":[{"embeddable":true,"href":"https:\/\/www.europesays.com\/it\/wp-json\/wp\/v2\/users\/3"}],"replies":[{"embeddable":true,"href":"https:\/\/www.europesays.com\/it\/wp-json\/wp\/v2\/comments?post=590833"}],"version-history":[{"count":0,"href":"https:\/\/www.europesays.com\/it\/wp-json\/wp\/v2\/posts\/590833\/revisions"}],"wp:featuredmedia":[{"embeddable":true,"href":"https:\/\/www.europesays.com\/it\/wp-json\/wp\/v2\/media\/590834"}],"wp:attachment":[{"href":"https:\/\/www.europesays.com\/it\/wp-json\/wp\/v2\/media?parent=590833"}],"wp:term":[{"taxonomy":"category","embeddable":true,"href":"https:\/\/www.europesays.com\/it\/wp-json\/wp\/v2\/categories?post=590833"},{"taxonomy":"post_tag","embeddable":true,"href":"https:\/\/www.europesays.com\/it\/wp-json\/wp\/v2\/tags?post=590833"}],"curies":[{"name":"wp","href":"https:\/\/api.w.org\/{rel}","templated":true}]}}